{"id":136332,"date":"2021-06-15T16:09:05","date_gmt":"2021-06-15T14:09:05","guid":{"rendered":"https:\/\/gazdasagportal.hu\/?p=136332"},"modified":"2021-06-15T14:10:10","modified_gmt":"2021-06-15T12:10:10","slug":"biden-az-egyesult-allamok-visszater-es-megujitja-kivalo-kapcsolatait-az-eu-val-es-a-nato-val","status":"publish","type":"post","link":"https:\/\/gazdasagportal.hu\/index.php\/biden-az-egyesult-allamok-visszater-es-megujitja-kivalo-kapcsolatait-az-eu-val-es-a-nato-val\/","title":{"rendered":"Biden: az Egyes\u00fclt \u00c1llamok visszat\u00e9r \u00e9s meg\u00faj\u00edtja kiv\u00e1l\u00f3 kapcsolatait az EU-val \u00e9s a NATO-val"},"content":{"rendered":"<p><strong>Az Egyes\u00fclt \u00c1llamok visszat\u00e9r, \u00e9s meg\u00faj\u00edtja kiv\u00e1l\u00f3 kapcsolatait az Eur\u00f3pai Uni\u00f3val \u00e9s a NATO-val &#8211; jelentette ki Joe Biden amerikai eln\u00f6k kedden Br\u00fcsszelben.<\/strong><!--more--><\/p>\n<div class=\"ads-in-post1\"><div id=\"gazdasagportal.hu_fullbanner_wideboard\"><\/div>\r\n<\/div>\n<p>    Joe Biden az Eur\u00f3pai Tan\u00e1cs \u00e9p\u00fclet\u00e9ben hangs\u00falyozta: Amerika visszat\u00e9rt, noha soha sem t\u00e1volodott el igaz\u00e1n. &#8222;Most \u00fajra kiv\u00e1l\u00f3 lehet\u0151s\u00e9geink vannak a szoros egy\u00fcttm\u0171k\u00f6d\u00e9sre az Eur\u00f3pai Uni\u00f3val \u00e9s a NATO-val&#8221; &#8211; mondta.<br \/>\n    &#8222;Amerika \u00e9rdeke az, hogy kiv\u00e1l\u00f3 kapcsolatai legyenek az EU-val a NATO-val, m\u00e1sk\u00e9nt, mint az el\u0151d\u00f6m idej\u00e9ben volt&#8221; &#8211; tette hozz\u00e1 az amerikai eln\u00f6k.<br \/>\n    Charles Michel, az uni\u00f3s tag\u00e1llamok \u00e1llam-, illetve korm\u00e1nyf\u0151ib\u0151l \u00e1ll\u00f3 Eur\u00f3pai Tan\u00e1cs eln\u00f6ke azt hangoztatta: Amerika visszat\u00e9rt a nemzetk\u00f6zi porondra. &#8222;Ez j\u00f3 h\u00edr a sz\u00f6vets\u00e9geseknek \u00e9s az eg\u00e9sz vil\u00e1g sz\u00e1m\u00e1ra&#8221; &#8211; mondta.<br \/>\n    Al\u00e1h\u00fazta, v\u00e1rakoz\u00e1ssal tekint a sz\u00e1mos fontos kih\u00edv\u00e1s megold\u00e1s\u00e1t c\u00e9lz\u00f3 k\u00f6z\u00f6s munk\u00e1ra az Egyes\u00fclt \u00c1llamokkal. Twitter-\u00fczenet\u00e9ben kijelentette: az EU \u00e9s az Egyes\u00fclt \u00c1llamok k\u00f6z\u00f6tti partners\u00e9g meg\u00fajul, \u00e9s er\u0151sebb\u00e9 v\u00e1lik, mint valaha.<br \/>\n<div class=\"ads-in-post2\"><script async src=\"https:\/\/pagead2.googlesyndication.com\/pagead\/js\/adsbygoogle.js\"><\/script>\r\n<ins class=\"adsbygoogle\"\r\n     style=\"display:block\"\r\n     data-ad-format=\"fluid\"\r\n     data-ad-layout-key=\"-6t+ed+2i-1n-4w\"\r\n     data-ad-client=\"ca-pub-1959107119989764\"\r\n     data-ad-slot=\"4008251320\"><\/ins>\r\n<script>\r\n     (adsbygoogle = window.adsbygoogle || []).push({});\r\n<\/script><\/div>\n    &#8222;Ma meg\u00faj\u00edtjuk partners\u00e9g\u00fcnket, ami a j\u00f6v\u0151beni j\u00f3l\u00e9t\u00fcnkbe \u00e9s biztons\u00e1gunkba val\u00f3 befektet\u00e9st jelenti&#8221; &#8211; fogalmazott.<br \/>\n    Ursula von der Leyen, az Eur\u00f3pai Bizotts\u00e1g eln\u00f6ke kijelentette: az, hogy Biden a mand\u00e1tuma ilyen korai szakasz\u00e1ban Br\u00fcsszelbe l\u00e1togat, szem\u00e9lyes elk\u00f6telezetts\u00e9g\u00e9t mutatja Eur\u00f3pa ir\u00e1nt. Ezt Eur\u00f3pa nagyra \u00e9rt\u00e9keli &#8211; k\u00f6z\u00f6lte. Azt mondta, a megel\u0151z\u0151 n\u00e9gy \u00e9v nem volt k\u00f6nny\u0171, a vil\u00e1g dr\u00e1maian v\u00e1ltozott, ahogy Eur\u00f3pa is, de az EU meg szeretn\u00e9 er\u0151s\u00edteni bar\u00e1ts\u00e1g\u00e1t \u00e9s sz\u00f6vets\u00e9g\u00e9t Washingtonnal &#8211; tette hozz\u00e1 Ursula von der Leyen.<br \/>\n    Biden a br\u00fcsszeli programja keret\u00e9ben kedden tal\u00e1lkozott F\u00fcl\u00f6p belga kir\u00e1llyal, a l\u00e1togat\u00e1son r\u00e9szt vett Alexander De Croo belga minisztereln\u00f6k, Sophie Wilmes belga, \u00e9s Antoni Blinken amerikai k\u00fcl\u00fcgyminiszter is.<br \/>\n    A belga minisztereln\u00f6k a Twitter-oldal\u00e1n k\u00f6z\u00f6lte: Belgium \u00e9s az Egyes\u00fclt \u00c1llamok hossz\u00fa, bar\u00e1ti \u00e9s gazdas\u00e1gi kapcsolatokkal teljes m\u00faltra tekint vissza.<br \/>\n<div class=\"ads-in-post2\"><script async src=\"https:\/\/pagead2.googlesyndication.com\/pagead\/js\/adsbygoogle.js\"><\/script>\r\n<ins class=\"adsbygoogle\"\r\n     style=\"display:block\"\r\n     data-ad-format=\"fluid\"\r\n     data-ad-layout-key=\"-6t+ed+2i-1n-4w\"\r\n     data-ad-client=\"ca-pub-1959107119989764\"\r\n     data-ad-slot=\"4008251320\"><\/ins>\r\n<script>\r\n     (adsbygoogle = window.adsbygoogle || []).push({});\r\n<\/script><\/div>\n &#8222;Lelkesen fogadjuk el Biden eln\u00f6k kiny\u00fajtott kez\u00e9t, hogy a koronav\u00edrus-j\u00e1rv\u00e1ny ut\u00e1n rugalmasabb vil\u00e1got \u00e9p\u00edts\u00fcnk k\u00f6z\u00f6sen, amely a k\u00f6lcs\u00f6n\u00f6s tiszteleten, szabads\u00e1gon \u00e9s fenntarthat\u00f3 gazdas\u00e1gi n\u00f6veked\u00e9sen alapul&#8221; &#8211; fogalmazott De Croo.<br \/>\n    Sophie Wilmes az \u00fczenet\u00e9ben al\u00e1h\u00fazta: a tal\u00e1lkoz\u00f3 szeml\u00e9lteti Belgium \u00e9s az Egyes\u00fclt \u00c1llamok mint sz\u00f6vets\u00e9gesek, partnerek \u00e9s bar\u00e1tok kiv\u00e1l\u00f3 kapcsolatait.<br \/>\n    Joe Biden amerikai eln\u00f6k k\u00e9tnapos l\u00e1togat\u00e1sra \u00e9rkezett Br\u00fcsszelbe, ahol h\u00e9tf\u0151n r\u00e9szt vett a NATO cs\u00facs\u00e9rtekezlet\u00e9n, kedden a belga kir\u00e1llyal folytatott megbesz\u00e9l\u00e9s\u00e9t k\u00f6vet\u0151en az Eur\u00f3pai Uni\u00f3 int\u00e9zm\u00e9nyeinek vezet\u0151ivel t\u00e1rgyal.(MTI)<\/p>\n","protected":false},"excerpt":{"rendered":"<p>Az Egyes\u00fclt \u00c1llamok visszat\u00e9r, \u00e9s meg\u00faj\u00edtja kiv\u00e1l\u00f3 kapcsolatait az Eur\u00f3pai Uni\u00f3val \u00e9s a NATO-val &#8211; jelentette ki Joe Biden amerikai eln\u00f6k kedden Br\u00fcsszelben.<\/p>\n","protected":false},"author":1001005,"featured_media":0,"comment_status":"open","ping_status":"open","sticky":false,"template":"","format":"standard","meta":[],"categories":[19,246],"tags":[],"_links":{"self":[{"href":"https:\/\/gazdasagportal.hu\/index.php\/wp-json\/wp\/v2\/posts\/136332"}],"collection":[{"href":"https:\/\/gazdasagportal.hu\/index.php\/wp-json\/wp\/v2\/posts"}],"about":[{"href":"https:\/\/gazdasagportal.hu\/index.php\/wp-json\/wp\/v2\/types\/post"}],"author":[{"embeddable":true,"href":"https:\/\/gazdasagportal.hu\/index.php\/wp-json\/wp\/v2\/users\/1001005"}],"replies":[{"embeddable":true,"href":"https:\/\/gazdasagportal.hu\/index.php\/wp-json\/wp\/v2\/comments?post=136332"}],"version-history":[{"count":1,"href":"https:\/\/gazdasagportal.hu\/index.php\/wp-json\/wp\/v2\/posts\/136332\/revisions"}],"predecessor-version":[{"id":136333,"href":"https:\/\/gazdasagportal.hu\/index.php\/wp-json\/wp\/v2\/posts\/136332\/revisions\/136333"}],"wp:attachment":[{"href":"https:\/\/gazdasagportal.hu\/index.php\/wp-json\/wp\/v2\/media?parent=136332"}],"wp:term":[{"taxonomy":"category","embeddable":true,"href":"https:\/\/gazdasagportal.hu\/index.php\/wp-json\/wp\/v2\/categories?post=136332"},{"taxonomy":"post_tag","embeddable":true,"href":"https:\/\/gazdasagportal.hu\/index.php\/wp-json\/wp\/v2\/tags?post=136332"}],"curies":[{"name":"wp","href":"https:\/\/api.w.org\/{rel}","templated":true}]}}