{"id":136330,"date":"2021-06-15T15:07:30","date_gmt":"2021-06-15T13:07:30","guid":{"rendered":"https:\/\/gazdasagportal.hu\/?p=136330"},"modified":"2021-06-15T14:08:59","modified_gmt":"2021-06-15T12:08:59","slug":"ukrajna-nem-fogadja-el-hataratlepeskor-a-szputnyik-v-vakcinaval-beoltottak-oltasi-igazolasat","status":"publish","type":"post","link":"https:\/\/gazdasagportal.hu\/index.php\/ukrajna-nem-fogadja-el-hataratlepeskor-a-szputnyik-v-vakcinaval-beoltottak-oltasi-igazolasat\/","title":{"rendered":"Ukrajna nem fogadja el hat\u00e1r\u00e1tl\u00e9p\u00e9skor a Szputnyik V vakcin\u00e1val beoltott\u00e1k olt\u00e1si igazol\u00e1s\u00e1t"},"content":{"rendered":"<p><strong>Ukrajna nem engedi be az orsz\u00e1gba azokat, akik az olt\u00e1si dokumentumuk szerint az orosz Szputnyik V vakcin\u00e1t vett\u00e9k fel a koronav\u00edrus ellen, mivel az Eg\u00e9szs\u00e9g\u00fcgyi Vil\u00e1gszervezet (WHO) \u00e9s Ukrajna ezt az olt\u00f3anyagot nem ismeri el &#8211; k\u00f6z\u00f6lte kedden Valentin Melnik, a kijevi Boriszpil-1 nemzetk\u00f6zi rep\u00fcl\u0151t\u00e9r hat\u00e1r\u0151rszolg\u00e1lat\u00e1nak helyettes vezet\u0151je.<\/strong><!--more--><\/p>\n<div class=\"ads-in-post2\"><script async src=\"https:\/\/pagead2.googlesyndication.com\/pagead\/js\/adsbygoogle.js\"><\/script>\r\n<ins class=\"adsbygoogle\"\r\n     style=\"display:block\"\r\n     data-ad-format=\"fluid\"\r\n     data-ad-layout-key=\"-6t+ed+2i-1n-4w\"\r\n     data-ad-client=\"ca-pub-1959107119989764\"\r\n     data-ad-slot=\"4008251320\"><\/ins>\r\n<script>\r\n     (adsbygoogle = window.adsbygoogle || []).push({});\r\n<\/script><\/div>\n<p>    A tiszts\u00e9gvisel\u0151 a rept\u00e9ren tartott sajt\u00f3t\u00e1j\u00e9koztat\u00f3n kijelentette, hogy mivel a WHO nem ismeri el ezt a vakcin\u00e1t, \u00edgy Ukrajna sem. Ez\u00e9rt ha egy k\u00fclf\u00f6ldi \u00e1llampolg\u00e1rt Szputnyik V-vel oltottak be, sz\u00fcks\u00e9ge van 72 \u00f3r\u00e1n\u00e1l nem r\u00e9gebbi negat\u00edv PCR- vagy antitesttesztre is, ennek hi\u00e1ny\u00e1ban megtagadj\u00e1k t\u0151le a bel\u00e9p\u00e9st, az ukr\u00e1n \u00e1llampolg\u00e1roknak pedig h\u00e1zi karant\u00e9nba kell vonulniuk.<br \/>\n    Hozz\u00e1tette, hogy ez nem vonatkozik azokra, akik \u00e1tsz\u00e1ll\u00e1ssal rep\u00fclnek m\u00e1s orsz\u00e1gba, mivel \u0151k nem esnek \u00e1t ukr\u00e1n ter\u00fcleten \u00fatlev\u00e9l-ellen\u0151rz\u00e9sen, hanem automatikusan \u00e1tmennek az \u00e1tsz\u00e1ll\u00e1si z\u00f3n\u00e1ba, ahonnan elhagyj\u00e1k az orsz\u00e1got.<br \/>\n    Ukrajn\u00e1ban az elm\u00falt napban 1014 \u00faj esettel 2 224 992-re n\u0151tt az azonos\u00edtott fert\u0151z\u00f6ttek sz\u00e1ma. A n\u00f6vekm\u00e9ny csaknem hatsz\u00e1zzal t\u00f6bb a megel\u0151z\u0151 napi\u00e9n\u00e1l. Az elhunytak sz\u00e1ma 77-tel 51 769-re emelkedett, m\u00edg a megel\u0151z\u0151 napon sz\u00e1muk csup\u00e1n 13 volt. Eddig 2 136 176-an gy\u00f3gyultak meg, k\u00f6z\u00fcl\u00fck az elm\u00falt napban t\u00f6bb mint 5,5 ezren, az akt\u00edv betegek sz\u00e1ma \u00edgy tov\u00e1bb cs\u00f6kkent t\u00f6bb mint 4,5 ezerrel, 37 047-re.<br \/>\n<div class=\"ads-in-post2\"><script async src=\"https:\/\/pagead2.googlesyndication.com\/pagead\/js\/adsbygoogle.js\"><\/script>\r\n<ins class=\"adsbygoogle\"\r\n     style=\"display:block\"\r\n     data-ad-format=\"fluid\"\r\n     data-ad-layout-key=\"-6t+ed+2i-1n-4w\"\r\n     data-ad-client=\"ca-pub-1959107119989764\"\r\n     data-ad-slot=\"4008251320\"><\/ins>\r\n<script>\r\n     (adsbygoogle = window.adsbygoogle || []).push({});\r\n<\/script><\/div>\n K\u00f3rh\u00e1zba 401 koronav\u00edrusos, illetve fert\u0151z\u00e9sgyan\u00fas beteg ker\u00fclt, csaknem ugyanannyi, mint a megel\u0151z\u0151 napon, amikor sz\u00e1muk 464 volt.<br \/>\n    A legt\u00f6bb \u00faj beteget, 243-at megint az orsz\u00e1g legfert\u0151z\u00f6ttebb ter\u00fclet\u00e9nek sz\u00e1m\u00edt\u00f3 f\u0151v\u00e1rosban, Kijevben jegyezt\u00e9k fel.(MTI)<\/p>\n","protected":false},"excerpt":{"rendered":"<p>Ukrajna nem engedi be az orsz\u00e1gba azokat, akik az olt\u00e1si dokumentumuk szerint az orosz Szputnyik V vakcin\u00e1t vett\u00e9k fel a koronav\u00edrus ellen, mivel az Eg\u00e9szs\u00e9g\u00fcgyi Vil\u00e1gszervezet (WHO) \u00e9s Ukrajna ezt az olt\u00f3anyagot nem ismeri el &#8211; k\u00f6z\u00f6lte kedden Valentin Melnik, a kijevi Boriszpil-1 nemzetk\u00f6zi rep\u00fcl\u0151t\u00e9r hat\u00e1r\u0151rszolg\u00e1lat\u00e1nak helyettes vezet\u0151je.<\/p>\n","protected":false},"author":1001005,"featured_media":0,"comment_status":"open","ping_status":"open","sticky":false,"template":"","format":"standard","meta":[],"categories":[427],"tags":[],"_links":{"self":[{"href":"https:\/\/gazdasagportal.hu\/index.php\/wp-json\/wp\/v2\/posts\/136330"}],"collection":[{"href":"https:\/\/gazdasagportal.hu\/index.php\/wp-json\/wp\/v2\/posts"}],"about":[{"href":"https:\/\/gazdasagportal.hu\/index.php\/wp-json\/wp\/v2\/types\/post"}],"author":[{"embeddable":true,"href":"https:\/\/gazdasagportal.hu\/index.php\/wp-json\/wp\/v2\/users\/1001005"}],"replies":[{"embeddable":true,"href":"https:\/\/gazdasagportal.hu\/index.php\/wp-json\/wp\/v2\/comments?post=136330"}],"version-history":[{"count":1,"href":"https:\/\/gazdasagportal.hu\/index.php\/wp-json\/wp\/v2\/posts\/136330\/revisions"}],"predecessor-version":[{"id":136331,"href":"https:\/\/gazdasagportal.hu\/index.php\/wp-json\/wp\/v2\/posts\/136330\/revisions\/136331"}],"wp:attachment":[{"href":"https:\/\/gazdasagportal.hu\/index.php\/wp-json\/wp\/v2\/media?parent=136330"}],"wp:term":[{"taxonomy":"category","embeddable":true,"href":"https:\/\/gazdasagportal.hu\/index.php\/wp-json\/wp\/v2\/categories?post=136330"},{"taxonomy":"post_tag","embeddable":true,"href":"https:\/\/gazdasagportal.hu\/index.php\/wp-json\/wp\/v2\/tags?post=136330"}],"curies":[{"name":"wp","href":"https:\/\/api.w.org\/{rel}","templated":true}]}}