{"id":13632,"date":"2013-08-12T10:05:08","date_gmt":"2013-08-12T08:05:08","guid":{"rendered":"http:\/\/stockportal.hu\/?p=13632"},"modified":"2013-08-12T10:52:30","modified_gmt":"2013-08-12T08:52:30","slug":"magyarorszagnak-nincs-tobbe-tartozasa-az-imf-fele","status":"publish","type":"post","link":"https:\/\/gazdasagportal.hu\/index.php\/magyarorszagnak-nincs-tobbe-tartozasa-az-imf-fele\/","title":{"rendered":"V\u00e9ge az &#8222;olcs\u00f3&#8221; IMF hitelnek: Magyarorsz\u00e1g nem tartozik az IMF-nek"},"content":{"rendered":"<p><strong>Az \u00c1llamad\u00f3ss\u00e1g Kezel\u0151 K\u00f6zpont (\u00c1KK) h\u00e9tf\u0151n \u00e1tutalta az IMF-hitel m\u00e9g fennmaradt r\u00e9sz\u00e9t &#8211; k\u00f6z\u00f6lte a Nemzetgazdas\u00e1gi Miniszt\u00e9rium az MTI-vel. A 2,2 milli\u00e1rd eur\u00f3 \u00e9rt\u00e9k\u0171 tartoz\u00e1st 3 devizanemben, doll\u00e1rban, eur\u00f3ban \u00e9s angol fontban fizette ki a magyar \u00e1llam.<!--more--><\/strong><\/p>\n<p>Az el\u0151t\u00f6rleszt\u00e9ssel mintegy 3,5 milli\u00e1rd forint kamatk\u00f6lts\u00e9get takar\u00edtott meg az orsz\u00e1g &#8211; jegyzi meg a t\u00e1rca.<br \/>\nAz \u00c1KK v\u00e9gt\u00f6rleszt\u00e9shez 1,1 milli\u00e1rd doll\u00e1rt, 500 milli\u00f3 eur\u00f3t \u00e9s 260 milli\u00f3 fontot utalt \u00e1t, amelyre a rendelkez\u00e9sre \u00e1ll\u00f3 fedezet az IMF-hitel fel nem haszn\u00e1lt r\u00e9sze, a febru\u00e1ri doll\u00e1rk\u00f6tv\u00e9ny kibocs\u00e1t\u00e1s \u00e9s a Pr\u00e9mium Eur\u00f3 Magyar \u00c1llamk\u00f6tv\u00e9nyb\u0151l befolyt \u00f6sszeg ny\u00fajtott, \u00edgy p\u00f3tl\u00f3lagos k\u00f6tv\u00e9nykibocs\u00e1t\u00e1sra nem volt sz\u00fcks\u00e9g &#8211; hangs\u00falyozta az NGM.<br \/>\nA v\u00e9gt\u00f6rlesztett \u00f6sszegb\u0151l 1,8 milli\u00e1rd eur\u00f3 2013-ban, mintegy 300 milli\u00f3 eur\u00f3 pedig 2014 els\u0151 negyed\u00e9v\u00e9ben, a fennmarad\u00f3 minim\u00e1lis \u00f6sszeg 2014. harmadik negyed\u00e9v\u00e9ig j\u00e1rt volna le. A kor\u00e1bbi k\u00f6tv\u00e9nykibocs\u00e1t\u00e1s tov\u00e1bb\u00e1 a hitelpiaci v\u00e1ls\u00e1g hat\u00e1s\u00e1ra ki\u00e9p\u00edtett korm\u00e1nyzati tartal\u00e9k egy\u00fcttes \u00f6sszege lehet\u0151v\u00e9 tette az IMF hitel teljes \u00f6sszeg\u00e9nek el\u0151t\u00f6rleszt\u00e9s\u00e9t &#8211; eml\u00e9keztetet az NGM.<br \/>\nA k\u00f6zlem\u00e9nyben Orb\u00e1n G\u00e1bor, a Nemzetgazdas\u00e1gi Miniszt\u00e9rium ad\u00f3- \u00e9s p\u00e9nz\u00fcgyek\u00e9rt felel\u0151s \u00e1llamtitk\u00e1ra a v\u00e9gt\u00f6rleszt\u00e9ssel kapcsolatban azt emelte ki: tavaly \u00e9s id\u00e9n is siker\u00fclt a piacr\u00f3l finansz\u00edrozni a k\u00f6lts\u00e9gvet\u00e9st, \u00edgy nincs sz\u00fcks\u00e9g finansz\u00edroz\u00e1si oldalr\u00f3l az IMF-re.<br \/>\nJelent\u0151s sikerk\u00e9nt \u00e9rt\u00e9kelte, hogy &#8222;a p\u00e9nz\u00fcgyi v\u00e1ls\u00e1g ellen\u00e9re a magyar korm\u00e1ny az elm\u00falt h\u00e1rom \u00e9vben el tudott id\u00e1ig jutni, t\u00f6rleszti a 2008-ban az el\u0151z\u0151 korm\u00e1ny \u00e1ltal felvett hitelt \u00e9s m\u00e9g jelent\u0151s tartal\u00e9kai is maradnak. Ez azt jelenti, helyes ir\u00e1nyba indultunk el&#8221; &#8211; fogalmazott.<br \/>\nAz el\u0151t\u00f6rleszt\u00e9shez rendelkez\u00e9sre \u00e1llt a fedezet, amelyet t\u00f6bb forr\u00e1sb\u00f3l biztos\u00edtott a t\u00e1rca oly m\u00f3don, hogy a k\u00f6lts\u00e9gvet\u00e9s sz\u00e1m\u00e1ra l\u00e9trehozott biztons\u00e1gi tartal\u00e9k megmaradt &#8211; h\u00fazza al\u00e1 az NGM k\u00f6zlem\u00e9nye.<br \/>\nA Nemzetk\u00f6zi Valutaalap (IMF) 2008. november elej\u00e9n hagyta j\u00f3v\u00e1 Magyarorsz\u00e1gnak a 12,3 milli\u00e1rd eur\u00f3s (15,7 milli\u00e1rd doll\u00e1ros) k\u00e9szenl\u00e9ti hitelkeretet, miut\u00e1n a nemzetk\u00f6zi p\u00e9nz\u00fcgyi v\u00e1ls\u00e1g k\u00f6zepette az orsz\u00e1g fizet\u0151k\u00e9pess\u00e9g\u00e9t vesz\u00e9lyeztet\u0151 spekul\u00e1ci\u00f3s nyom\u00e1s al\u00e1 ker\u00fclt a forint, \u00e9s a magyar korm\u00e1ny seg\u00edts\u00e9g\u00e9rt fordult az IMF-hez \u00e9s az EU-hoz.<br \/>\nA p\u00e9nz\u00fcgyi szervezet igazgat\u00f3s\u00e1ga az igazgat\u00f3s\u00e1gi \u00fcl\u00e9s ut\u00e1n kibocs\u00e1tott k\u00f6zlem\u00e9ny\u00e9ben r\u00f6gz\u00edtette: a hitelkeret azt a c\u00e9lt szolg\u00e1lja, hogy Magyarorsz\u00e1g el tudja ker\u00fclni &#8222;a p\u00e9nz\u00fcgyi piaci nyom\u00e1s elm\u00e9ly\u00fcl\u00e9s\u00e9t&#8221;.<br \/>\nAz IMF p\u00e1r nappal el\u0151bb jelentette be, hogy Magyarorsz\u00e1g \u00f6sszesen 25,1 milli\u00e1rd doll\u00e1ros gazdas\u00e1gi v\u00e9d\u0151h\u00e1l\u00f3t kap, 17 h\u00f3napig k\u00e9szenl\u00e9tben, azaz rendelkez\u00e9sre tartott hitelkeret form\u00e1j\u00e1ban, hogy kezelni tudja a p\u00e9nz\u00fcgyi v\u00e1ls\u00e1g k\u00f6vetkezm\u00e9nyeit. Az IMF\u00a0\u00a015,7 milli\u00e1rd doll\u00e1ros hitelkeretr\u0151l \u00e1llapodott meg Magyarorsz\u00e1ggal; az Eur\u00f3pai Uni\u00f3 tov\u00e1bbi 8,1 milli\u00e1rd, a Vil\u00e1gbank 1,3 milli\u00e1rd doll\u00e1r seg\u00edts\u00e9get volt k\u00e9sz ny\u00fajtani.<br \/>\nA ment\u0151csomag bejelent\u00e9se ut\u00e1n a forint \u00e1rfolyama stabiliz\u00e1l\u00f3dott, a hitelkeretet a magyar korm\u00e1ny csak r\u00e9szben haszn\u00e1lta fel, a vil\u00e1gbanki r\u00e9szt egy\u00e1ltal\u00e1n nem vette ig\u00e9nybe. Az utols\u00f3 r\u00e9szleteket az IMF-t\u0151l \u00e9s az EU-t\u00f3l 2009 nyar\u00e1n h\u00edvta le Magyarorsz\u00e1g.<br \/>\nA korm\u00e1nyok az\u00f3ta szerz\u0151d\u00e9s szerint t\u00f6rlesztett\u00e9k a r\u00e9szleteket.<br \/>\nAz el\u0151t\u00f6rleszt\u00e9s id\u00e9n ny\u00e1ron vet\u0151d\u00f6tt f\u00f6l. Varga Mih\u00e1ly nemzetgazdas\u00e1gi miniszter az MTI-nek j\u00falius els\u0151 fel\u00e9ben adott interj\u00faj\u00e1ban jelezte, hogy a korm\u00e1ny h\u00e1rom h\u00e9ten bel\u00fcl d\u00f6nthet arr\u00f3l, el\u0151re t\u00f6rlessz\u00e9k-e a valutaalapt\u00f3l 2008-ban kapott hitelt. Az \u00c1KK, az MNB \u00e9s a gazdas\u00e1gi t\u00e1rca munkat\u00e1rsai hozamsz\u00e1m\u00edt\u00e1sokat v\u00e9geznek, hogy mikor \u00e9ri meg jobban t\u00f6rleszteni, de &#8222;elvileg a k\u00f6lts\u00e9gvet\u00e9s poz\u00edci\u00f3ja, az MNB-n\u00e9l elhelyezett korm\u00e1nyzati tartal\u00e9k \u00f6sszege lehet\u0151v\u00e9 teszi&#8221;, hogy a 2014 m\u00e1rcius v\u00e9g\u00e9ig fenn\u00e1ll\u00f3 IMF-ad\u00f3ss\u00e1gr\u00e9szt ki tudjuk fizetni &#8211; k\u00f6z\u00f6lte akkor a t\u00e1rcavezet\u0151.<br \/>\nOrb\u00e1n Viktor minisztereln\u00f6k j\u00falius 27-\u00e9n a 24. B\u00e1lv\u00e1nyosi Ny\u00e1ri Szabadegyetemen \u00e9s Di\u00e1kt\u00e1borban, a sz\u00e9kelyf\u00f6ldi Tusn\u00e1df\u00fcrd\u0151n jelentette be, hogy az IMF-t\u0151l kor\u00e1bban felvett k\u00f6lcs\u00f6n v\u00e9gt\u00f6rleszt\u00e9s\u00e9re utas\u00edtotta Varga Mih\u00e1lyt.<br \/>\nVarga Mih\u00e1ly j\u00falius 25-\u00e9n lev\u00e9lben jelezte Reza Moghadamnak, a Nemzetk\u00f6zi Valutaalap igazgat\u00f3j\u00e1nak, hogy Magyarorsz\u00e1g m\u00e9g annak esed\u00e9kess\u00e9ge el\u0151tt, 2013. augusztus 12-\u00e9ig vissza k\u00edv\u00e1nja fizetni a 2008-ban felvett IMF-hitel\u00e9t.<br \/>\nAz NGM szerint a kedvez\u0151 piaci k\u00f6rnyezet \u00e9s a Magyarorsz\u00e1g ir\u00e1nti befektet\u0151i bizalom az ut\u00f3bbi \u00e9vek legkedvez\u0151bb hozamait \u00e9s &#8211; az orsz\u00e1gkock\u00e1zati meg\u00edt\u00e9l\u00e9st t\u00fckr\u00f6z\u0151 &#8211; legalacsonyabb \u00f6t\u00e9ves CDS-fel\u00e1r\u00e1t eredm\u00e9nyezte. A magyar \u00e1llam ennek k\u00f6vetkezt\u00e9ben kedvez\u0151 finansz\u00edroz\u00e1si felt\u00e9telek mellett jelent\u0151s bet\u00e9t\u00e1llom\u00e1nyt \u00e9p\u00edthetett fel. A magyar \u00e1llam (az MNB n\u00e9lk\u00fcl) 7,5 milli\u00e1rd eur\u00f3 \u00e9rt\u00e9k\u0171 hitelt h\u00edvott le a valutaalapt\u00f3l.<br \/>\nA Magyar Nemzeti Bank az igazgat\u00f3s\u00e1g d\u00f6nt\u00e9se alapj\u00e1n augusztus 6-\u00e1n teljes eg\u00e9sz\u00e9ben visszafizette a Nemzetk\u00f6zi Valutaalap (IMF) fel\u00e9 fenn\u00e1ll\u00f3 hitel\u00e9t. Az MNB fennmaradt IMF-hiteltartoz\u00e1sa\u00a0\u00a0632,25 milli\u00f3 SDR-t, mintegy 721 milli\u00f3 eur\u00f3t (216 milli\u00e1rd forint) volt.\u00a0\u00a0A hitelt 2009. j\u00fanius 25-\u00e9n vette fel az MNB a devizatartal\u00e9k n\u00f6vel\u00e9se c\u00e9lj\u00e1b\u00f3l 1264,5 milli\u00f3 SDR (mintegy 1443 milli\u00f3 eur\u00f3) \u00e9rt\u00e9kben. A hitel visszafizet\u00e9se 2012 szeptember\u00e9ben kezd\u0151d\u00f6tt el, az utols\u00f3 t\u00f6rleszt\u00e9s 2014. j\u00fanius\u00e1ban lett volna esed\u00e9kes.<br \/>\nBorb\u00e9ly L\u00e1szl\u00f3 Andr\u00e1s, az \u00c1llamad\u00f3ss\u00e1g Kezel\u0151 K\u00f6zpont (\u00c1KK) vez\u00e9rigazgat\u00f3-helyettese a m\u00falt h\u00e9ten a Gazdas\u00e1gi R\u00e1di\u00f3nak adott interj\u00faban azt k\u00f6z\u00f6lte, hogy\u00a0\u00a0a l\u00e9p\u00e9s r\u00f6vid t\u00e1von 2,2 sz\u00e1zal\u00e9kponttal cs\u00f6kkenti az \u00e1llamad\u00f3ss\u00e1g GDP-hez m\u00e9rt ar\u00e1ny\u00e1t. A GDP-ar\u00e1nyos ad\u00f3ss\u00e1g 82,4 sz\u00e1zal\u00e9k volt 2013 els\u0151 negyed\u00e9v\u00e9nek v\u00e9g\u00e9n..(MTI)<\/p>\n","protected":false},"excerpt":{"rendered":"<p>Az \u00c1llamad\u00f3ss\u00e1g Kezel\u0151 K\u00f6zpont (\u00c1KK) h\u00e9tf\u0151n \u00e1tutalta az IMF-hitel m\u00e9g fennmaradt r\u00e9sz\u00e9t &#8211; k\u00f6z\u00f6lte a Nemzetgazdas\u00e1gi Miniszt\u00e9rium az MTI-vel. A 2,2 milli\u00e1rd eur\u00f3 \u00e9rt\u00e9k\u0171 tartoz\u00e1st 3 devizanemben, doll\u00e1rban, eur\u00f3ban \u00e9s angol fontban fizette ki a magyar \u00e1llam.<\/p>\n","protected":false},"author":1,"featured_media":1750,"comment_status":"open","ping_status":"closed","sticky":false,"template":"","format":"standard","meta":[],"categories":[1,19],"tags":[],"_links":{"self":[{"href":"https:\/\/gazdasagportal.hu\/index.php\/wp-json\/wp\/v2\/posts\/13632"}],"collection":[{"href":"https:\/\/gazdasagportal.hu\/index.php\/wp-json\/wp\/v2\/posts"}],"about":[{"href":"https:\/\/gazdasagportal.hu\/index.php\/wp-json\/wp\/v2\/types\/post"}],"author":[{"embeddable":true,"href":"https:\/\/gazdasagportal.hu\/index.php\/wp-json\/wp\/v2\/users\/1"}],"replies":[{"embeddable":true,"href":"https:\/\/gazdasagportal.hu\/index.php\/wp-json\/wp\/v2\/comments?post=13632"}],"version-history":[{"count":7,"href":"https:\/\/gazdasagportal.hu\/index.php\/wp-json\/wp\/v2\/posts\/13632\/revisions"}],"predecessor-version":[{"id":13639,"href":"https:\/\/gazdasagportal.hu\/index.php\/wp-json\/wp\/v2\/posts\/13632\/revisions\/13639"}],"wp:featuredmedia":[{"embeddable":true,"href":"https:\/\/gazdasagportal.hu\/index.php\/wp-json\/wp\/v2\/media\/1750"}],"wp:attachment":[{"href":"https:\/\/gazdasagportal.hu\/index.php\/wp-json\/wp\/v2\/media?parent=13632"}],"wp:term":[{"taxonomy":"category","embeddable":true,"href":"https:\/\/gazdasagportal.hu\/index.php\/wp-json\/wp\/v2\/categories?post=13632"},{"taxonomy":"post_tag","embeddable":true,"href":"https:\/\/gazdasagportal.hu\/index.php\/wp-json\/wp\/v2\/tags?post=13632"}],"curies":[{"name":"wp","href":"https:\/\/api.w.org\/{rel}","templated":true}]}}