{"id":136312,"date":"2021-06-14T17:15:17","date_gmt":"2021-06-14T15:15:17","guid":{"rendered":"https:\/\/gazdasagportal.hu\/?p=136312"},"modified":"2021-06-14T17:15:17","modified_gmt":"2021-06-14T15:15:17","slug":"nyolchavi-melypontra-sullyedt-az-uj-fertozodesek-szama-nemetorszagban","status":"publish","type":"post","link":"https:\/\/gazdasagportal.hu\/index.php\/nyolchavi-melypontra-sullyedt-az-uj-fertozodesek-szama-nemetorszagban\/","title":{"rendered":"Nyolchavi m\u00e9lypontra s\u00fcllyedt az \u00faj fert\u0151z\u0151d\u00e9sek sz\u00e1ma N\u00e9metorsz\u00e1gban"},"content":{"rendered":"<p><strong>Nyolchavi m\u00e9lypontra, tavaly szeptember \u00f3ta a legalacsonyabbra s\u00fcllyedt a regisztr\u00e1lt koronav\u00edrus-fert\u0151z\u00e9sek napi sz\u00e1ma N\u00e9metorsz\u00e1gban a h\u00e9tf\u0151n k\u00f6z\u00f6lt adatok szerint.<\/strong><!--more--><\/p>\n<div class=\"ads-in-post2\"><script async src=\"https:\/\/pagead2.googlesyndication.com\/pagead\/js\/adsbygoogle.js\"><\/script>\r\n<ins class=\"adsbygoogle\"\r\n     style=\"display:block\"\r\n     data-ad-format=\"fluid\"\r\n     data-ad-layout-key=\"-6t+ed+2i-1n-4w\"\r\n     data-ad-client=\"ca-pub-1959107119989764\"\r\n     data-ad-slot=\"4008251320\"><\/ins>\r\n<script>\r\n     (adsbygoogle = window.adsbygoogle || []).push({});\r\n<\/script><\/div>\n<p>    A Robert Koch k\u00f6zeg\u00e9szs\u00e9g\u00fcgyi int\u00e9zet (RKI) \u00f6sszes\u00edt\u00e9se szerint az ut\u00f3bbi 24 \u00f3r\u00e1ban orsz\u00e1gszerte 549 ember szervezet\u00e9ben mutatt\u00e1k ki az \u00faj t\u00edpus\u00fa koronav\u00edrust (SARS-CoV-2). Ez a legalacsonyabb sz\u00e1m 2020. szeptember 21. \u00f3ta, amikor 922 fert\u0151z\u00e9st regisztr\u00e1ltak.<br \/>\n    Az egy h\u00e9ttel kor\u00e1bbi 1117-hez k\u00e9pest t\u00f6bb mint 50 sz\u00e1zal\u00e9kkal, az egy h\u00f3nappal kor\u00e1bbi 11 336-hoz k\u00e9pest csaknem 95 sz\u00e1zal\u00e9kkal cs\u00f6kkent a napi \u00faj regisztr\u00e1lt fert\u0151z\u0151d\u00e9sek sz\u00e1ma.<br \/>\n    A SARS-CoV-2 okozta betegs\u00e9ggel (Covid-19) \u00f6sszef\u00fcgg\u0151 hal\u00e1lesetek sz\u00e1ma is meredeken cs\u00f6kken, az ut\u00f3bbi 24 \u00f3r\u00e1ban 10 esetet jegyeztek fel, m\u00edg egy h\u00e9ttel kor\u00e1bban 22-t, egy h\u00f3nappal kor\u00e1bban 190-et.<br \/>\n    A j\u00e1rv\u00e1ny tavaly tavaszi kezdete \u00f3ta 3 715 518 fert\u0151z\u0151d\u00e9st \u00e9s 89 844 hal\u00e1lesetet regisztr\u00e1ltak.<br \/>\n    N\u00e9metorsz\u00e1gban m\u00e1jus eleje \u00f3ta gyeng\u00fcl a v\u00edrus Alfa nev\u0171, kor\u00e1bban britnek is nevezett, B.1.1.7-es jelz\u00e9s\u0171 v\u00e1ltozat\u00e1nak sz\u00e9tterjed\u00e9se r\u00e9v\u00e9n kibontakozott harmadik j\u00e1rv\u00e1nyhull\u00e1m, amely alacsonyabban tet\u0151z\u00f6tt, mint a kev\u00e9sb\u00e9 vesz\u00e9lyesnek tartott v\u00edrusvari\u00e1nsok \u00e1ltal okozott m\u00e1sodik hull\u00e1m.<br \/>\n<div class=\"ads-in-post2\"><script async src=\"https:\/\/pagead2.googlesyndication.com\/pagead\/js\/adsbygoogle.js\"><\/script>\r\n<ins class=\"adsbygoogle\"\r\n     style=\"display:block\"\r\n     data-ad-format=\"fluid\"\r\n     data-ad-layout-key=\"-6t+ed+2i-1n-4w\"\r\n     data-ad-client=\"ca-pub-1959107119989764\"\r\n     data-ad-slot=\"4008251320\"><\/ins>\r\n<script>\r\n     (adsbygoogle = window.adsbygoogle || []).push({});\r\n<\/script><\/div>\n    A korl\u00e1toz\u00e1sok nagy r\u00e9sz\u00e9t a legt\u00f6bb tartom\u00e1nyban m\u00e1r visszavont\u00e1k. A j\u00e1rv\u00e1nyhelyzet tov\u00e1bbi javul\u00e1s\u00e1val a maszkvisel\u00e9si szab\u00e1lyokat is fokozatosan kivezethetik majd &#8211; nyilatkozott h\u00e9tf\u0151n Jens Spahn sz\u00f6vets\u00e9gi eg\u00e9szs\u00e9g\u00fcgyi miniszter.<br \/>\n    A j\u00e1rv\u00e1ny enyh\u00fcl\u00e9se a SARS-CoV-2 terjed\u00e9s\u00e9t lass\u00edt\u00f3 korl\u00e1toz\u00e1sok \u00e9s szezon\u00e1lis id\u0151j\u00e1r\u00e1si hat\u00e1sok mellett az olt\u00e1si kamp\u00e1nynak tulajdon\u00edthat\u00f3.<br \/>\n    Naponta \u00e1tlagosan nagyj\u00e1b\u00f3l 800 ezer &#8211; m\u00e1sodpercenk\u00e9nt t\u00f6bb mint 9 &#8211; adag olt\u00e1st adnak be. Legal\u00e1bb egy adagot a lakoss\u00e1g 48,4 sz\u00e1zal\u00e9ka &#8211; 40 213 007 ember &#8211; kapott. Teljes olt\u00e1ssal a lakoss\u00e1g 26,2 sz\u00e1zal\u00e9ka &#8211; 21 812 429 &#8211; ember rendelkezik.(MTI)<\/p>\n","protected":false},"excerpt":{"rendered":"<p>Nyolchavi m\u00e9lypontra, tavaly szeptember \u00f3ta a legalacsonyabbra s\u00fcllyedt a regisztr\u00e1lt koronav\u00edrus-fert\u0151z\u00e9sek napi sz\u00e1ma N\u00e9metorsz\u00e1gban a h\u00e9tf\u0151n k\u00f6z\u00f6lt adatok szerint.<\/p>\n","protected":false},"author":1001006,"featured_media":0,"comment_status":"open","ping_status":"open","sticky":false,"template":"","format":"standard","meta":[],"categories":[427],"tags":[],"_links":{"self":[{"href":"https:\/\/gazdasagportal.hu\/index.php\/wp-json\/wp\/v2\/posts\/136312"}],"collection":[{"href":"https:\/\/gazdasagportal.hu\/index.php\/wp-json\/wp\/v2\/posts"}],"about":[{"href":"https:\/\/gazdasagportal.hu\/index.php\/wp-json\/wp\/v2\/types\/post"}],"author":[{"embeddable":true,"href":"https:\/\/gazdasagportal.hu\/index.php\/wp-json\/wp\/v2\/users\/1001006"}],"replies":[{"embeddable":true,"href":"https:\/\/gazdasagportal.hu\/index.php\/wp-json\/wp\/v2\/comments?post=136312"}],"version-history":[{"count":1,"href":"https:\/\/gazdasagportal.hu\/index.php\/wp-json\/wp\/v2\/posts\/136312\/revisions"}],"predecessor-version":[{"id":136313,"href":"https:\/\/gazdasagportal.hu\/index.php\/wp-json\/wp\/v2\/posts\/136312\/revisions\/136313"}],"wp:attachment":[{"href":"https:\/\/gazdasagportal.hu\/index.php\/wp-json\/wp\/v2\/media?parent=136312"}],"wp:term":[{"taxonomy":"category","embeddable":true,"href":"https:\/\/gazdasagportal.hu\/index.php\/wp-json\/wp\/v2\/categories?post=136312"},{"taxonomy":"post_tag","embeddable":true,"href":"https:\/\/gazdasagportal.hu\/index.php\/wp-json\/wp\/v2\/tags?post=136312"}],"curies":[{"name":"wp","href":"https:\/\/api.w.org\/{rel}","templated":true}]}}