{"id":136245,"date":"2021-06-11T08:24:20","date_gmt":"2021-06-11T06:24:20","guid":{"rendered":"https:\/\/gazdasagportal.hu\/?p=136245"},"modified":"2021-06-11T08:24:20","modified_gmt":"2021-06-11T06:24:20","slug":"tozsde-emelkedessel-nyithat-europa","status":"publish","type":"post","link":"https:\/\/gazdasagportal.hu\/index.php\/tozsde-emelkedessel-nyithat-europa\/","title":{"rendered":"T\u0151zsde &#8211; Emelked\u00e9ssel nyithat Eur\u00f3pa"},"content":{"rendered":"<p><strong>Emelked\u00e9ssel nyithatnak a f\u0151bb nyugat-eur\u00f3pai \u00e9rt\u00e9kt\u0151zsd\u00e9k p\u00e9nteken.<\/strong><!--more--><\/p>\n<div class=\"ads-in-post1\"><div id=\"gazdasagportal.hu_fullbanner_wideboard\"><\/div>\r\n<\/div>\n<p>    Az IG Market elemz\u0151i arra sz\u00e1m\u00edtanak, hogy a londoni FTSE-100 mutat\u00f3 12 ponttal, a frankfurti DAX-30 index 16 ponttal, a p\u00e1rizsi CAC-40 index pedig 7 ponttal k\u00faszhat feljebb a nyit\u00e1sban.<br \/>\n    Cs\u00fct\u00f6rt\u00f6k\u00f6n vegyesen z\u00e1rt Eur\u00f3pa, a figyelem az Eur\u00f3pai K\u00f6zponti Bank (EKB) korm\u00e1nyz\u00f3tan\u00e1cs\u00e1nak \u00fcl\u00e9s\u00e9re \u00e9s a m\u00e1jusi amerikai infl\u00e1ci\u00f3s adatokra ir\u00e1nyult.<br \/>\n    Az eur\u00f3\u00f6vezeti jegybank nem v\u00e1ltoztatott laza monet\u00e1ris politik\u00e1j\u00e1n, \u00e9s nyomat\u00e9kosan jelezte, hogy nem is k\u00e9sz\u00fcl szigor\u00edt\u00e1sra. A v\u00e1ls\u00e1gb\u00f3l val\u00f3 kil\u00e1bal\u00e1s jeleit nyugt\u00e1zva jav\u00edtott az idei \u00e9s j\u00f6v\u0151 \u00e9vi gazdas\u00e1gi n\u00f6veked\u00e9si el\u0151rejelz\u00e9s\u00e9n is. A kor\u00e1bbi 4 sz\u00e1zal\u00e9k helyett m\u00e1r 4,6 sz\u00e1zal\u00e9kos GDP-n\u00f6veked\u00e9ssel sz\u00e1mol, az infl\u00e1ci\u00f3s v\u00e1rakoz\u00e1s\u00e1t pedig 1,2 sz\u00e1zal\u00e9kr\u00f3l 1,9 sz\u00e1zal\u00e9kra h\u00fazta fel az idei \u00e9vet illet\u0151en.<br \/>\n    Christine Lagarde, az EKB eln\u00f6ke megism\u00e9telte, hogy \u00e1ll\u00e1spontjuk szerint az infl\u00e1ci\u00f3 emelked\u00e9se \u00e1tmeneti jelens\u00e9g. B\u00e1r a k\u00f6vetkez\u0151 h\u00f3napokban m\u00e9g gyorsulhat az \u00fctem, a k\u00f6vetkez\u0151 \u00e9vekben nem fogja el\u00e9rni a 2 sz\u00e1zal\u00e9kos c\u00e9lsz\u00e1mot, a m\u00f6g\u00f6ttes infl\u00e1ci\u00f3s nyom\u00e1sok tov\u00e1bbra is visszafogottak lesznek.<br \/>\n    Elemz\u0151k szerint az EKB sikeresen megnyugtatta a befektet\u0151ket azzal, hogy semmif\u00e9le utal\u00e1st vagy jelz\u00e9st sem tett esetleges monet\u00e1ris politikai szigor\u00edt\u00e1sra, v\u00e9dve ez\u00e1ltal a m\u00e9g mindig t\u00f6r\u00e9keny gazdas\u00e1gi fellend\u00fcl\u00e9st.<br \/>\n    Az EKB f\u0151 feladata az volt, hogy ker\u00fclj\u00f6n el b\u00e1rminem\u0171 besz\u00e9det a gazdas\u00e1g\u00f6szt\u00f6nz\u0151 int\u00e9zked\u00e9sek kivezet\u00e9s\u00e9r\u0151l, nehogy \u00e1rtson a m\u00e9g mindig t\u00f6r\u00e9keny gazdas\u00e1gi fellend\u00fcl\u00e9snek vagy engedje id\u0151 el\u0151tt emelkedni a k\u00f6tv\u00e9nyhozamokat &#8211; v\u00e9lte Carsten Brzeski, az ING k\u00f6zgazd\u00e1sza, aki szerint a &#8222;k\u00fcldet\u00e9s sikeres volt&#8221;, az eur\u00f3\u00f6vezeti jegybank a jelek szerint id\u0151t nyert an\u00e9lk\u00fcl, hogy sz\u00f3ba ker\u00fclt volna egy esetleges monet\u00e1ris szigor\u00edt\u00e1s.<br \/>\n<div class=\"ads-in-post2\"><script async src=\"https:\/\/pagead2.googlesyndication.com\/pagead\/js\/adsbygoogle.js\"><\/script>\r\n<ins class=\"adsbygoogle\"\r\n     style=\"display:block\"\r\n     data-ad-format=\"fluid\"\r\n     data-ad-layout-key=\"-6t+ed+2i-1n-4w\"\r\n     data-ad-client=\"ca-pub-1959107119989764\"\r\n     data-ad-slot=\"4008251320\"><\/ins>\r\n<script>\r\n     (adsbygoogle = window.adsbygoogle || []).push({});\r\n<\/script><\/div>\n    Az \u00faj gazdas\u00e1gi el\u0151rejelz\u00e9sre \u00e9s Lagarde szavaira \u00f3vatos volt a piaci reakci\u00f3. A t\u00edz\u00e9ves n\u00e9met \u00e1llamk\u00f6tv\u00e9nyek enyh\u00e9n emelkedtek, m\u00ednusz 0,215 sz\u00e1zal\u00e9kra, majd visszas\u00fcllyedtek m\u00ednusz 0,2145 sz\u00e1zal\u00e9kra.<br \/>\n    A londoni FTSE-100 mutat\u00f3 0,10 sz\u00e1zal\u00e9kos pluszban, m\u00edg a frankfurti DAX-index 0,06 sz\u00e1zal\u00e9kos, a p\u00e1rizsi CAC-40 index 0,26 sz\u00e1zal\u00e9kos, a madridi IBEX 0,24 sz\u00e1zal\u00e9kos, a mil\u00e1n\u00f3i FTSE MIB pedig 0,40 sz\u00e1zal\u00e9kos m\u00ednuszban fejezte be a napot. A p\u00e1neur\u00f3pai indexek k\u00f6z\u00fcl a hatsz\u00e1z legnagyobb eur\u00f3pai v\u00e1llalat \u00e1rfolyam\u00e1nak v\u00e1ltoz\u00e1s\u00e1t k\u00f6vet\u0151 Stoxx Europe 600-as index 0,03 sz\u00e1zal\u00e9kos emelked\u00e9ssel, 454,56 ponton, ism\u00e9t t\u00f6rt\u00e9nelmi cs\u00facson z\u00e1rt, de napk\u00f6zben 455,76 ponton is j\u00e1rt az \u00e9rt\u00e9ke. Az FTSE Eurofirst 300 index 0,14 sz\u00e1zal\u00e9kkal n\u0151tt, az EuroStoxx50 viszont 0,02 sz\u00e1zal\u00e9kkal esett.<br \/>\n    New Yorkban a Dow Jones ipari \u00e1tlag 0,06 sz\u00e1zal\u00e9kos, az S&#038;P 500-as mutat\u00f3 0,47 sz\u00e1zal\u00e9kos, a Nasdaq-piac \u00f6sszetett mutat\u00f3ja pedig 0,78 sz\u00e1zal\u00e9kos pluszban z\u00e1rt. A hat\u00e1rid\u0151s indexek enyhe emelked\u00e9st val\u00f3sz\u00edn\u0171s\u00edtenek a p\u00e9nteki nyit\u00e1sra.<br \/>\n    A glob\u00e1lis kereskedelem szempontj\u00e1b\u00f3l legjelent\u0151sebb k\u00e9t nyersolajf\u00e9les\u00e9g, az \u00e9szaki-tengeri Brent \u00e9s a nyugati f\u00e9ltek\u00e9n ir\u00e1nyad\u00f3 West Texas Intermediate (WTI) \u00e1ra enyh\u00e9n cs\u00f6kken, de \u00edgy is j\u00f3 \u00faton halad afel\u00e9, hogy a harmadik egym\u00e1st k\u00f6vet\u0151 hetet z\u00e1rja emelked\u00e9ssel azokra a v\u00e1rakoz\u00e1sokra, hogy Eur\u00f3p\u00e1ban, K\u00edn\u00e1ban \u00e9s az Egyes\u00fclt \u00c1llamokban er\u0151s\u00f6dik a kereslet a koronav\u00edrus-j\u00e1rv\u00e1ny visszaszor\u00edt\u00e1s\u00e1val p\u00e1rhuzamosan.<br \/>\n<div class=\"ads-in-post2\"><script async src=\"https:\/\/pagead2.googlesyndication.com\/pagead\/js\/adsbygoogle.js\"><\/script>\r\n<ins class=\"adsbygoogle\"\r\n     style=\"display:block\"\r\n     data-ad-format=\"fluid\"\r\n     data-ad-layout-key=\"-6t+ed+2i-1n-4w\"\r\n     data-ad-client=\"ca-pub-1959107119989764\"\r\n     data-ad-slot=\"4008251320\"><\/ins>\r\n<script>\r\n     (adsbygoogle = window.adsbygoogle || []).push({});\r\n<\/script><\/div>\n    Az augusztusi hat\u00e1rid\u0151s jegyz\u00e9sekben a Brent hord\u00f3nk\u00e9nt 0,28 sz\u00e1zal\u00e9kos m\u00ednuszban, 72,32 doll\u00e1ron, a j\u00faliusi sz\u00e1ll\u00edt\u00e1s\u00fa WTI pedig 0,24 sz\u00e1zal\u00e9kos vesztes\u00e9gben, 70,12 doll\u00e1ron forgott p\u00e9ntek reggel f\u00e9l nyolckor. Cs\u00fct\u00f6rt\u00f6k\u00f6n z\u00e1r\u00e1skor a Brent 2019 m\u00e1jusa, a WTI pedig 2018 okt\u00f3bere \u00f3ta nem l\u00e1tott cs\u00facsokra kapaszkodott fel.<br \/>\n    Az azonnali jegyz\u00e9sekben az arany unci\u00e1nk\u00e9nti \u00e1ra 0,08 sz\u00e1zal\u00e9kkal, 1899,74 doll\u00e1rra, az augusztusi sz\u00e1ll\u00edt\u00e1s\u00fa arany\u00e9 pedig 0,35 sz\u00e1zal\u00e9kkal, 1903,00 doll\u00e1rra k\u00faszott fel a New York-i \u00e1rupiacon.(MTI)<\/p>\n","protected":false},"excerpt":{"rendered":"<p>Emelked\u00e9ssel nyithatnak a f\u0151bb nyugat-eur\u00f3pai \u00e9rt\u00e9kt\u0151zsd\u00e9k p\u00e9nteken.<\/p>\n","protected":false},"author":1001005,"featured_media":0,"comment_status":"open","ping_status":"open","sticky":false,"template":"","format":"standard","meta":[],"categories":[8],"tags":[],"_links":{"self":[{"href":"https:\/\/gazdasagportal.hu\/index.php\/wp-json\/wp\/v2\/posts\/136245"}],"collection":[{"href":"https:\/\/gazdasagportal.hu\/index.php\/wp-json\/wp\/v2\/posts"}],"about":[{"href":"https:\/\/gazdasagportal.hu\/index.php\/wp-json\/wp\/v2\/types\/post"}],"author":[{"embeddable":true,"href":"https:\/\/gazdasagportal.hu\/index.php\/wp-json\/wp\/v2\/users\/1001005"}],"replies":[{"embeddable":true,"href":"https:\/\/gazdasagportal.hu\/index.php\/wp-json\/wp\/v2\/comments?post=136245"}],"version-history":[{"count":1,"href":"https:\/\/gazdasagportal.hu\/index.php\/wp-json\/wp\/v2\/posts\/136245\/revisions"}],"predecessor-version":[{"id":136246,"href":"https:\/\/gazdasagportal.hu\/index.php\/wp-json\/wp\/v2\/posts\/136245\/revisions\/136246"}],"wp:attachment":[{"href":"https:\/\/gazdasagportal.hu\/index.php\/wp-json\/wp\/v2\/media?parent=136245"}],"wp:term":[{"taxonomy":"category","embeddable":true,"href":"https:\/\/gazdasagportal.hu\/index.php\/wp-json\/wp\/v2\/categories?post=136245"},{"taxonomy":"post_tag","embeddable":true,"href":"https:\/\/gazdasagportal.hu\/index.php\/wp-json\/wp\/v2\/tags?post=136245"}],"curies":[{"name":"wp","href":"https:\/\/api.w.org\/{rel}","templated":true}]}}