{"id":136123,"date":"2021-06-05T10:43:40","date_gmt":"2021-06-05T08:43:40","guid":{"rendered":"http:\/\/gazdasagportal.hu\/?p=136123"},"modified":"2021-06-05T08:44:39","modified_gmt":"2021-06-05T06:44:39","slug":"itm-szabadot-jelez-a-szemafor-elindulhat-a-vasuti-aruszallitas-tamogatasi-programja","status":"publish","type":"post","link":"https:\/\/gazdasagportal.hu\/index.php\/itm-szabadot-jelez-a-szemafor-elindulhat-a-vasuti-aruszallitas-tamogatasi-programja\/","title":{"rendered":"ITM: Szabadot jelez a szemafor, elindulhat a vas\u00fati \u00e1rusz\u00e1ll\u00edt\u00e1s t\u00e1mogat\u00e1si programja"},"content":{"rendered":"<p><strong>A korm\u00e1ny a k\u00f6vetkez\u0151 \u00f6t \u00e9vben k\u00f6zel 30 milli\u00e1rd forinttal seg\u00edtheti a k\u00f6t\u00f6tt p\u00e1ly\u00e1s teherfuvaroz\u00e1s versenyk\u00e9pess\u00e9g\u00e9nek meger\u0151s\u00edt\u00e9s\u00e9t. Meg\u00e9rkezett az Eur\u00f3pai Bizotts\u00e1g j\u00f3v\u00e1hagy\u00e1sa, \u00edgy a szektor szerepl\u0151i vissza nem t\u00e9r\u00edtend\u0151 hozz\u00e1j\u00e1rul\u00e1st ig\u00e9nyelhetnek az \u00fagynevezett egyes kocsi szolg\u00e1ltat\u00e1s biztos\u00edt\u00e1s\u00e1hoz. Az Innov\u00e1ci\u00f3s \u00e9s Technol\u00f3giai Miniszt\u00e9rium v\u00e1rakoz\u00e1sai szerint az \u00e1llami t\u00e1mogat\u00e1snak k\u00f6sz\u00f6nhet\u0151en t\u00f6bb \u00e1rut sz\u00e1ll\u00edthatnak a k\u00f6rnyezetk\u00edm\u00e9l\u0151 vas\u00faton &#8211; k\u00f6z\u00f6lte a miniszt\u00e9rium az MTI-vel szombaton.<\/strong><!--more--><\/p>\n<div class=\"ads-in-post1\"><div id=\"gazdasagportal.hu_fullbanner_wideboard\"><\/div>\r\n<\/div>\n<p>    Eml\u00e9keztettek, a kor\u00e1bbi korm\u00e1nyd\u00f6nt\u00e9s alapj\u00e1n 2021 m\u00e1sodik fel\u00e9ben 3,7 milli\u00e1rd forint, 2022-2025 k\u00f6z\u00f6tt pedig \u00e9vi 6,4 milli\u00e1rd forint vissza nem t\u00e9r\u00edtend\u0151 forr\u00e1ssal t\u00e1mogathat\u00f3 az egyes kocsi forgalom. A nemzetk\u00f6zi p\u00e9ld\u00e1k szerint az \u00e1llami hozz\u00e1j\u00e1rul\u00e1s stabiliz\u00e1lja, kisz\u00e1m\u00edthat\u00f3v\u00e1 teszi a szegmens m\u0171k\u00f6d\u00e9s\u00e9t, \u00edgy id\u0151vel egyre t\u00f6bb mag\u00e1nvas\u00fati t\u00e1rsas\u00e1g ny\u00fajthat szolg\u00e1ltat\u00e1sokat a partnereknek. A k\u00f6z\u00e9pt\u00e1von 2-4 sz\u00e1zal\u00e9kra becs\u00fclhet\u0151 forgalomn\u00f6veked\u00e9s fokozza a szektor GDP-termel\u0151 k\u00e9pess\u00e9g\u00e9t, hozz\u00e1j\u00e1rul a t\u00e1vols\u00e1gi k\u00f6z\u00fati tehersz\u00e1ll\u00edt\u00e1s egy r\u00e9sz\u00e9nek vas\u00fatra terel\u00e9s\u00e9hez. Az \u00e1llami t\u00e1mogat\u00e1s az Eur\u00f3pai Bizotts\u00e1g j\u00f3v\u00e1hagy\u00e1s\u00e1val ny\u00fajthat\u00f3, az innov\u00e1ci\u00f3s t\u00e1rca tavaly ny\u00e1ron ind\u00edtotta el a most c\u00e9lba \u00e9rt egyeztet\u00e9si folyamatot &#8211; \u00edrt\u00e1k.<br \/>\n    Az egyes kocsi forgalomban telephelyenk\u00e9nt egy vagy n\u00e9h\u00e1ny teherkocsinyi \u00e1rut gy\u0171jtenek \u00f6ssze, \u00e9s ezekb\u0151l a c\u00e9l\u00e1llom\u00e1snak megfelel\u0151en rendezik \u00f6ssze a vonatokat. A lehet\u0151s\u00e9ggel t\u00f6bb mint 700 c\u00e9g, k\u00f6zt\u00fck \u00e1llami tulajdon\u00fa \u00e9s strat\u00e9giai jelent\u0151s\u00e9g\u0171 t\u00e1rsas\u00e1gok (p\u00e9ld\u00e1ul gy\u00f3gyszer- \u00e9s vegyipari, energetikai v\u00e1llalatok, erd\u00e9szetek ), sz\u00e1mos kis- \u00e9s k\u00f6z\u00e9pv\u00e1llalkoz\u00e1s \u00e9l Magyarorsz\u00e1gon. A szolg\u00e1ltat\u00e1s ny\u00fajt\u00e1sa puszt\u00e1n piaci alapon nem fizet\u0151dik ki, az elm\u00falt id\u0151szakban \u00e9ves szinten mintegy 6 milli\u00e1rd forintnyi \u00fczemi vesztes\u00e9get termelt. A kialakult helyzet a tev\u00e9kenys\u00e9g megsz\u0171n\u00e9s\u00e9vel fenyegetett, \u00edgy a vas\u00faton fuvarozott \u00e1rumennyis\u00e9g k\u00f6zel \u00f6t\u00f6d\u00e9t kellett volna kamionokkal elsz\u00e1ll\u00edtani, tov\u00e1bb fokozva a k\u00f6zutak \u00e9s a k\u00f6rnyezet terhel\u00e9s\u00e9t &#8211; ismertett\u00e9k.<br \/>\n<div class=\"ads-in-post2\"><script async src=\"https:\/\/pagead2.googlesyndication.com\/pagead\/js\/adsbygoogle.js\"><\/script>\r\n<ins class=\"adsbygoogle\"\r\n     style=\"display:block\"\r\n     data-ad-format=\"fluid\"\r\n     data-ad-layout-key=\"-6t+ed+2i-1n-4w\"\r\n     data-ad-client=\"ca-pub-1959107119989764\"\r\n     data-ad-slot=\"4008251320\"><\/ins>\r\n<script>\r\n     (adsbygoogle = window.adsbygoogle || []).push({});\r\n<\/script><\/div>\n    A k\u00f6zlem\u00e9nyben Mos\u00f3czi L\u00e1szl\u00f3 k\u00f6zleked\u00e9spolitik\u00e1\u00e9rt felel\u0151s \u00e1llamtitk\u00e1r elmondta: &#8222;A korm\u00e1ny a nemzetgazdas\u00e1g eg\u00e9sze szempontj\u00e1b\u00f3l kiemelked\u0151 jelent\u0151s\u00e9get tulajdon\u00edt a tiszta \u00e9s energiahat\u00e9kony vas\u00fati \u00e1rufuvaroz\u00e1snak. Az \u00e1gazat sz\u00e9n-dioxid-kibocs\u00e1t\u00e1sa egys\u00e9gnyi sz\u00e1ll\u00edt\u00e1si teljes\u00edtm\u00e9nyre vet\u00edtve mind\u00f6ssze hetede a k\u00f6z\u00fati sz\u00e1ll\u00edt\u00e1s\u00e9nak. Az \u00e1llami szerepv\u00e1llal\u00e1s ezres nagys\u00e1grendben biztos\u00edtja a munkahelyek meg\u0151rz\u00e9s\u00e9t a szektorban, n\u00e9lk\u00fcl\u00f6zhetetlen kapcsol\u00f3d\u00e1si pontot tart fenn a hazai c\u00e9gek \u00e9s a vil\u00e1gpiac k\u00f6z\u00f6tt.&#8221;<br \/>\n    A k\u00f6zleked\u00e9si m\u00f3dok k\u00f6z\u00f6tti munkamegoszt\u00e1sban a vas\u00fat r\u00e9szar\u00e1nya az elm\u00falt \u00e9vtizedben 18 sz\u00e1zal\u00e9k k\u00f6r\u00fcl mozgott Eur\u00f3p\u00e1ban, a magyar \u00e9rt\u00e9k az \u00e1tlagos szint k\u00f6r\u00fcl alakult. E r\u00e9szar\u00e1ny n\u00f6vel\u00e9s\u00e9hez a v\u00e1llalkoz\u00f3 vas\u00fatt\u00e1rsas\u00e1gok er\u0151fesz\u00edt\u00e9sein t\u00fal kezdem\u00e9nyez\u0151 \u00e1llami szerepv\u00e1llal\u00e1sra van sz\u00fcks\u00e9g a p\u00e9nz\u00fcgyi t\u00e1mogat\u00e1sok szintj\u00e9n is. A szakminiszt\u00e9rium a k\u00f6vetkez\u0151 h\u00f3napokban v\u00e9gleges\u00edti a t\u00e1mogat\u00e1s ig\u00e9nyl\u00e9s\u00e9nek pontos m\u00f3dj\u00e1t, felt\u00e9telrendszer\u00e9t &#8211; jegyezt\u00e9k meg.<br \/>\n<div class=\"ads-in-post2\"><script async src=\"https:\/\/pagead2.googlesyndication.com\/pagead\/js\/adsbygoogle.js\"><\/script>\r\n<ins class=\"adsbygoogle\"\r\n     style=\"display:block\"\r\n     data-ad-format=\"fluid\"\r\n     data-ad-layout-key=\"-6t+ed+2i-1n-4w\"\r\n     data-ad-client=\"ca-pub-1959107119989764\"\r\n     data-ad-slot=\"4008251320\"><\/ins>\r\n<script>\r\n     (adsbygoogle = window.adsbygoogle || []).push({});\r\n<\/script><\/div>\n    &#8222;A vas\u00fati teherfuvaroz\u00e1s szolg\u00e1ltat\u00e1si sz\u00ednvonal\u00e1t \u00e9s versenyhelyzet\u00e9t az infrastrukt\u00fara korszer\u0171s\u00edt\u00e9s\u00e9vel \u00e9s b\u0151v\u00edt\u00e9s\u00e9vel is jav\u00edtjuk. Meg\u00e9p\u00fclt a harmadik v\u00e1g\u00e1ny a D\u00e9li vas\u00fati \u00f6sszek\u00f6t\u0151 h\u00eddon \u00e9s a kapcsol\u00f3d\u00f3 vonalszakaszokon, ezzel a hazai h\u00e1l\u00f3zat legfontosabb sz\u0171k keresztmetszet\u00e9t sz\u00e1moljuk fel. Zalaegerszegt\u0151l Z\u00e1honyig az orsz\u00e1g t\u00f6bb pontj\u00e1n l\u00e9tes\u00fclnek intermod\u00e1lis kont\u00e9nertermin\u00e1lok, innen a t\u00e1volb\u00f3l vas\u00faton \u00e9rkez\u0151 \u00e1rut kamionokon juttatj\u00e1k el a k\u00f6zeli c\u00e9lpontokra. El\u0151k\u00e9sz\u00fcletben van a vas\u00fati \u00e1ruforgalmi fejleszt\u00e9si koncepci\u00f3 \u00e9s a Budapestet d\u00e9lr\u0151l ker\u00fcl\u0151 V0 tehervas\u00fatvonal is. Azon dolgozunk, hogy Magyarorsz\u00e1g K\u00f6z\u00e9p-Eur\u00f3pa teherfuvaroz\u00e1si, logisztikai \u00e9s eloszt\u00f3 k\u00f6zpontj\u00e1v\u00e1 v\u00e1ljon&#8221; &#8211; tette hozz\u00e1 Mos\u00f3czi L\u00e1szl\u00f3 a k\u00f6zlem\u00e9nyben.(MTI)<\/p>\n","protected":false},"excerpt":{"rendered":"<p>A korm\u00e1ny a k\u00f6vetkez\u0151 \u00f6t \u00e9vben k\u00f6zel 30 milli\u00e1rd forinttal seg\u00edtheti a k\u00f6t\u00f6tt p\u00e1ly\u00e1s teherfuvaroz\u00e1s versenyk\u00e9pess\u00e9g\u00e9nek meger\u0151s\u00edt\u00e9s\u00e9t. Meg\u00e9rkezett az Eur\u00f3pai Bizotts\u00e1g j\u00f3v\u00e1hagy\u00e1sa, \u00edgy a szektor szerepl\u0151i vissza nem t\u00e9r\u00edtend\u0151 hozz\u00e1j\u00e1rul\u00e1st ig\u00e9nyelhetnek az \u00fagynevezett egyes kocsi szolg\u00e1ltat\u00e1s biztos\u00edt\u00e1s\u00e1hoz. Az Innov\u00e1ci\u00f3s \u00e9s Technol\u00f3giai Miniszt\u00e9rium v\u00e1rakoz\u00e1sai szerint az \u00e1llami t\u00e1mogat\u00e1snak k\u00f6sz\u00f6nhet\u0151en t\u00f6bb \u00e1rut sz\u00e1ll\u00edthatnak a k\u00f6rnyezetk\u00edm\u00e9l\u0151 vas\u00faton &#8211; &#8230;<\/p>\n","protected":false},"author":1,"featured_media":0,"comment_status":"open","ping_status":"open","sticky":false,"template":"","format":"standard","meta":[],"categories":[19],"tags":[],"_links":{"self":[{"href":"https:\/\/gazdasagportal.hu\/index.php\/wp-json\/wp\/v2\/posts\/136123"}],"collection":[{"href":"https:\/\/gazdasagportal.hu\/index.php\/wp-json\/wp\/v2\/posts"}],"about":[{"href":"https:\/\/gazdasagportal.hu\/index.php\/wp-json\/wp\/v2\/types\/post"}],"author":[{"embeddable":true,"href":"https:\/\/gazdasagportal.hu\/index.php\/wp-json\/wp\/v2\/users\/1"}],"replies":[{"embeddable":true,"href":"https:\/\/gazdasagportal.hu\/index.php\/wp-json\/wp\/v2\/comments?post=136123"}],"version-history":[{"count":1,"href":"https:\/\/gazdasagportal.hu\/index.php\/wp-json\/wp\/v2\/posts\/136123\/revisions"}],"predecessor-version":[{"id":136124,"href":"https:\/\/gazdasagportal.hu\/index.php\/wp-json\/wp\/v2\/posts\/136123\/revisions\/136124"}],"wp:attachment":[{"href":"https:\/\/gazdasagportal.hu\/index.php\/wp-json\/wp\/v2\/media?parent=136123"}],"wp:term":[{"taxonomy":"category","embeddable":true,"href":"https:\/\/gazdasagportal.hu\/index.php\/wp-json\/wp\/v2\/categories?post=136123"},{"taxonomy":"post_tag","embeddable":true,"href":"https:\/\/gazdasagportal.hu\/index.php\/wp-json\/wp\/v2\/tags?post=136123"}],"curies":[{"name":"wp","href":"https:\/\/api.w.org\/{rel}","templated":true}]}}