{"id":136099,"date":"2021-06-03T17:23:21","date_gmt":"2021-06-03T15:23:21","guid":{"rendered":"http:\/\/gazdasagportal.hu\/?p=136099"},"modified":"2021-06-03T17:23:21","modified_gmt":"2021-06-03T15:23:21","slug":"nmhh-tobb-mint-133-milliobol-keszulhetnek-televizios-musorok-a-mediatanacs-dontese-ertelmeben","status":"publish","type":"post","link":"https:\/\/gazdasagportal.hu\/index.php\/nmhh-tobb-mint-133-milliobol-keszulhetnek-televizios-musorok-a-mediatanacs-dontese-ertelmeben\/","title":{"rendered":"NMHH: t\u00f6bb mint 133 milli\u00f3b\u00f3l k\u00e9sz\u00fclhetnek telev\u00edzi\u00f3s m\u0171sorok a m\u00e9diatan\u00e1cs d\u00f6nt\u00e9se \u00e9rtelm\u00e9ben"},"content":{"rendered":"<p><strong>T\u00f6bb mint 133 milli\u00f3 forintb\u00f3l k\u00e9sz\u00fclhetnek telev\u00edzi\u00f3s m\u0171sorok a m\u00e9diatan\u00e1cs d\u00f6nt\u00e9se \u00e9rtelm\u00e9ben &#8211; k\u00f6z\u00f6lte a Nemzeti M\u00e9dia- \u00e9s H\u00edrk\u00f6zl\u00e9si Hat\u00f3s\u00e1g (NMHH) cs\u00fct\u00f6rt\u00f6k\u00f6n az MTI-vel.<\/strong><!--more--><\/p>\n<div class=\"ads-in-post1\"><div id=\"gazdasagportal.hu_fullbanner_wideboard\"><\/div>\r\n<\/div>\n<p>    Azt \u00edrt\u00e1k, hogy h\u00edrm\u0171sorok, k\u00f6z\u00e9leti \u00e9s kultur\u00e1lis magazinm\u0171sorok gy\u00e1rt\u00e1s\u00e1ra nyert\u00e9k el az \u00f6sszeget helyi \u00e9s k\u00f6rzeti telev\u00edzi\u00f3k.<br \/>\n    A test\u00fclet elv\u00e9gezte egy salg\u00f3tarj\u00e1ni \u00e9s egy szeksz\u00e1rdi r\u00e1di\u00f3s frekvencia p\u00e1ly\u00e1zati aj\u00e1nlatainak alaki vizsg\u00e1lat\u00e1t, valamint v\u00e9gleges\u00edtett egy sz\u00e9kesfeh\u00e9rv\u00e1ri \u00e9s egy kisk\u0151r\u00f6si r\u00e1di\u00f3s p\u00e1ly\u00e1zati felh\u00edv\u00e1st, valamint b\u00edrs\u00e1got szabott ki a R\u00e1di\u00f3 1 szolg\u00e1ltat\u00f3j\u00e1ra.<br \/>\n    A 133 milli\u00f3 forintb\u00f3l huszonkilenc telev\u00edzi\u00f3s m\u0171sort t\u00e1mogat a m\u00e9diatan\u00e1cs, amely a helyi \u00e9s k\u00f6rzeti t\u00e9v\u00e9knek sz\u00f3l\u00f3 t\u00e1mogat\u00e1si programj\u00e1ban a h\u00edrm\u0171sorok, k\u00f6z\u00e9leti \u00e9s kultur\u00e1lis magazinm\u0171sorok k\u00e9sz\u00edt\u00e9s\u00e9t t\u00e1mogat\u00f3 p\u00e1ly\u00e1zat idei els\u0151 fordul\u00f3j\u00e1ban hirdetett nyerteseket.<br \/>\n    A Pom\u00e1z Telev\u00edzi\u00f3, a vajdas\u00e1gi Pannon TV, a Dunaf\u00f6ldv\u00e1r TV, a Hajd\u00fan\u00e1n\u00e1si Telev\u00edzi\u00f3, a Csongr\u00e1d TV, a VTV M\u00f3r, a csornai R\u00e1bak\u00f6zi Telev\u00edzi\u00f3, a F\u00fczesabonyi V\u00e1rosi Telev\u00edzi\u00f3, az RTV Szeksz\u00e1rd, a S\u00e1rv\u00e1ri Telev\u00edzi\u00f3 \u00e9s a berceli G\u00f3lya TV k\u00f6z\u00e9leti magazinok k\u00e9sz\u00edt\u00e9s\u00e9re ford\u00edthatja az elnyert \u00f6sszeget.<br \/>\n    H\u00edrm\u0171sorokat a Kanizsa TV, a Keszthelyi Telev\u00edzi\u00f3, a kiskunhalasi Halas TV, a Kapos Telev\u00edzi\u00f3, a sz\u00e1zhalombattai Halom Telev\u00edzi\u00f3, a V\u00e1rosi Telev\u00edzi\u00f3 Szeged, a Kalocsa V\u00e1rosi Telev\u00edzi\u00f3 \u00e9s a tahit\u00f3tfalui Danubia Telev\u00edzi\u00f3 gy\u00e1rthat a p\u00e9nzb\u0151l.<br \/>\n    Kultur\u00e1lis magazinm\u0171sorokat k\u00e9sz\u00edthet a Debrecen Telev\u00edzi\u00f3, a b\u00e9k\u00e9scsabai 7.Tv, a ny\u00edregyh\u00e1zi K\u00f6lcsey Telev\u00edzi\u00f3, a Kapos Telev\u00edzi\u00f3, a p\u00e9csi Pannon Telev\u00edzi\u00f3, a balassagyarmati Ipoly Telev\u00edzi\u00f3, a Kecskem\u00e9ti Telev\u00edzi\u00f3, a Bajai Telev\u00edzi\u00f3, valamint a f\u0151v\u00e1rosi Hegyvid\u00e9k Telev\u00edzi\u00f3 \u00e9s a Centrum Telev\u00edzi\u00f3.<br \/>\n    A gr\u00e9mium elv\u00e9gezte a Salg\u00f3tarj\u00e1n 99,3 MHz \u00e9s a Szeksz\u00e1rd 104,5 MHz helyi m\u00e9diaszolg\u00e1ltat\u00e1si lehet\u0151s\u00e9gek k\u00f6z\u00f6ss\u00e9gi jelleg\u0171 haszn\u00e1lat\u00e1ra ki\u00edrt p\u00e1ly\u00e1zati felh\u00edv\u00e1saira be\u00e9rkezett aj\u00e1nlatok alaki vizsg\u00e1lat\u00e1t: mindkett\u0151n\u00e9l p\u00e1ly\u00e1zati nyilv\u00e1ntart\u00e1sba vette az egyed\u00fcli p\u00e1ly\u00e1z\u00f3 Karc FM M\u00e9dia Kft.-t.<br \/>\n<div class=\"ads-in-post2\"><script async src=\"https:\/\/pagead2.googlesyndication.com\/pagead\/js\/adsbygoogle.js\"><\/script>\r\n<ins class=\"adsbygoogle\"\r\n     style=\"display:block\"\r\n     data-ad-format=\"fluid\"\r\n     data-ad-layout-key=\"-6t+ed+2i-1n-4w\"\r\n     data-ad-client=\"ca-pub-1959107119989764\"\r\n     data-ad-slot=\"4008251320\"><\/ins>\r\n<script>\r\n     (adsbygoogle = window.adsbygoogle || []).push({});\r\n<\/script><\/div>\n    A tan\u00e1cs v\u00e9gleges\u00edtette a Sz\u00e9kesfeh\u00e9rv\u00e1r 96,1 MHz \u00e9s a Kisk\u0151r\u00f6s 91,7 MHz helyi r\u00e1di\u00f3s m\u00e9diaszolg\u00e1ltat\u00e1si lehet\u0151s\u00e9gek haszn\u00e1lat\u00e1ra ir\u00e1nyul\u00f3 p\u00e1ly\u00e1zati felh\u00edv\u00e1sokat: j\u00falius 5-\u00e9n \u00e9s 7-\u00e9n lehet beadni p\u00e1ly\u00e1zati aj\u00e1nlatokat.<br \/>\n    A budapesti R\u00e1di\u00f3 1 szolg\u00e1ltat\u00f3j\u00e1ra 50 ezer forint b\u00edrs\u00e1got szabott ki a gr\u00e9mium, ami\u00e9rt szerz\u0151d\u00e9ses v\u00e1llal\u00e1saihoz k\u00e9pest kevesebb sz\u00f6veget, helyi k\u00f6z\u00e9lettel foglalkoz\u00f3, a helyi mindennapi \u00e9letet seg\u00edt\u0151 m\u0171sort, viszont t\u00f6bb zen\u00e9t tett k\u00f6zz\u00e9 a vizsg\u00e1lt febru\u00e1ri ad\u00e1sh\u00e9ten. A test\u00fclet a szankci\u00f3 alkalmaz\u00e1s\u00e1n\u00e1l figyelembe vette, hogy a koronav\u00edrus-j\u00e1rv\u00e1ny idej\u00e9n a m\u00e9diaszolg\u00e1ltat\u00f3k is neh\u00e9z helyzetbe ker\u00fcltek v\u00e1llal\u00e1saik teljes\u00edt\u00e9s\u00e9n\u00e9l &#8211; jegyezt\u00e9k meg.<br \/>\n    A Szolnok Telev\u00edzi\u00f3 szolg\u00e1ltat\u00f3j\u00e1t burkolt rekl\u00e1moz\u00e1s miatt figyelmeztette a tan\u00e1cs, ami\u00e9rt k\u00e9t m\u0171sor egy-egy janu\u00e1ri ad\u00e1s\u00e1ban egy p\u00e1link\u00e1t forgalmaz\u00f3 c\u00e9g term\u00e9keinek, valamint egy fogy\u00f3k\u00far\u00e1s t\u00e1pl\u00e1l\u00e9kkieg\u00e9sz\u00edt\u0151nek a r\u00e9szletes bemutat\u00e1s\u00e1val a term\u00e9kek megv\u00e9tel\u00e9re sarkallhatta a n\u00e9z\u0151ket.<br \/>\n    A Gyula Telev\u00edzi\u00f3 szolg\u00e1ltat\u00f3ja febru\u00e1rban egy rekl\u00e1mot n\u00e9gyszer megk\u00fcl\u00f6nb\u00f6ztet\u0151 jelz\u00e9s n\u00e9lk\u00fcl adott le, ez\u00e9rt a test\u00fclet jogszer\u0171 magatart\u00e1sra sz\u00f3l\u00edtott fel &#8211; olvashat\u00f3 a k\u00f6zlem\u00e9nyben.(MTI)<\/p>\n","protected":false},"excerpt":{"rendered":"<p>T\u00f6bb mint 133 milli\u00f3 forintb\u00f3l k\u00e9sz\u00fclhetnek telev\u00edzi\u00f3s m\u0171sorok a m\u00e9diatan\u00e1cs d\u00f6nt\u00e9se \u00e9rtelm\u00e9ben &#8211; k\u00f6z\u00f6lte a Nemzeti M\u00e9dia- \u00e9s H\u00edrk\u00f6zl\u00e9si Hat\u00f3s\u00e1g (NMHH) cs\u00fct\u00f6rt\u00f6k\u00f6n az MTI-vel.<\/p>\n","protected":false},"author":1001006,"featured_media":0,"comment_status":"open","ping_status":"open","sticky":false,"template":"","format":"standard","meta":[],"categories":[19],"tags":[],"_links":{"self":[{"href":"https:\/\/gazdasagportal.hu\/index.php\/wp-json\/wp\/v2\/posts\/136099"}],"collection":[{"href":"https:\/\/gazdasagportal.hu\/index.php\/wp-json\/wp\/v2\/posts"}],"about":[{"href":"https:\/\/gazdasagportal.hu\/index.php\/wp-json\/wp\/v2\/types\/post"}],"author":[{"embeddable":true,"href":"https:\/\/gazdasagportal.hu\/index.php\/wp-json\/wp\/v2\/users\/1001006"}],"replies":[{"embeddable":true,"href":"https:\/\/gazdasagportal.hu\/index.php\/wp-json\/wp\/v2\/comments?post=136099"}],"version-history":[{"count":1,"href":"https:\/\/gazdasagportal.hu\/index.php\/wp-json\/wp\/v2\/posts\/136099\/revisions"}],"predecessor-version":[{"id":136100,"href":"https:\/\/gazdasagportal.hu\/index.php\/wp-json\/wp\/v2\/posts\/136099\/revisions\/136100"}],"wp:attachment":[{"href":"https:\/\/gazdasagportal.hu\/index.php\/wp-json\/wp\/v2\/media?parent=136099"}],"wp:term":[{"taxonomy":"category","embeddable":true,"href":"https:\/\/gazdasagportal.hu\/index.php\/wp-json\/wp\/v2\/categories?post=136099"},{"taxonomy":"post_tag","embeddable":true,"href":"https:\/\/gazdasagportal.hu\/index.php\/wp-json\/wp\/v2\/tags?post=136099"}],"curies":[{"name":"wp","href":"https:\/\/api.w.org\/{rel}","templated":true}]}}