{"id":136030,"date":"2021-05-31T15:17:08","date_gmt":"2021-05-31T13:17:08","guid":{"rendered":"http:\/\/gazdasagportal.hu\/?p=136030"},"modified":"2021-05-31T15:17:08","modified_gmt":"2021-05-31T13:17:08","slug":"megalapozatlanok-az-eloiteletek-a-noi-vezetokkel-szemben","status":"publish","type":"post","link":"https:\/\/gazdasagportal.hu\/index.php\/megalapozatlanok-az-eloiteletek-a-noi-vezetokkel-szemben\/","title":{"rendered":"Megalapozatlanok az el\u0151\u00edt\u00e9letek a n\u0151i vezet\u0151kkel szemben"},"content":{"rendered":"<p><strong>Az Eurostat 2020-as felm\u00e9r\u00e9se alapj\u00e1n a tavalyi \u00e9v harmadik negyed\u00e9v\u00e9ben t\u00f6bb mint 9 \u00e9s f\u00e9l milli\u00f3an dolgoztak menedzserk\u00e9nt, amib\u0151l 6,2 milli\u00f3 volt a f\u00e9rfiak sz\u00e1ma. B\u00e1r a n\u0151k adj\u00e1k az EU munkaerej\u00e9nek majdnem fel\u00e9t (46 sz\u00e1zal\u00e9k\u00e1t), csak 35 sz\u00e1zal\u00e9kuk van vezet\u0151i poz\u00edci\u00f3ban. Az elt\u00e9r\u00e9s aggaszt\u00f3nak t\u0171nhet, de a helyzet sokkal jobb, mint h\u00fasz \u00e9ve, amikor m\u00e9g 30 sz\u00e1zal\u00e9k alatt volt ez az ar\u00e1ny.<\/strong><!--more--><\/p>\n<div class=\"ads-in-post1\"><div id=\"gazdasagportal.hu_fullbanner_wideboard\"><\/div>\r\n<\/div>\n<p>A n\u0151i vezet\u0151k alacsony ar\u00e1ny\u00e1nak magyar\u00e1zata sokr\u00e9t\u0171 \u00e9s \u00f6sszetett: a kultur\u00e1lis k\u00fcl\u00f6nbs\u00e9gekt\u0151l a fels\u0151oktat\u00e1shoz val\u00f3 hozz\u00e1f\u00e9r\u00e9sen \u00e1t a sz\u00fcl\u00e9sig \u00e9s gyermeknevel\u00e9sig sz\u00e1mos t\u00e9nyez\u0151 hat\u00e1ssal van a n\u0151k szakmai p\u00e1ly\u00e1j\u00e1ra. \u00c1m a legfontosabb mindezek k\u00f6z\u00fcl a h\u00e1tr\u00e1nyos megk\u00fcl\u00f6nb\u00f6ztet\u00e9s, amellyel a hagyom\u00e1nyosan f\u00e9rfiasnak tekintett \u00e1ll\u00e1sok kapcs\u00e1n a mai napig szembes\u00fclnek. Ez pedig az \u00e9rzelmess\u00e9ggel, illetve a d\u00f6nt\u00e9shoz\u00f3 \u00e9s a stresszt\u0171r\u0151 k\u00e9pess\u00e9ggel kapcsolatos el\u0151\u00edt\u00e9letekb\u0151l \u00e9s t\u00e9vhitekb\u0151l fakad. Ezek azonban megalapozatlan el\u0151\u00edt\u00e9letek, ugyanis az \u00fczleti \u00e9let kih\u00edv\u00e1sai a tartalomban rejlenek, semmi k\u00f6z\u00fck a d\u00f6nt\u00e9shoz\u00f3 nem\u00e9hez.<\/p>\n<p>A helyzet gyors megold\u00e1s\u00e1ra sajnos nincs csodaszer. A dolgok nem egyik pillanatr\u00f3l a m\u00e1sikra fognak megv\u00e1ltozni, hossz\u00fa \u00fat \u00e1ll m\u00e9g el\u0151tt\u00fcnk. Az oktat\u00e1s, a fels\u0151fok\u00fa k\u00e9pz\u00e9s el\u00e9rhet\u0151s\u00e9ge mellett ehhez az sz\u00fcks\u00e9ges, hogy a sz\u00fcl\u00e9s ut\u00e1n sokkal k\u00f6nnyebb legyen a visszat\u00e9r\u00e9s a munkaer\u0151piacra. Ehhez pedig olyan v\u00e1llalati programok kellenek, amelyek t\u00e1mogatj\u00e1k az \u00fczleti negyedek k\u00f6zel\u00e9ben l\u00e9v\u0151 b\u00f6lcs\u0151d\u00e9ket \u00e9s \u00f3vod\u00e1kat. \u201eHa ezeket megtessz\u00fck, \u00e9s megsz\u0171nnek az el\u0151\u00edt\u00e9letek, biztosan t\u00f6bb n\u0151 fog vezet\u0151i poz\u00edci\u00f3ba ker\u00fclni\u201d \u2013 mondta el <strong>Jelena \u017diki\u0107<\/strong><strong>, az Adecco Csoport Magyarorsz\u00e1g\u00e9rt is felel\u0151s klasztervezet\u0151je.<\/strong><\/p><div id=\"gazda-970530605\" class=\"gazda-tartalomban gazda-entity-placement\"><script async src=\"https:\/\/pagead2.googlesyndication.com\/pagead\/js\/adsbygoogle.js\"><\/script>\r\n<ins class=\"adsbygoogle\"\r\n     style=\"display:block\"\r\n     data-ad-format=\"fluid\"\r\n     data-ad-layout-key=\"-6t+ed+2i-1n-4w\"\r\n     data-ad-client=\"ca-pub-1959107119989764\"\r\n     data-ad-slot=\"4008251320\"><\/ins>\r\n<script>\r\n     (adsbygoogle = window.adsbygoogle || []).push({});\r\n<\/script><\/div>\n<div class=\"ads-in-post2\"><script async src=\"https:\/\/pagead2.googlesyndication.com\/pagead\/js\/adsbygoogle.js\"><\/script>\r\n<ins class=\"adsbygoogle\"\r\n     style=\"display:block\"\r\n     data-ad-format=\"fluid\"\r\n     data-ad-layout-key=\"-6t+ed+2i-1n-4w\"\r\n     data-ad-client=\"ca-pub-1959107119989764\"\r\n     data-ad-slot=\"4008251320\"><\/ins>\r\n<script>\r\n     (adsbygoogle = window.adsbygoogle || []).push({});\r\n<\/script><\/div>\nJelena \u017diki\u0107 2021-t\u0151l kezd\u0151d\u0151en igazgatja a v\u00e1llalat nemr\u00e9giben alakult adriai \u00e9s magyar r\u00e9szleg\u00e9t. A gyorsan forg\u00f3 fogyaszt\u00e1si cikkek (FMCG), a bank\u00fcgy, a telekommunik\u00e1ci\u00f3, a biztons\u00e1gtechnika \u00e9s a HR ter\u00fcletein szerzett tapasztalatait felhaszn\u00e1lva \u00e9p\u00edti az Adecco region\u00e1lis vezet\u0151 poz\u00edci\u00f3j\u00e1t.<\/p>\n<p>&nbsp;<\/p>\n<p><strong><em>Az Adecco Csoportr\u00f3l<\/em><\/strong><\/p>\n<p><em>A z\u00fcrichi k\u00f6zponttal m\u0171k\u00f6d\u0151 Adecco Csoport a HR-megold\u00e1sok glob\u00e1lis vezet\u0151 szolg\u00e1ltat\u00f3ja. A vil\u00e1g 60 orsz\u00e1g\u00e1ban t\u00f6bb mint 5.100 irod\u00e1j\u00e1ban 32.000 teljes munkaid\u0151ben foglalkoztatott alkalmazottal rendelkezik. Szolg\u00e1ltat\u00e1sai olyan sz\u00e9les ter\u00fcleteket \u00f6lelnek fel, mint az ideiglenes munkaer\u0151 kik\u00f6zvet\u00edt\u00e9s, a tart\u00f3s munkaer\u0151 elhelyez\u00e9s, a munkahely v\u00e1lt\u00e1s \u00e9s a tehets\u00e9g fejleszt\u00e9s, csak\u00fagy, mint a kiszervez\u00e9s \u00e9s a konzult\u00e1ci\u00f3. Az Adecco Csoport a Fortune Global 500 v\u00e1llalat egyike, a sv\u00e1jci bejegyz\u00e9s\u0171 Adecco S.A. (ISIN: CH0012138605) szerepel a Sv\u00e1jci T\u0151zsd\u00e9n (SIX) (ADEN) illetve a francia Euronexten (ADE). <\/em><\/p>\n<p><strong>\u00a0<\/strong><\/p>\n<p><strong><em>Adecco Magyarorsz\u00e1g<\/em><\/strong><\/p>\n<p><em>Az Adecco Magyarorsz\u00e1gon 1991-ben alakult meg a sv\u00e1jci Adia le\u00e1nyv\u00e1llalatak\u00e9nt,\u00a0az Adia SA 90%-os \u00e9s az Adia Ausztria 10%-os tulajdonr\u00e9sz\u00e9vel, \u00e9s 1997 \u00f3ta, az ADIA \u00e9s a francia ECCO glob\u00e1lis f\u00fazi\u00f3ja \u00f3ta Adecco n\u00e9ven m\u0171k\u00f6dik.\u00a0Irod\u00e1i az orsz\u00e1g minden r\u00e9gi\u00f3j\u00e1ban megtal\u00e1lhat\u00f3k. A budapesti iroda k\u00f6zel 100 \u00e1lland\u00f3 alkalmazottal rendelkezik, akik \u00e9vente t\u00f6bb mint 350 munkav\u00e1llal\u00f3nak seg\u00edtenek \u00e1lland\u00f3 munk\u00e1hoz jutni, \u00e9s naponta t\u00f6bb mint 3500 id\u0151szakos munkat\u00e1rs sz\u00e1m\u00e1ra biztos\u00edtanak munkalehet\u0151s\u00e9get. Az Adecco Magyarorsz\u00e1g szolg\u00e1ltat\u00e1sai k\u00f6z\u00e9 tartozik a szellemi \u00e9s vezet\u0151i munkaer\u0151-k\u00f6zvet\u00edt\u00e9s, a fizikai munkat\u00e1rsak k\u00f6lcs\u00f6nz\u00e9se \u00e9s k\u00f6zvet\u00edt\u00e9se, b\u00e9rsz\u00e1mfejt\u00e9s \u00e9s TB-\u00fcgyint\u00e9z\u00e9s, karriertan\u00e1csad\u00e1s, HR-outsourcing, illetve k\u00e9pess\u00e9gfelm\u00e9r\u00e9s is. Budapesten tal\u00e1lhat\u00f3 az Adecco Magyarorsz\u00e1g speci\u00e1lisan irodai munkak\u00f6r\u00f6kkel foglalkoz\u00f3 irod\u00e1ja, valamint a t\u00f6bb \u00fcgyf\u00e9lhez kihelyezett on-site iroda is.<\/em><\/p>\n<p><em>www.adecco.hu<\/em><\/p>\n","protected":false},"excerpt":{"rendered":"<p>Az Eurostat 2020-as felm\u00e9r\u00e9se alapj\u00e1n a tavalyi \u00e9v harmadik negyed\u00e9v\u00e9ben t\u00f6bb mint 9 \u00e9s f\u00e9l milli\u00f3an dolgoztak menedzserk\u00e9nt, amib\u0151l 6,2 milli\u00f3 volt a f\u00e9rfiak sz\u00e1ma. B\u00e1r a n\u0151k adj\u00e1k az EU munkaerej\u00e9nek majdnem fel\u00e9t (46 sz\u00e1zal\u00e9k\u00e1t), csak 35 sz\u00e1zal\u00e9kuk van vezet\u0151i poz\u00edci\u00f3ban. Az elt\u00e9r\u00e9s aggaszt\u00f3nak t\u0171nhet, de a helyzet sokkal jobb, mint h\u00fasz \u00e9ve, amikor &#8230;<\/p>\n","protected":false},"author":1001006,"featured_media":0,"comment_status":"closed","ping_status":"open","sticky":false,"template":"","format":"standard","meta":[],"categories":[19],"tags":[],"_links":{"self":[{"href":"https:\/\/gazdasagportal.hu\/index.php\/wp-json\/wp\/v2\/posts\/136030"}],"collection":[{"href":"https:\/\/gazdasagportal.hu\/index.php\/wp-json\/wp\/v2\/posts"}],"about":[{"href":"https:\/\/gazdasagportal.hu\/index.php\/wp-json\/wp\/v2\/types\/post"}],"author":[{"embeddable":true,"href":"https:\/\/gazdasagportal.hu\/index.php\/wp-json\/wp\/v2\/users\/1001006"}],"replies":[{"embeddable":true,"href":"https:\/\/gazdasagportal.hu\/index.php\/wp-json\/wp\/v2\/comments?post=136030"}],"version-history":[{"count":1,"href":"https:\/\/gazdasagportal.hu\/index.php\/wp-json\/wp\/v2\/posts\/136030\/revisions"}],"predecessor-version":[{"id":136031,"href":"https:\/\/gazdasagportal.hu\/index.php\/wp-json\/wp\/v2\/posts\/136030\/revisions\/136031"}],"wp:attachment":[{"href":"https:\/\/gazdasagportal.hu\/index.php\/wp-json\/wp\/v2\/media?parent=136030"}],"wp:term":[{"taxonomy":"category","embeddable":true,"href":"https:\/\/gazdasagportal.hu\/index.php\/wp-json\/wp\/v2\/categories?post=136030"},{"taxonomy":"post_tag","embeddable":true,"href":"https:\/\/gazdasagportal.hu\/index.php\/wp-json\/wp\/v2\/tags?post=136030"}],"curies":[{"name":"wp","href":"https:\/\/api.w.org\/{rel}","templated":true}]}}