{"id":135973,"date":"2021-05-29T13:39:25","date_gmt":"2021-05-29T11:39:25","guid":{"rendered":"http:\/\/gazdasagportal.hu\/?p=135973"},"modified":"2021-05-29T13:39:25","modified_gmt":"2021-05-29T11:39:25","slug":"meghalt-27-beteg-465-tel-nott-a-fertozottek-szama-magyarorszagon","status":"publish","type":"post","link":"https:\/\/gazdasagportal.hu\/index.php\/meghalt-27-beteg-465-tel-nott-a-fertozottek-szama-magyarorszagon\/","title":{"rendered":"Meghalt 27 beteg, 465-tel n\u0151tt a fert\u0151z\u00f6ttek sz\u00e1ma Magyarorsz\u00e1gon"},"content":{"rendered":"<p><strong>Meghalt 27, t\u00f6bbs\u00e9g\u00e9ben id\u0151s, kr\u00f3nikus beteg, \u00e9s \u00fajabb 465 magyar \u00e1llampolg\u00e1rn\u00e1l mutatt\u00e1k ki a koronav\u00edrus-fert\u0151z\u00e9st &#8211; k\u00f6z\u00f6lte a koronavirus.gov.hu szombaton, kiemelve: eddig 5 120 109 embert oltottak be Magyarorsz\u00e1gon, k\u00f6z\u00fcl\u00fck 3 539 868-an m\u00e1r a m\u00e1sodik adag vakcin\u00e1t is megkapt\u00e1k.<\/strong><!--more--><\/p>\n<div class=\"ads-in-post2\"><script async src=\"https:\/\/pagead2.googlesyndication.com\/pagead\/js\/adsbygoogle.js\"><\/script>\r\n<ins class=\"adsbygoogle\"\r\n     style=\"display:block\"\r\n     data-ad-format=\"fluid\"\r\n     data-ad-layout-key=\"-6t+ed+2i-1n-4w\"\r\n     data-ad-client=\"ca-pub-1959107119989764\"\r\n     data-ad-slot=\"4008251320\"><\/ins>\r\n<script>\r\n     (adsbygoogle = window.adsbygoogle || []).push({});\r\n<\/script><\/div>\n<p>    A korm\u00e1nyzati port\u00e1lon azt \u00edrt\u00e1k: 804 032-re n\u0151tt a Magyarorsz\u00e1gon azonos\u00edtott fert\u0151z\u00f6ttek sz\u00e1ma. Az elhunytak\u00e9 29 709-re, a gy\u00f3gyultak\u00e9 692 248-ra emelkedett.<br \/>\n    Az akt\u00edv fert\u0151z\u00f6ttek sz\u00e1ma 82 075. K\u00f3rh\u00e1zban 1024 koronav\u00edrusos beteget \u00e1polnak, k\u00f6z\u00fcl\u00fck 114-en vannak l\u00e9legeztet\u0151g\u00e9pen.<br \/>\n    Hat\u00f3s\u00e1gi h\u00e1zi karant\u00e9nban 10 302-en vannak, a mintav\u00e9telek sz\u00e1ma 5 801 554-re n\u0151tt.<br \/>\n    Kiemelt\u00e9k, hogy az olt\u00e1soknak k\u00f6sz\u00f6nhet\u0151en siker\u00fclt let\u00f6rni a j\u00e1rv\u00e1ny harmadik hull\u00e1m\u00e1t, az 5 milli\u00f3 beoltott el\u00e9r\u00e9s\u00e9vel \u00e9letbe l\u00e9pett az \u00fajraind\u00edt\u00e1s \u00fajabb, \u00f6t\u00f6dik fokozata. Ugyanakkor alapvet\u0151 v\u00e9delmi int\u00e9zked\u00e9sek m\u00e9g \u00e9letben vannak, hiszen a v\u00edrus m\u00e9g itt van &#8211; figyelmeztettek.<br \/>\n    V\u00e9ge a kij\u00e1r\u00e1si tilalomnak, a k\u00f6zter\u00fcleti maszkvisel\u00e9snek \u00e9s az \u00fczletek, \u00e9ttermek nyitvatart\u00e1s\u00e1ra vonatkoz\u00f3 korl\u00e1toz\u00e1soknak. Ugyanakkor tov\u00e1bbra is minden olyan helyen k\u00f6telez\u0151 a maszk haszn\u00e1lata, ahol v\u00e9dettek \u00e9s nem v\u00e9dettek z\u00e1rt t\u00e9rben tal\u00e1lkozhatnak, \u00edgy a t\u00f6megk\u00f6zleked\u00e9sben \u00e9s az \u00fczletekben &#8211; \u00edrt\u00e1k.<br \/>\n<div class=\"ads-in-post2\"><script async src=\"https:\/\/pagead2.googlesyndication.com\/pagead\/js\/adsbygoogle.js\"><\/script>\r\n<ins class=\"adsbygoogle\"\r\n     style=\"display:block\"\r\n     data-ad-format=\"fluid\"\r\n     data-ad-layout-key=\"-6t+ed+2i-1n-4w\"\r\n     data-ad-client=\"ca-pub-1959107119989764\"\r\n     data-ad-slot=\"4008251320\"><\/ins>\r\n<script>\r\n     (adsbygoogle = window.adsbygoogle || []).push({});\r\n<\/script><\/div>\n    Hozz\u00e1tett\u00e9k, a szabadban tartott kisebb rendezv\u00e9nyek (500-n\u00e1l kevesebb r\u00e9sztvev\u0151vel) b\u00e1rki \u00e1ltal l\u00e1togathat\u00f3k. Mindezek al\u00f3l kiv\u00e9telt k\u00e9peznek a zen\u00e9s, t\u00e1ncos rendezv\u00e9nyek, amelyeken \u00e9letkort\u00f3l \u00e9s helysz\u00ednt\u0151l f\u00fcggetlen\u00fcl kiz\u00e1r\u00f3lag a koronav\u00edrus ellen v\u00e9dettek vehetnek r\u00e9szt.<br \/>\n    K\u00f6z\u00f6lt\u00e9k: a m\u00e1jus 30-i gyermeknapi zen\u00e9s-t\u00e1ncos rendezv\u00e9nyeken a v\u00e9detts\u00e9gi igazolv\u00e1nnyal rendelkez\u0151 sz\u00fcl\u0151k, feln\u0151ttek \u00e9s a vel\u00fck l\u00e9v\u0151 18 \u00e9v alatti gyerekek, fiatalok vehetnek r\u00e9szt.<br \/>\n    Felh\u00edvt\u00e1k a figyelmet, hogy Magyarorsz\u00e1gon is megjelent az indiai v\u00edrusmut\u00e1ns, a v\u00e9d\u0151olt\u00e1s felv\u00e9tele ez\u00e9rt is fontos.<br \/>\n    Tov\u00e1bbra is folyamatosan lehet regisztr\u00e1lni a v\u00e9d\u0151olt\u00e1sra a www.vakcinainfo.gov.hu honlapon, az \u00e9rv\u00e9nyes regisztr\u00e1ci\u00f3val rendelkez\u0151k pedig interneten is foglalhatnak id\u0151pontot az olt\u00e1sra a www.eeszt.gov.hu honlapon.<br \/>\n<div class=\"ads-in-post1\"><div id=\"gazdasagportal.hu_fullbanner_wideboard\"><\/div>\r\n<\/div>\n    Az olt\u00e1sra regisztr\u00e1ltak sz\u00e1ma 5 milli\u00f3 214 ezer \u00e9s 90 sz\u00e1zal\u00e9kuk m\u00e1r meg is kapta az olt\u00e1st. Azt a f\u00e9lmilli\u00f3 regisztr\u00e1ltat, akiket m\u00e9g nem oltottak be, sms-ben is k\u00e9rik arra, hogy vegy\u00e9k fel az olt\u00e1st.<br \/>\n    Az online id\u0151pontfoglal\u00f3ban jelenleg Pfizer-, Sinopharm- \u00e9s korl\u00e1tozott mennyis\u00e9gben m\u00e9g Szputnyik, valamint bizonyos olt\u00f3pontokon Moderna-olt\u00e1s foglalhat\u00f3.<br \/>\n    Mobiltelefonra ingyenesen let\u00f6lthet\u0151 a v\u00e9d\u0151olt\u00e1st igazol\u00f3 alkalmaz\u00e1s, amely alkalmas a v\u00e9detts\u00e9gi igazolv\u00e1ny kiv\u00e1lt\u00e1s\u00e1ra &#8211; \u00edrt\u00e1k.<br \/>\n    Az oldal t\u00e9rk\u00e9pe szerint eddig Budapesten (143 522) \u00e9s Pest megy\u00e9ben (111 406) regisztr\u00e1lt\u00e1k a legt\u00f6bb fert\u0151z\u00f6ttet. Ezt k\u00f6veti Borsod-Aba\u00faj-Zempl\u00e9n (46 219), Gy\u0151r-Moson-Sopron (44 276) \u00e9s Hajd\u00fa-Bihar megye (42 450). A fert\u0151z\u00e9sben legkev\u00e9sb\u00e9 \u00e9rintett megye Tolna (17 674).(MTI)<\/p>\n","protected":false},"excerpt":{"rendered":"<p>Meghalt 27, t\u00f6bbs\u00e9g\u00e9ben id\u0151s, kr\u00f3nikus beteg, \u00e9s \u00fajabb 465 magyar \u00e1llampolg\u00e1rn\u00e1l mutatt\u00e1k ki a koronav\u00edrus-fert\u0151z\u00e9st &#8211; k\u00f6z\u00f6lte a koronavirus.gov.hu szombaton, kiemelve: eddig 5 120 109 embert oltottak be Magyarorsz\u00e1gon, k\u00f6z\u00fcl\u00fck 3 539 868-an m\u00e1r a m\u00e1sodik adag vakcin\u00e1t is megkapt\u00e1k.<\/p>\n","protected":false},"author":1001006,"featured_media":0,"comment_status":"closed","ping_status":"open","sticky":false,"template":"","format":"standard","meta":[],"categories":[427],"tags":[],"_links":{"self":[{"href":"https:\/\/gazdasagportal.hu\/index.php\/wp-json\/wp\/v2\/posts\/135973"}],"collection":[{"href":"https:\/\/gazdasagportal.hu\/index.php\/wp-json\/wp\/v2\/posts"}],"about":[{"href":"https:\/\/gazdasagportal.hu\/index.php\/wp-json\/wp\/v2\/types\/post"}],"author":[{"embeddable":true,"href":"https:\/\/gazdasagportal.hu\/index.php\/wp-json\/wp\/v2\/users\/1001006"}],"replies":[{"embeddable":true,"href":"https:\/\/gazdasagportal.hu\/index.php\/wp-json\/wp\/v2\/comments?post=135973"}],"version-history":[{"count":1,"href":"https:\/\/gazdasagportal.hu\/index.php\/wp-json\/wp\/v2\/posts\/135973\/revisions"}],"predecessor-version":[{"id":135974,"href":"https:\/\/gazdasagportal.hu\/index.php\/wp-json\/wp\/v2\/posts\/135973\/revisions\/135974"}],"wp:attachment":[{"href":"https:\/\/gazdasagportal.hu\/index.php\/wp-json\/wp\/v2\/media?parent=135973"}],"wp:term":[{"taxonomy":"category","embeddable":true,"href":"https:\/\/gazdasagportal.hu\/index.php\/wp-json\/wp\/v2\/categories?post=135973"},{"taxonomy":"post_tag","embeddable":true,"href":"https:\/\/gazdasagportal.hu\/index.php\/wp-json\/wp\/v2\/tags?post=135973"}],"curies":[{"name":"wp","href":"https:\/\/api.w.org\/{rel}","templated":true}]}}