{"id":135886,"date":"2021-05-25T12:12:31","date_gmt":"2021-05-25T10:12:31","guid":{"rendered":"http:\/\/gazdasagportal.hu\/?p=135886"},"modified":"2021-05-25T11:55:36","modified_gmt":"2021-05-25T09:55:36","slug":"a-diakok-lehetnek-a-gazdasag-felelenkitesenek-katalizatorai","status":"publish","type":"post","link":"https:\/\/gazdasagportal.hu\/index.php\/a-diakok-lehetnek-a-gazdasag-felelenkitesenek-katalizatorai\/","title":{"rendered":"A di\u00e1kok lehetnek a gazdas\u00e1g fel\u00e9l\u00e9nk\u00edt\u00e9s\u00e9nek kataliz\u00e1torai!"},"content":{"rendered":"<p><strong>A gazdas\u00e1gi nyit\u00e1s k\u00fcsz\u00f6b\u00e9t \u00e1tl\u00e9pve sz\u00e1mos bizonytalans\u00e1ggal szembes\u00fclhettek a munkaer\u0151piac k\u00fcl\u00f6nb\u00f6z\u0151 szegmenseinek vezet\u0151i. Az akad\u00e1lyok sikeres lek\u00fczd\u00e9s\u00e9ben nagy szerep\u00fck van az atipikus foglakoztat\u00e1s egyik legn\u00e9pszer\u0171bb szerepl\u0151inek, a di\u00e1koknak.<\/strong><!--more--><\/p>\n<div class=\"ads-in-post1\"><div id=\"gazdasagportal.hu_fullbanner_wideboard\"><\/div>\r\n<\/div>\n<p>A covid j\u00e1rv\u00e1ny okozta gazdas\u00e1gi sokk, a lez\u00e1r\u00e1sok a piac legt\u00f6bb szerepl\u0151j\u00e9nek kisebb-nagyobb neh\u00e9zs\u00e9get okozott. Mikor \u00e9s milyen mennyis\u00e9g\u0171 munkaer\u0151re lehet sz\u00fcks\u00e9g? Meg tudj\u00e1k-e tartani a munkav\u00e1llal\u00f3ikat? Hogyan tudj\u00e1k kiel\u00e9g\u00edteni az ig\u00e9nyeket, ha \u00fajraindul az \u00e9let, \u00e9s egy\u00e1ltal\u00e1n mikor sz\u00e1molhatnak ezzel? Ezek azok a k\u00e9rd\u00e9sek, amik ebben a bizonytalan helyzetben a legt\u00f6bb c\u00e9gvezet\u0151 fej\u00e9ben megfordultak.<\/p>\n<p>Ezek azok a k\u00e9rd\u00e9sek, amik nem csak gazdas\u00e1gi szempontb\u00f3l, a c\u00e9g piacon elfoglalt hely\u00e9nek megtart\u00e1sa miatt fontosak, hanem a szervezetr\u0151l kialakult k\u00e9p megtart\u00e1sa, a munkav\u00e1llal\u00f3k ir\u00e1nti lojalit\u00e1s miatt is, hogy biztos h\u00e1tteret ny\u00fajthasson a munkav\u00e1llal\u00f3inak legyen az f\u0151\u00e1ll\u00e1s\u00fa, r\u00e9szmunkaid\u0151s, gyakornok vagy \u00e9ppen di\u00e1k.<\/p><div id=\"gazda-2915943323\" class=\"gazda-tartalomban gazda-entity-placement\"><script async src=\"https:\/\/pagead2.googlesyndication.com\/pagead\/js\/adsbygoogle.js\"><\/script>\r\n<ins class=\"adsbygoogle\"\r\n     style=\"display:block\"\r\n     data-ad-format=\"fluid\"\r\n     data-ad-layout-key=\"-6t+ed+2i-1n-4w\"\r\n     data-ad-client=\"ca-pub-1959107119989764\"\r\n     data-ad-slot=\"4008251320\"><\/ins>\r\n<script>\r\n     (adsbygoogle = window.adsbygoogle || []).push({});\r\n<\/script><\/div>\n<p>Ennek a terhe \u00e9s az effajta d\u00f6nt\u00e9sek meghozatala sosem k\u00f6nny\u0171. A Mind-Di\u00e1k Sz\u00f6vetkezet, amely orsz\u00e1gszerte \u00e9vente k\u00f6zel 10.000 di\u00e1knak biztos\u00edt munk\u00e1t az volt a tapasztalata, hogy tavaly tavasszal jellemz\u0151en az els\u0151k k\u00f6z\u00f6tt szerepeltek a di\u00e1kok, akiket le\u00e9p\u00edtettek, az elm\u00falt f\u00e9l\u00e9v ugyanakkor azt mutatja, hogy az \u00e1talakult gazdas\u00e1gi helyzetben \u0151k azok, akikre nagy m\u00e9rt\u00e9kben \u00e9p\u00edtenek a c\u00e9gek.<em> \u201eM\u00e1r \u0151szt\u0151l megfigyelhet\u0151 volt az a tendencia, hogy a di\u00e1kok az otthoni tanul\u00e1snak k\u00f6sz\u00f6nhet\u0151en rugalmasabban, t\u00f6bb kapacit\u00e1ssal tudtak munk\u00e1t v\u00e1llalni, a c\u00e9gek pedig m\u00e1r sz\u00e1mukra is lehet\u0151v\u00e9 tett\u00e9k az otthoni munkav\u00e9gz\u00e9st. Ez a rugalmass\u00e1g teh\u00e1t mindk\u00e9t f\u00e9l r\u00e9sz\u00e9r\u0151l el\u0151ny\u00f6ket hozott, hiszen \u00edgy azok a di\u00e1kok is dolgozhattak, akik tavasszal p\u00e9ld\u00e1ul a hazak\u00f6lt\u00f6z\u00e9s miatt k\u00e9nyszer\u00fcltek k\u00e9nyszerpihen\u0151re.\u201d<\/em> \u2013 mondta G\u00f6bl R\u00f3bert a Mind-Di\u00e1k Sz\u00f6vetkezet vezet\u0151je.<br \/>\n<div class=\"ads-in-post2\"><script async src=\"https:\/\/pagead2.googlesyndication.com\/pagead\/js\/adsbygoogle.js\"><\/script>\r\n<ins class=\"adsbygoogle\"\r\n     style=\"display:block\"\r\n     data-ad-format=\"fluid\"\r\n     data-ad-layout-key=\"-6t+ed+2i-1n-4w\"\r\n     data-ad-client=\"ca-pub-1959107119989764\"\r\n     data-ad-slot=\"4008251320\"><\/ins>\r\n<script>\r\n     (adsbygoogle = window.adsbygoogle || []).push({});\r\n<\/script><\/div>\n<p>A bizonytalan id\u0151kben teh\u00e1t ma m\u00e1r biztos pontot jelentenek a fiatalok, akikre sz\u00e1mos c\u00e9g \u00e9p\u00edt nem csak a di\u00e1kmunka kapcs\u00e1n, de a gyakornoki programoknak k\u00f6sz\u00f6nhet\u0151en a szakir\u00e1ny\u00fa ismereteket ig\u00e9nyl\u0151 poz\u00edci\u00f3kban is. Egyre ink\u00e1bb bev\u00e1lt gyakorlat ugyanis a c\u00e9gek k\u00f6r\u00e9ben, hogy a di\u00e1ksz\u00f6vetkezeten kereszt\u00fcl, <strong>kedvez\u0151 ad\u00f3z\u00e1s mellett, rugalmas id\u0151beoszt\u00e1ssal alkalmaznak fiatalokat, akiket k\u00e9s\u0151bb, tanulm\u00e1nyaik lez\u00e1r\u00e1sa ut\u00e1n teljes \u00e1ll\u00e1sban is alkalmazni tudnak.<\/strong><\/p>\n<p>A Sz\u00f6vetkezet friss 2021. tavaszi kutat\u00e1sa alapj\u00e1n a legnagyobb seg\u00edts\u00e9get az jelenti a c\u00e9gek HR oszt\u00e1lyai sz\u00e1m\u00e1ra, hogy \u0151k <strong>\u00e1tveszik a teljes toborz\u00e1s-kiv\u00e1laszt\u00e1st, adminisztr\u00e1ci\u00f3t, a hat\u00f3s\u00e1gi bejelent\u00e9st \u00e9s a b\u00e9rsz\u00e1mfejt\u00e9st is<\/strong>, \u00edgy a partnereik teljes m\u00e9rt\u00e9kben a di\u00e1kok, gyakornokok betan\u00edt\u00e1s\u00e1ra, a munk\u00e1juk szakmai ir\u00e1ny\u00edt\u00e1s\u00e1ra ford\u00edthatj\u00e1k az energi\u00e1ikat. <em>\u201eA Mind-Di\u00e1k Sz\u00f6vetkezet j\u00f3l bev\u00e1lt, di\u00e1kokra szabott kiv\u00e1laszt\u00e1si gyakorlat\u00e1nak a gazdas\u00e1gi nyit\u00e1s id\u0151szak\u00e1ban minden eddigin\u00e9l nagyobb haszn\u00e1t vessz\u00fck. A\u00a0szem\u00e9lyes \u00fcgyf\u00e9lszolg\u00e1latokon p\u00e9ld\u00e1ul t\u00f6bb v\u00e1rosban is megemelt di\u00e1kl\u00e9tsz\u00e1mot k\u00e9rtek, mivel egyre nagyobb \u00fcgyf\u00e9lforgalmat tapasztalnak. A di\u00e1ksz\u00f6vetkezet a be\u00e9rkez\u0151 ig\u00e9nyekt\u0151l sz\u00e1m\u00edtott <strong>egy-k\u00e9t napon bel\u00fcl a teljes kiv\u00e1laszt\u00e1si folyamatot \u00e9s az adminisztr\u00e1ci\u00f3t is elv\u00e9gzi<\/strong>, ezut\u00e1n pedig meg is kezd\u0151dhet a k\u00f6z\u00f6s munka. Ez teh\u00e1t azt jelenti, hogy a c\u00e9gek gyorsan jutnak munkaer\u0151h\u00f6z, r\u00e1ad\u00e1sul, mivel lehet\u0151s\u00e9g\u00fck van h\u00e9tr\u0151l h\u00e9tre megtervezni a beoszt\u00e1st, \u00edgy teljesen az \u00fcgyf\u00e9lforgalomhoz tudj\u00e1k igaz\u00edtani a l\u00e9tsz\u00e1mot \u00e9s ezzel a kiad\u00e1saikat is, hiszen csak a ledolgozott \u00f3r\u00e1k kapcs\u00e1n mer\u00fcl fel k\u00f6lts\u00e9g<\/em><em>.\u201d<\/em><\/p>\n<div class=\"ads-in-post2\"><script async src=\"https:\/\/pagead2.googlesyndication.com\/pagead\/js\/adsbygoogle.js\"><\/script>\r\n<ins class=\"adsbygoogle\"\r\n     style=\"display:block\"\r\n     data-ad-format=\"fluid\"\r\n     data-ad-layout-key=\"-6t+ed+2i-1n-4w\"\r\n     data-ad-client=\"ca-pub-1959107119989764\"\r\n     data-ad-slot=\"4008251320\"><\/ins>\r\n<script>\r\n     (adsbygoogle = window.adsbygoogle || []).push({});\r\n<\/script><\/div>\nAz iskolasz\u00f6vetkezet vezet\u0151je ugyanakkor arra felh\u00edvja a figyelmet, hogy ez a folyamat m\u00e1just\u00f3l j\u00fanius elej\u00e9ig egy kicsit lelassulhat. A di\u00e1koknak ebben az id\u0151szakban ugyanis els\u0151sorban \u00e9retts\u00e9gi, vizsga-, illetve \u00e1llamvizsga-id\u0151szak van. Ilyenkor teh\u00e1t els\u0151sorban a tanulm\u00e1nyaikra koncentr\u00e1lnak a fiatalok, hogy ny\u00e1ron m\u00e1r teljes er\u0151bedob\u00e1ssal tudjanak \u00fajra a munk\u00e1ra, vagy \u00e9ppen a szakmai gyakorlataikra koncentr\u00e1lni.<\/p>\n<p><em>\u201eTavaly tavasszal, a j\u00e1rv\u00e1ny kirobban\u00e1sa ut\u00e1n a legt\u00f6bb partner\u00fcnk a di\u00e1kmunka program le\u00e9p\u00edt\u00e9s\u00e9vel igyekezett stabilan tartani a c\u00e9g m\u0171k\u00f6d\u00e9s\u00e9t, kiz\u00e1r\u00f3lag a f\u0151\u00e1ll\u00e1s\u00fa munkaer\u0151 megtart\u00e1s\u00e1val. M\u00e1r akkor t\u00f6bbsz\u00f6r elmondtuk, hogy az atipikus foglalkoztat\u00e1s &#8211; di\u00e1kmunka, munkaer\u0151-k\u00f6lcs\u00f6nz\u00e9s, nyugd\u00edjas foglalkoztat\u00e1s &#8211; \u00a0ezekben az id\u0151szakokban cs\u00f6kkenthetik a gazdas\u00e1gi bizonytalans\u00e1got. Ma pedig, egy \u00e9v t\u00e1vlat\u00e1b\u00f3l azt mondhatjuk, hogy a c\u00e9gek nagy r\u00e9sze bel\u00e1tta, hogy <strong>az atipikus az \u00faj tipikus a munkaer\u0151piacon<\/strong>.\u201d<\/em><\/p>\n","protected":false},"excerpt":{"rendered":"<p>A gazdas\u00e1gi nyit\u00e1s k\u00fcsz\u00f6b\u00e9t \u00e1tl\u00e9pve sz\u00e1mos bizonytalans\u00e1ggal szembes\u00fclhettek a munkaer\u0151piac k\u00fcl\u00f6nb\u00f6z\u0151 szegmenseinek vezet\u0151i. Az akad\u00e1lyok sikeres lek\u00fczd\u00e9s\u00e9ben nagy szerep\u00fck van az atipikus foglakoztat\u00e1s egyik legn\u00e9pszer\u0171bb szerepl\u0151inek, a di\u00e1koknak.<\/p>\n","protected":false},"author":1001006,"featured_media":135887,"comment_status":"closed","ping_status":"open","sticky":false,"template":"","format":"standard","meta":[],"categories":[19,436],"tags":[],"_links":{"self":[{"href":"https:\/\/gazdasagportal.hu\/index.php\/wp-json\/wp\/v2\/posts\/135886"}],"collection":[{"href":"https:\/\/gazdasagportal.hu\/index.php\/wp-json\/wp\/v2\/posts"}],"about":[{"href":"https:\/\/gazdasagportal.hu\/index.php\/wp-json\/wp\/v2\/types\/post"}],"author":[{"embeddable":true,"href":"https:\/\/gazdasagportal.hu\/index.php\/wp-json\/wp\/v2\/users\/1001006"}],"replies":[{"embeddable":true,"href":"https:\/\/gazdasagportal.hu\/index.php\/wp-json\/wp\/v2\/comments?post=135886"}],"version-history":[{"count":1,"href":"https:\/\/gazdasagportal.hu\/index.php\/wp-json\/wp\/v2\/posts\/135886\/revisions"}],"predecessor-version":[{"id":135888,"href":"https:\/\/gazdasagportal.hu\/index.php\/wp-json\/wp\/v2\/posts\/135886\/revisions\/135888"}],"wp:featuredmedia":[{"embeddable":true,"href":"https:\/\/gazdasagportal.hu\/index.php\/wp-json\/wp\/v2\/media\/135887"}],"wp:attachment":[{"href":"https:\/\/gazdasagportal.hu\/index.php\/wp-json\/wp\/v2\/media?parent=135886"}],"wp:term":[{"taxonomy":"category","embeddable":true,"href":"https:\/\/gazdasagportal.hu\/index.php\/wp-json\/wp\/v2\/categories?post=135886"},{"taxonomy":"post_tag","embeddable":true,"href":"https:\/\/gazdasagportal.hu\/index.php\/wp-json\/wp\/v2\/tags?post=135886"}],"curies":[{"name":"wp","href":"https:\/\/api.w.org\/{rel}","templated":true}]}}