{"id":135884,"date":"2021-05-25T11:50:38","date_gmt":"2021-05-25T09:50:38","guid":{"rendered":"http:\/\/gazdasagportal.hu\/?p=135884"},"modified":"2021-05-25T11:50:38","modified_gmt":"2021-05-25T09:50:38","slug":"majusban-mar-a-valsag-elotti-szinten-allt-a-gki-konjunkturaindexe","status":"publish","type":"post","link":"https:\/\/gazdasagportal.hu\/index.php\/majusban-mar-a-valsag-elotti-szinten-allt-a-gki-konjunkturaindexe\/","title":{"rendered":"M\u00e1jusban m\u00e1r a v\u00e1ls\u00e1g el\u0151tti szinten \u00e1llt a GKI konjunkt\u00faraindexe"},"content":{"rendered":"<p><strong>A GKI konjunkt\u00faraindexe az \u00e1prilisi, p\u00e9ld\u00e1tlanul nagy emelked\u00e9s ut\u00e1n m\u00e1jusban sokkal kisebb, de az\u00e9rt jelent\u0151s l\u00e9p\u00e9st tett felfel\u00e9, s ezzel el\u00e9rte tavaly febru\u00e1ri, vagyis a j\u00e1rv\u00e1ny el\u0151tti szintj\u00e9t &#8211; ismertette a GKI Gazdas\u00e1gkutat\u00f3 az MTI-vel.<\/strong><!--more--><\/p>\n<div class=\"ads-in-post1\"><div id=\"gazdasagportal.hu_fullbanner_wideboard\"><\/div>\r\n<\/div>\n<p>    A GKI \u00e1ltal, az Eur\u00f3pai Uni\u00f3 t\u00e1mogat\u00e1s\u00e1val v\u00e9gzett felm\u00e9r\u00e9s szerint m\u00e1jusban a GKI konjunkt\u00faraindexe az \u00e1prilisi m\u00ednusz 6,8 pontr\u00f3l m\u00ednusz 2,6 pontra javult. A fogyaszt\u00f3i bizalmi index az el\u0151z\u0151 havi m\u00ednusz 24,5 pontr\u00f3l m\u00ednusz 18,3 pontra, az \u00fczleti m\u00ednusz 0,6 pontr\u00f3l plusz 2,9 pontra emelkedett m\u00e1jusban.<br \/>\n    A k\u00f6zlem\u00e9nyben kiemelt\u00e9k: a felm\u00e9r\u00e9s szerint az \u00fczleti v\u00e1rakoz\u00e1sok utolj\u00e1ra 2019 v\u00e9g\u00e9n voltak ilyen optimist\u00e1k.<br \/>\n    Az \u00fczleti szf\u00e9r\u00e1ban minden \u00e1gazat v\u00e1rakoz\u00e1sa javult, imm\u00e1r kiss\u00e9 t\u00f6bb az \u00f6sszess\u00e9g\u00e9ben optimista, mint a pesszimista c\u00e9g; az egyetlen kiv\u00e9tel a kereskedelmi \u00e1gazat &#8211; jelezte a GKI. Jelenleg a legoptimist\u00e1bbak az \u00e9p\u00edt\u0151ipari \u00e9s az ipari c\u00e9gek, a legnagyobb m\u00e1jusi hangulatjavul\u00e1s pedig a szolg\u00e1ltat\u00f3 szektorban k\u00f6vetkezett be &#8211; tett\u00e9k hozz\u00e1.<br \/>\n    Az iparban \u00e9rezhet\u0151en javult az elm\u00falt id\u0151szak termel\u00e9s\u00e9nek \u00e9s a rendel\u00e9s\u00e1llom\u00e1nynak a meg\u00edt\u00e9l\u00e9se, de az export-rendel\u00e9sek\u00e9 nem v\u00e1ltozott &#8211; h\u00edvt\u00e1k fel a figyelmet. Ugyancsak kedvez\u0151bbnek l\u00e1tt\u00e1k a v\u00e1laszol\u00f3k a k\u00e9szlethelyzetet \u00e9s minim\u00e1lisan a termel\u00e9si kil\u00e1t\u00e1sokat is.<br \/>\n    Az \u00fczleti szf\u00e9ra foglalkoztat\u00e1si hajland\u00f3s\u00e1ga az \u00e1prilisi l\u00e1tv\u00e1nyos javul\u00e1s ut\u00e1n \u00f6sszess\u00e9g\u00e9ben nem v\u00e1ltozott, csak az iparban er\u0151s\u00f6d\u00f6tt &#8211; mutatott r\u00e1 a GKI. Tov\u00e1bbra is minden \u00e1gazatban t\u00f6bb c\u00e9g k\u00e9sz\u00fcl a l\u00e9tsz\u00e1m b\u0151v\u00edt\u00e9s\u00e9re, mint cs\u00f6kkent\u00e9s\u00e9re &#8211; f\u0171zt\u00e9k hozz\u00e1 utalva arra, hogy az emberek munkan\u00e9lk\u00fclis\u00e9gt\u0151l val\u00f3 f\u00e9lelme negyedik h\u00f3napja cs\u00f6kken.<br \/>\n<div class=\"ads-in-post2\"><script async src=\"https:\/\/pagead2.googlesyndication.com\/pagead\/js\/adsbygoogle.js\"><\/script>\r\n<ins class=\"adsbygoogle\"\r\n     style=\"display:block\"\r\n     data-ad-format=\"fluid\"\r\n     data-ad-layout-key=\"-6t+ed+2i-1n-4w\"\r\n     data-ad-client=\"ca-pub-1959107119989764\"\r\n     data-ad-slot=\"4008251320\"><\/ins>\r\n<script>\r\n     (adsbygoogle = window.adsbygoogle || []).push({});\r\n<\/script><\/div>\n    Az \u00e1remel\u00e9si t\u00f6rekv\u00e9s minden \u00e1gazatban er\u0151s\u00f6d\u00f6tt, m\u00e1jusban a kereskedelmi c\u00e9gek t\u00f6bbs\u00e9ge \u00e1remel\u00e9sre k\u00e9sz\u00fclt &#8211; ismertette a gazdas\u00e1gkutat\u00f3. Arra is kit\u00e9rt, hogy a fogyaszt\u00f3k infl\u00e1ci\u00f3s v\u00e1rakoz\u00e1sa is jelent\u0151sen n\u0151tt.<br \/>\n    A GKI fogyaszt\u00f3i bizalmi index az \u00e1prilisi l\u00e1tv\u00e1nyos n\u00f6veked\u00e9st k\u00f6vet\u0151en m\u00e1jusban lassulva, de jelent\u0151s \u00fctemben emelkedett. A lakoss\u00e1g saj\u00e1t p\u00e9nz\u00fcgyi helyzet\u00e9t \u00e9s j\u00f6v\u0151beni megtakar\u00edt\u00e1si k\u00e9pess\u00e9g\u00e9t az \u00e1prilisin\u00e1l sokkal kedvez\u0151bbnek \u00e9rt\u00e9kelte, s javul\u00f3nak l\u00e1tta a nagy \u00e9rt\u00e9k\u0171 tart\u00f3s fogyaszt\u00e1si cikkek v\u00e1s\u00e1rl\u00e1si lehet\u0151s\u00e9g\u00e9t is &#8211; t\u00e1j\u00e9koztattak.(MTI)<\/p>\n","protected":false},"excerpt":{"rendered":"<p>A GKI konjunkt\u00faraindexe az \u00e1prilisi, p\u00e9ld\u00e1tlanul nagy emelked\u00e9s ut\u00e1n m\u00e1jusban sokkal kisebb, de az\u00e9rt jelent\u0151s l\u00e9p\u00e9st tett felfel\u00e9, s ezzel el\u00e9rte tavaly febru\u00e1ri, vagyis a j\u00e1rv\u00e1ny el\u0151tti szintj\u00e9t &#8211; ismertette a GKI Gazdas\u00e1gkutat\u00f3 az MTI-vel.<\/p>\n","protected":false},"author":1001006,"featured_media":0,"comment_status":"closed","ping_status":"open","sticky":false,"template":"","format":"standard","meta":[],"categories":[19],"tags":[],"_links":{"self":[{"href":"https:\/\/gazdasagportal.hu\/index.php\/wp-json\/wp\/v2\/posts\/135884"}],"collection":[{"href":"https:\/\/gazdasagportal.hu\/index.php\/wp-json\/wp\/v2\/posts"}],"about":[{"href":"https:\/\/gazdasagportal.hu\/index.php\/wp-json\/wp\/v2\/types\/post"}],"author":[{"embeddable":true,"href":"https:\/\/gazdasagportal.hu\/index.php\/wp-json\/wp\/v2\/users\/1001006"}],"replies":[{"embeddable":true,"href":"https:\/\/gazdasagportal.hu\/index.php\/wp-json\/wp\/v2\/comments?post=135884"}],"version-history":[{"count":1,"href":"https:\/\/gazdasagportal.hu\/index.php\/wp-json\/wp\/v2\/posts\/135884\/revisions"}],"predecessor-version":[{"id":135885,"href":"https:\/\/gazdasagportal.hu\/index.php\/wp-json\/wp\/v2\/posts\/135884\/revisions\/135885"}],"wp:attachment":[{"href":"https:\/\/gazdasagportal.hu\/index.php\/wp-json\/wp\/v2\/media?parent=135884"}],"wp:term":[{"taxonomy":"category","embeddable":true,"href":"https:\/\/gazdasagportal.hu\/index.php\/wp-json\/wp\/v2\/categories?post=135884"},{"taxonomy":"post_tag","embeddable":true,"href":"https:\/\/gazdasagportal.hu\/index.php\/wp-json\/wp\/v2\/tags?post=135884"}],"curies":[{"name":"wp","href":"https:\/\/api.w.org\/{rel}","templated":true}]}}