{"id":135549,"date":"2021-05-08T16:48:04","date_gmt":"2021-05-08T14:48:04","guid":{"rendered":"http:\/\/gazdasagportal.hu\/?p=135549"},"modified":"2021-05-08T11:20:16","modified_gmt":"2021-05-08T09:20:16","slug":"a-magyarok-85-szazaleka-reszesiti-elonyben-a-fenntarthato-befekteteseket","status":"publish","type":"post","link":"https:\/\/gazdasagportal.hu\/index.php\/a-magyarok-85-szazaleka-reszesiti-elonyben-a-fenntarthato-befekteteseket\/","title":{"rendered":"A magyarok 85 sz\u00e1zal\u00e9ka r\u00e9szes\u00edti el\u0151nyben  a fenntarthat\u00f3 befektet\u00e9seket"},"content":{"rendered":"<p style=\"font-weight: 400;\">\u00a0<strong>A magas v\u00e9gzetts\u00e9g \u00e9s a budapesti lak\u00f3hely nem csup\u00e1n a befektet\u00e9si form\u00e1k ismeret\u00e9re \u00e9s haszn\u00e1lat\u00e1ra gyakorol pozit\u00edv hat\u00e1st, hanem a fenntarthat\u00f3bb p\u00e9nz\u00fcgyekkel \u00f6sszef\u00fcgg\u0151 \u00e9rz\u00e9kenys\u00e9gre is \u2013 der\u00fclt ki az ALTEO Csoport orsz\u00e1gos, reprezentat\u00edv felm\u00e9r\u00e9s\u00e9b\u0151l. A fenntarthat\u00f3s\u00e1g fokoz\u00f3d\u00f3 jelent\u0151s\u00e9g\u00e9t j\u00f3l \u00e9rz\u00e9kelteti, hogy a leg\u00e9rt\u00e9kesebb amerikai nagyv\u00e1llalatokat t\u00f6m\u00f6r\u00edt\u0151\u00a0<\/strong><a href=\"https:\/\/en.wikipedia.org\/wiki\/S%26P_500\" target=\"_blank\" rel=\"noopener noreferrer\" data-saferedirecturl=\"https:\/\/www.google.com\/url?q=https:\/\/en.wikipedia.org\/wiki\/S%2526P_500&amp;source=gmail&amp;ust=1620549209366000&amp;usg=AFQjCNETt5f5B_Uqpk6fjJytWvhTreXs-w\"><strong>S&amp;P500<\/strong><\/a><strong>\u00a0indexhez tartoz\u00f3 c\u00e9gek k\u00f6z\u00fcl is azokat \u00e9rt\u00e9kelik t\u00f6bbre a befektet\u0151k, amelyek a z\u00f6ldszempontok szerint is hat\u00e9konyan m\u0171k\u00f6dnek. Nem v\u00e9letlen\u00fcl kapcsol magasabb fokozatba az id\u00e9n harmadik integr\u00e1lt jelent\u00e9s\u00e9t publik\u00e1l\u00f3 ALTEO is: az \u00fajgener\u00e1ci\u00f3s energiaszolg\u00e1ltat\u00f3 ESG-alap\u00fa min\u0151s\u00edt\u00e9st szeretne ki\u00e9rdemelni.<\/strong><\/p>\n<p><!--more--><\/p>\n<div class=\"ads-in-post1\"><div id=\"gazdasagportal.hu_fullbanner_wideboard\"><\/div>\r\n<\/div>\n<p style=\"font-weight: 400;\"><strong>\u00a0<\/strong><\/p>\n<p style=\"font-weight: 400;\">A magyar lakoss\u00e1g k\u00f6rnyezetv\u00e9delemhez kapcsol\u00f3d\u00f3 ismereteit \u00e9s magatart\u00e1s\u00e1t t\u00e9rk\u00e9pezte fel az\u00a0ALTEO Fenntarthat\u00f3s\u00e1gi Barom\u00e9ter\u00a0alapj\u00e1t k\u00e9pez\u0151 reprezentat\u00edv orsz\u00e1gos kutat\u00e1s[1], amely kit\u00e9rt a v\u00e1laszad\u00f3k p\u00e9nz\u00fcgyekkel \u00f6sszef\u00fcgg\u0151 attit\u0171djeire is. Amint az v\u00e1rhat\u00f3 volt, az emberek a kincst\u00e1rjegyeket \u00e9s \u00e1llampap\u00edrokat (a megk\u00e9rdezettek 72%-a eml\u00edtette ezeket), a lek\u00f6t\u00f6tt bet\u00e9teket \u00e9s megtakar\u00edt\u00e1si sz\u00e1ml\u00e1kat (70%), illet\u0151leg az el\u0151takar\u00e9koss\u00e1gi sz\u00e1ml\u00e1kat (64%) ismerik a legink\u00e1bb a befektet\u00e9si m\u00f3dozatok k\u00f6z\u00fcl, a legkev\u00e9sb\u00e9 pedig a befektet\u00e9si alapokat (44%) \u00e9s a m\u0171kincseket (45%). N\u00e9pszer\u0171s\u00e9gben a lek\u00f6t\u00f6tt bet\u00e9t \u00e9s a megtakar\u00edt\u00e1si sz\u00e1mla vezet: ezeket a megk\u00e9rdezettek 44 sz\u00e1zal\u00e9ka haszn\u00e1lta m\u00e1r, megel\u0151zve az el\u0151takar\u00e9koss\u00e1gi sz\u00e1ml\u00e1kat (31%) \u00e9s a megtakar\u00edt\u00e1si c\u00e9lzat\u00fa biztos\u00edt\u00e1sokat (28%).<\/p>\n<p style=\"font-weight: 400;\">\n<p style=\"font-weight: 400;\">A felm\u00e9r\u00e9sb\u0151l az is l\u00e1tszik, hogy a magas v\u00e9gzetts\u00e9g \u00e9s budapesti lakhely pozit\u00edv hat\u00e1ssal van a befektet\u00e9si form\u00e1k ismeret\u00e9re \u00e9s haszn\u00e1lat\u00e1ra. M\u00edg az \u00e1tlagos v\u00e1laszad\u00f3 a felsorolt t\u00edzb\u0151l hatf\u00e9le befektet\u00e9si form\u00e1t ismert, k\u00f6zel 2 f\u00e9l\u00e9t pedig haszn\u00e1lt is, a fels\u0151fok\u00fa diplom\u00e1val rendelkez\u0151kn\u00e9l \u00e9s a f\u0151v\u00e1rosiakn\u00e1l magasabb sz\u00e1mokat l\u00e1thatunk: 7,5 \u00e9s 2,4, illet\u0151leg 7,5 \u00e9s 2,4. Ez a k\u00e9t ism\u00e9rv a fenntarthat\u00f3s\u00e1g ir\u00e1nti nyitotts\u00e1gra is j\u00f3t\u00e9konyan hat: mik\u00f6zben a megk\u00e9rdezettek 45 sz\u00e1zal\u00e9ka nevezte fontosnak egy v\u00e1llalat meg\u00edt\u00e9l\u00e9se szempontj\u00e1b\u00f3l, hogy az mennyire m\u0171k\u00f6dik fenntarthat\u00f3 m\u00f3don, a fels\u0151fok\u00fa v\u00e9gzetts\u00e9g\u0171ek k\u00f6z\u00f6tt 53 sz\u00e1zal\u00e9k, a budapesti lakosokn\u00e1l pedig 55 sz\u00e1zal\u00e9k ez az ar\u00e1ny. A befektet\u00e9s kiv\u00e1laszt\u00e1s\u00e1nak fontoss\u00e1gi sorrendj\u00e9t egy\u00e9bk\u00e9nt a nyeres\u00e9gess\u00e9g szempontja vezeti (55% tartja d\u00f6nt\u0151nek), a m\u00e1sodik helyen pedig az \u00e1ll, hogyan b\u00e1nik az adott c\u00e9g a munkav\u00e1llal\u00f3ival (48%). A v\u00e1laszad\u00f3k nagy t\u00f6bbs\u00e9ge, 85 sz\u00e1zal\u00e9ka \u00e1ll\u00edtotta azt, hogy el\u0151nyben r\u00e9szes\u00edti a fenntarthat\u00f3s\u00e1got is figyelembe vev\u0151 p\u00e9nz\u00fcgyi term\u00e9keket.<\/p>\n<p style=\"font-weight: 400;\">\n<div class=\"ads-in-post2\"><script async src=\"https:\/\/pagead2.googlesyndication.com\/pagead\/js\/adsbygoogle.js\"><\/script>\r\n<ins class=\"adsbygoogle\"\r\n     style=\"display:block\"\r\n     data-ad-format=\"fluid\"\r\n     data-ad-layout-key=\"-6t+ed+2i-1n-4w\"\r\n     data-ad-client=\"ca-pub-1959107119989764\"\r\n     data-ad-slot=\"4008251320\"><\/ins>\r\n<script>\r\n     (adsbygoogle = window.adsbygoogle || []).push({});\r\n<\/script><\/div>\n<p style=\"font-weight: 400;\">Ez a v\u00e9leked\u00e9s egybecseng a Bank of America elemz\u0151inek meg\u00e1llap\u00edt\u00e1saival, akik az Egyes\u00fclt \u00c1llamok leg\u00e9rt\u00e9kesebb, az\u00a0<a href=\"https:\/\/en.wikipedia.org\/wiki\/S%26P_500\" target=\"_blank\" rel=\"noopener noreferrer\" data-saferedirecturl=\"https:\/\/www.google.com\/url?q=https:\/\/en.wikipedia.org\/wiki\/S%2526P_500&amp;source=gmail&amp;ust=1620549209367000&amp;usg=AFQjCNE9xERGsBvg8LNFnR9-pCIB7bU_zA\">S&amp;P500<\/a>\u00a0indexhez tartoz\u00f3 nagyv\u00e1llalatainak ESG szempontok szerinti teljes\u00edtm\u00e9ny\u00e9t vett\u00e9k g\u00f3rcs\u0151 al\u00e1. Az \u00fczleti szervezetek k\u00f6rnyezeti (Environmental) \u00e9s t\u00e1rsadalmi (Social) hat\u00e1sainak, tov\u00e1bb\u00e1 vezet\u00e9si \u00e9s d\u00f6nt\u00e9si mechanizmusainak (Governance) objekt\u00edv \u00e9rt\u00e9kel\u00e9s\u00e9hez alkalmazott ESG szeml\u00e9let alapj\u00e1n az elemz\u0151k arra jutottak, hogy a fenntarthat\u00f3s\u00e1gi szempontok alapj\u00e1n jobb teljes\u00edtm\u00e9nyt ny\u00fajt\u00f3 c\u00e9gek pap\u00edrjait t\u00f6bbre tartj\u00e1k a befektet\u0151k: \u00e1tlagosan ak\u00e1r 15 sz\u00e1zal\u00e9kkal is dr\u00e1g\u00e1bbak lehetnek, mint az ezen a t\u00e9ren lemarad\u00f3k r\u00e9szv\u00e9nyei. M\u00e9g nagyobb szakad\u00e9k mutatkozik az \u00e1raz\u00e1sban az ESG jelent\u00e9st k\u00e9sz\u00edt\u0151k \u00e9s nem k\u00e9sz\u00edt\u0151k k\u00f6z\u00f6tt. Az elemz\u00e9s ugyanakkor arra is kit\u00e9rt, hogy m\u00edg t\u00edz \u00e9vvel ezel\u0151tt csup\u00e1n a t\u00e1rsas\u00e1gok \u00f6t\u00f6de tett k\u00f6zz\u00e9 ESG jelent\u00e9st, manaps\u00e1g m\u00e1r 90 sz\u00e1zal\u00e9kuk tartozik ebbe a k\u00f6rbe.<\/p>\n<p style=\"font-weight: 400;\">\n<p style=\"font-weight: 400;\">Ebbe a felel\u0151s v\u00e1llalati k\u00f6rbe szeretne tartozni az ALTEO is, amely az id\u00e9n harmadik alkalommal publik\u00e1lt integr\u00e1lt jelent\u00e9st, amely bemutatja a t\u00e1rsas\u00e1g 2020. \u00e9v p\u00e9nz\u00fcgyi, k\u00f6rnyezeti \u00e9s t\u00e1rsadalmi eredm\u00e9nyeit.<strong>\u00a0<\/strong><em>\u201eA fenntarthat\u00f3s\u00e1g 2008-as indul\u00e1sunk \u00f3ta elk\u00eds\u00e9r minket minden \u00fczleti d\u00f6nt\u00e9s\u00fcnkben\u201d\u00a0<\/em>\u2013 mondja ifj. Chik\u00e1n Attila, az ALTEO vez\u00e9rigazgat\u00f3ja, aki szerint a 2024-ig tart\u00f3 beruh\u00e1z\u00e1si programjuk c\u00e9ltudatos \u00e9s hat\u00e1rozott folytat\u00e1sa mellett ebben az \u00e9vben az els\u0151dleges priorit\u00e1sok k\u00f6z\u00e9 tartozik az ESG szempontok min\u00e9l er\u0151teljesebb \u00e9rv\u00e9nyes\u00edt\u00e9se a v\u00e1llalat m\u0171k\u00f6d\u00e9s\u00e9ben.<br \/>\n<div class=\"ads-in-post2\"><script async src=\"https:\/\/pagead2.googlesyndication.com\/pagead\/js\/adsbygoogle.js\"><\/script>\r\n<ins class=\"adsbygoogle\"\r\n     style=\"display:block\"\r\n     data-ad-format=\"fluid\"\r\n     data-ad-layout-key=\"-6t+ed+2i-1n-4w\"\r\n     data-ad-client=\"ca-pub-1959107119989764\"\r\n     data-ad-slot=\"4008251320\"><\/ins>\r\n<script>\r\n     (adsbygoogle = window.adsbygoogle || []).push({});\r\n<\/script><\/div>\n\u00a0<em>\u201eSzeretn\u00e9nk mihamarabb ESG megk\u00f6zel\u00edt\u00e9s alapj\u00e1n min\u0151s\u00edtett v\u00e1llalatk\u00e9nt folytatni a m\u0171k\u00f6d\u00e9s\u00fcnket, \u00fajgener\u00e1ci\u00f3s energiaszolg\u00e1ltat\u00f3k\u00e9nt k\u00f6vetend\u0151 p\u00e9ld\u00e1t mutatva az energetikai piac szerepl\u0151inek\u201d<\/em>\u00a0\u2013 sz\u00f6gezi le a vez\u00e9rigazgat\u00f3, hozz\u00e1t\u00e9ve: ann\u00e1l is ink\u00e1bb \u00e9rdek\u00fcnkben \u00e1ll a min\u0151s\u00edt\u00e9s megszerz\u00e9se, mivel az ESG fokozatosan piaci elv\u00e1r\u00e1ss\u00e1 \u00e9rik a magyar r\u00e9szv\u00e9nypiacon is.<\/p>\n<p style=\"font-weight: 400;\">\n<p style=\"font-weight: 400;\">Az ALTEO Nyrt. jelen sajt\u00f3k\u00f6zlem\u00e9nye alapj\u00e1ul szolg\u00e1l\u00f3 t\u0151kepiaci k\u00f6zlem\u00e9ny a t\u00e1rsas\u00e1g\u00a0<a href=\"https:\/\/investors.alteo.hu\/jelentesek\/eves-jelentesek\/az-alteo-nyrt-integralt-jelentese-2020-2021-05-06\/\" data-saferedirecturl=\"https:\/\/www.google.com\/url?q=https:\/\/investors.alteo.hu\/jelentesek\/eves-jelentesek\/az-alteo-nyrt-integralt-jelentese-2020-2021-05-06\/&amp;source=gmail&amp;ust=1620549209367000&amp;usg=AFQjCNEqiM9sESYrMbWUhA2SGIGHuKUgvA\" target=\"_blank\" rel=\"noopener\">honlapj\u00e1n<\/a>, tov\u00e1bb\u00e1 a Budapesti \u00c9rt\u00e9kt\u0151zsde Zrt.<\/p>\n<p style=\"font-weight: 400;\">A B\u00c9T honlapj\u00e1n:\u00a0<a href=\"https:\/\/www.bet.hu\/site\/newkib\/hu\/2021.05.\/Az_ALTEO_Nyrt._Integralt_Jelentese_2020__128559869\" data-saferedirecturl=\"https:\/\/www.google.com\/url?q=https:\/\/www.bet.hu\/site\/newkib\/hu\/2021.05.\/Az_ALTEO_Nyrt._Integralt_Jelentese_2020__128559869&amp;source=gmail&amp;ust=1620549209367000&amp;usg=AFQjCNG-yl1q63UChEyJFNDe_-UZEPCOtg\" target=\"_blank\" rel=\"noopener\">https:\/\/www.bet.hu\/site\/newkib\/hu\/2021.05.\/Az_ALTEO_Nyrt._Integralt_Jelentese_2020__128559869<\/a><\/p>\n<p style=\"font-weight: 400;\">\u00e9s a Magyar Nemzeti Bank (<a href=\"https:\/\/kozzetetelek.mnb.hu\/downloadkozzetetel?id=638677&amp;did=K201397\/2021\" data-saferedirecturl=\"https:\/\/www.google.com\/url?q=https:\/\/kozzetetelek.mnb.hu\/downloadkozzetetel?id%3D638677%26did%3DK201397\/2021&amp;source=gmail&amp;ust=1620549209367000&amp;usg=AFQjCNHjSLv8eqB74_iePbU42Qd6nbpkwg\" target=\"_blank\" rel=\"noopener\">https:\/\/kozzetetelek.mnb.hu\/downloadkozzetetel?id=638677&amp;did=K201397\/2021<\/a><\/p>\n<p style=\"font-weight: 400;\">e c\u00e9lra szolg\u00e1l\u00f3 k\u00f6zz\u00e9t\u00e9teli fel\u00fclet\u00e9n olvashat\u00f3.<\/p>\n<p style=\"font-weight: 400;\">\n<div class=\"ads-in-post2\"><script async src=\"https:\/\/pagead2.googlesyndication.com\/pagead\/js\/adsbygoogle.js\"><\/script>\r\n<ins class=\"adsbygoogle\"\r\n     style=\"display:block\"\r\n     data-ad-format=\"fluid\"\r\n     data-ad-layout-key=\"-6t+ed+2i-1n-4w\"\r\n     data-ad-client=\"ca-pub-1959107119989764\"\r\n     data-ad-slot=\"4008251320\"><\/ins>\r\n<script>\r\n     (adsbygoogle = window.adsbygoogle || []).push({});\r\n<\/script><\/div>\n<p style=\"font-weight: 400;\"><em><strong>Az ALTEO Nyrt.<\/strong> hazai tulajdonban l\u00e9v\u0151, modern szeml\u00e9letet k\u00e9pvisel\u0151 energetikai szolg\u00e1ltat\u00f3 \u00e9s keresked\u0151 v\u00e1llalat. \u00dczleti tev\u00e9kenys\u00e9ge kiterjed a meg\u00fajul\u00f3 \u00e9s a f\u00f6ldg\u00e1z-energiahordoz\u00f3kon alapul\u00f3 energiatermel\u00e9sre, az energiakereskedelemre, valamint a v\u00e1llalatok sz\u00e1m\u00e1ra t\u00f6rt\u00e9n\u0151, szem\u00e9lyre szabott energetikai szolg\u00e1ltat\u00e1sokra, fejleszt\u00e9sekre. A t\u00e1rsas\u00e1g \u00fcgyfelei sz\u00e1m\u00e1ra megb\u00edzhat\u00f3, k\u00f6rnyezettudatos, a meg\u00fajul\u00f3 energia fenntarthat\u00f3 hasznos\u00edt\u00e1s\u00e1n alapul\u00f3 energiaell\u00e1t\u00e1st biztos\u00edt. Energiakeresked\u0151k\u00e9nt partnerei k\u00f6r\u00e9ben megtal\u00e1lhat\u00f3k hazai kis- \u00e9s k\u00f6z\u00e9pv\u00e1llalkoz\u00e1sok, valamint nagyv\u00e1llalatok egyar\u00e1nt. \u00dcgyfelei ig\u00e9nyeit hat\u00e9konyan tudja kiszolg\u00e1lni saj\u00e1t optim\u00e1lisan kialak\u00edtott \u00f6sszet\u00e9tel\u0171 eszk\u00f6zeinek, valamint szab\u00e1lyoz\u00f3 k\u00f6zpontj\u00e1nak k\u00f6sz\u00f6nhet\u0151en. Az ALTEO r\u00e9szv\u00e9nyeit 2010 okt\u00f3ber\u00e9ben vezett\u00e9k be a Budapesti \u00c9rt\u00e9kt\u0151zsd\u00e9re. A v\u00e1llalat 2016-ban sikeres nyilv\u00e1nos r\u00e9szv\u00e9nykibocs\u00e1t\u00e1st hajtott v\u00e9gre, amely sor\u00e1n r\u00e9szv\u00e9nyei k\u00f6zk\u00e9zh\u00e1nyad\u00e1t n\u00e9gyszeres\u00e9re n\u00f6velte, mik\u00f6zben k\u00f6zel 1,4 milli\u00e1rd forintnyi forr\u00e1st tudott bevonni strat\u00e9giai terveinek megval\u00f3s\u00edt\u00e1s\u00e1hoz. A t\u00e1rsas\u00e1g folyamatosan akt\u00edv a t\u0151kepiacon, 2019 ut\u00e1n 2020-ban is bocs\u00e1tott ki k\u00f6tv\u00e9nyt, ez\u00fattal 3,8 milli\u00e1rd forint \u00e9rt\u00e9kben. Ek\u00f6zben az \u00e1rbev\u00e9tele dinamikusan b\u0151v\u00fclt \u00e9s 2020-ban megk\u00f6zel\u00edtette a 33 milli\u00e1rd forintot, befektetett eszk\u00f6z\u00e1llom\u00e1nya meghaladta a 31 milli\u00e1rdot. Az ALTEO egy dinamikusan fejl\u0151d\u0151, a fenntarthat\u00f3s\u00e1g mellett elk\u00f6telezett v\u00e1llalat, amely m\u0171k\u00f6d\u00e9se sor\u00e1n folyamatosan keresi a beruh\u00e1z\u00e1si \u00e9s b\u0151v\u00fcl\u00e9si lehet\u0151s\u00e9geket, \u00e9s az\u00e9rt dolgozik, hogy \u00fcgyfelei, partnerei sz\u00e1m\u00e1ra a legmagasabb min\u0151s\u00e9g\u0171, leginnovat\u00edvabb szolg\u00e1ltat\u00e1sokat ny\u00fajtsa, \u00e9s ezen kereszt\u00fcl tart\u00f3san n\u00f6velje a r\u00e9szv\u00e9nyesi \u00e9rt\u00e9ket.<\/em><\/p>\n","protected":false},"excerpt":{"rendered":"<p>\u00a0A magas v\u00e9gzetts\u00e9g \u00e9s a budapesti lak\u00f3hely nem csup\u00e1n a befektet\u00e9si form\u00e1k ismeret\u00e9re \u00e9s haszn\u00e1lat\u00e1ra gyakorol pozit\u00edv hat\u00e1st, hanem a fenntarthat\u00f3bb p\u00e9nz\u00fcgyekkel \u00f6sszef\u00fcgg\u0151 \u00e9rz\u00e9kenys\u00e9gre is \u2013 der\u00fclt ki az ALTEO Csoport orsz\u00e1gos, reprezentat\u00edv felm\u00e9r\u00e9s\u00e9b\u0151l. A fenntarthat\u00f3s\u00e1g fokoz\u00f3d\u00f3 jelent\u0151s\u00e9g\u00e9t j\u00f3l \u00e9rz\u00e9kelteti, hogy a leg\u00e9rt\u00e9kesebb amerikai nagyv\u00e1llalatokat t\u00f6m\u00f6r\u00edt\u0151\u00a0S&amp;P500\u00a0indexhez tartoz\u00f3 c\u00e9gek k\u00f6z\u00fcl is azokat \u00e9rt\u00e9kelik t\u00f6bbre a befektet\u0151k, &#8230;<\/p>\n","protected":false},"author":1,"featured_media":0,"comment_status":"closed","ping_status":"open","sticky":false,"template":"","format":"standard","meta":[],"categories":[19],"tags":[],"_links":{"self":[{"href":"https:\/\/gazdasagportal.hu\/index.php\/wp-json\/wp\/v2\/posts\/135549"}],"collection":[{"href":"https:\/\/gazdasagportal.hu\/index.php\/wp-json\/wp\/v2\/posts"}],"about":[{"href":"https:\/\/gazdasagportal.hu\/index.php\/wp-json\/wp\/v2\/types\/post"}],"author":[{"embeddable":true,"href":"https:\/\/gazdasagportal.hu\/index.php\/wp-json\/wp\/v2\/users\/1"}],"replies":[{"embeddable":true,"href":"https:\/\/gazdasagportal.hu\/index.php\/wp-json\/wp\/v2\/comments?post=135549"}],"version-history":[{"count":1,"href":"https:\/\/gazdasagportal.hu\/index.php\/wp-json\/wp\/v2\/posts\/135549\/revisions"}],"predecessor-version":[{"id":135550,"href":"https:\/\/gazdasagportal.hu\/index.php\/wp-json\/wp\/v2\/posts\/135549\/revisions\/135550"}],"wp:attachment":[{"href":"https:\/\/gazdasagportal.hu\/index.php\/wp-json\/wp\/v2\/media?parent=135549"}],"wp:term":[{"taxonomy":"category","embeddable":true,"href":"https:\/\/gazdasagportal.hu\/index.php\/wp-json\/wp\/v2\/categories?post=135549"},{"taxonomy":"post_tag","embeddable":true,"href":"https:\/\/gazdasagportal.hu\/index.php\/wp-json\/wp\/v2\/tags?post=135549"}],"curies":[{"name":"wp","href":"https:\/\/api.w.org\/{rel}","templated":true}]}}