{"id":135545,"date":"2021-05-08T12:51:23","date_gmt":"2021-05-08T10:51:23","guid":{"rendered":"http:\/\/gazdasagportal.hu\/?p=135545"},"modified":"2021-05-08T11:15:13","modified_gmt":"2021-05-08T09:15:13","slug":"orban-az-oltason-mulik-hogy-mikor-indithatjuk-ujra-a-gazdasagainkat","status":"publish","type":"post","link":"https:\/\/gazdasagportal.hu\/index.php\/orban-az-oltason-mulik-hogy-mikor-indithatjuk-ujra-a-gazdasagainkat\/","title":{"rendered":"Orb\u00e1n: az olt\u00e1son m\u00falik, hogy mikor ind\u00edthatjuk \u00fajra a gazdas\u00e1gainkat"},"content":{"rendered":"<p><strong>Az olt\u00e1son m\u00falik, hogy mikor ind\u00edthatjuk \u00fajra a gazdas\u00e1gainkat &#8211; hangs\u00falyozta Orb\u00e1n Viktor minisztereln\u00f6k Port\u00f3ban, az Eur\u00f3pai Uni\u00f3 szoci\u00e1lis cs\u00facstal\u00e1lkoz\u00f3j\u00e1nak els\u0151 munkanapj\u00e1t k\u00f6vet\u0151en a k\u00f6z\u00f6ss\u00e9gi oldal\u00e1n szombaton k\u00f6zz\u00e9tett vide\u00f3ban.<\/strong><!--more--><\/p>\n<div class=\"ads-in-post1\"><div id=\"gazdasagportal.hu_fullbanner_wideboard\"><\/div>\r\n<\/div>\n<p>    A korm\u00e1nyf\u0151 azt mondta: Port\u00f3ban most \u00e9jjel egy \u00f3ra van, otthon meg \u00e9jjel kett\u0151, v\u00e9get \u00e9rt az Eur\u00f3pai Tan\u00e1cs \u00fcl\u00e9s\u00e9nek els\u0151 napja.     &#8222;Vakcina, olt\u00e1s, a gazdas\u00e1g \u00fajraind\u00edt\u00e1sa, ez itt a legfontosabb t\u00e9ma&#8221; &#8211; k\u00f6z\u00f6lte.<br \/>\n    \u00d6r\u00f6mmel fogadta mindenki az Eg\u00e9szs\u00e9g\u00fcgyi Vil\u00e1gszervezet (WHO) d\u00f6nt\u00e9s\u00e9t, hogy egy \u00fajabb vakcin\u00e1t min\u0151s\u00edtettek biztons\u00e1gosnak \u00e9s aj\u00e1nlj\u00e1k haszn\u00e1latra &#8211; utalt Orb\u00e1n Viktor arra, hogy a WHO j\u00f3v\u00e1hagyta p\u00e9nteken a k\u00ednai Sinopharm \u00e1llami gy\u00f3gyszergy\u00e1r \u00e1ltal a koronav\u00edrus ellen kifejlesztett vakcina v\u00e9szhelyzeti alkalmaz\u00e1s\u00e1t.<br \/>\n    A minisztereln\u00f6k lesz\u00f6gezte: ezen m\u00falik minden. \u00dagy folytatta: egyet\u00e9rtettek abban, hogy az olt\u00e1sellenes hangokkal \u00e9s kamp\u00e1nyokkal szemben fel kell l\u00e9pni, \u00e9s &#8222;pr\u00f3b\u00e1ljunk mindenkit eg\u00e9sz Eur\u00f3p\u00e1ban meggy\u0151zni arr\u00f3l, hogy vegye fel az olt\u00e1st&#8221;.<br \/>\n<div class=\"ads-in-post2\"><script async src=\"https:\/\/pagead2.googlesyndication.com\/pagead\/js\/adsbygoogle.js\"><\/script>\r\n<ins class=\"adsbygoogle\"\r\n     style=\"display:block\"\r\n     data-ad-format=\"fluid\"\r\n     data-ad-layout-key=\"-6t+ed+2i-1n-4w\"\r\n     data-ad-client=\"ca-pub-1959107119989764\"\r\n     data-ad-slot=\"4008251320\"><\/ins>\r\n<script>\r\n     (adsbygoogle = window.adsbygoogle || []).push({});\r\n<\/script><\/div>\n    Ezen m\u00falik, hogy mikor ind\u00edthatjuk \u00fara a gazdas\u00e1gainkat &#8211; hangs\u00falyozta.<br \/>\n    &#8222;Gyors alv\u00e1s, holnap folytatjuk&#8221; &#8211; z\u00e1rta szavait a minisztereln\u00f6k.(MTI)<\/p>\n","protected":false},"excerpt":{"rendered":"<p>Az olt\u00e1son m\u00falik, hogy mikor ind\u00edthatjuk \u00fajra a gazdas\u00e1gainkat &#8211; hangs\u00falyozta Orb\u00e1n Viktor minisztereln\u00f6k Port\u00f3ban, az Eur\u00f3pai Uni\u00f3 szoci\u00e1lis cs\u00facstal\u00e1lkoz\u00f3j\u00e1nak els\u0151 munkanapj\u00e1t k\u00f6vet\u0151en a k\u00f6z\u00f6ss\u00e9gi oldal\u00e1n szombaton k\u00f6zz\u00e9tett vide\u00f3ban.<\/p>\n","protected":false},"author":1,"featured_media":0,"comment_status":"closed","ping_status":"open","sticky":false,"template":"","format":"standard","meta":[],"categories":[19],"tags":[],"_links":{"self":[{"href":"https:\/\/gazdasagportal.hu\/index.php\/wp-json\/wp\/v2\/posts\/135545"}],"collection":[{"href":"https:\/\/gazdasagportal.hu\/index.php\/wp-json\/wp\/v2\/posts"}],"about":[{"href":"https:\/\/gazdasagportal.hu\/index.php\/wp-json\/wp\/v2\/types\/post"}],"author":[{"embeddable":true,"href":"https:\/\/gazdasagportal.hu\/index.php\/wp-json\/wp\/v2\/users\/1"}],"replies":[{"embeddable":true,"href":"https:\/\/gazdasagportal.hu\/index.php\/wp-json\/wp\/v2\/comments?post=135545"}],"version-history":[{"count":1,"href":"https:\/\/gazdasagportal.hu\/index.php\/wp-json\/wp\/v2\/posts\/135545\/revisions"}],"predecessor-version":[{"id":135546,"href":"https:\/\/gazdasagportal.hu\/index.php\/wp-json\/wp\/v2\/posts\/135545\/revisions\/135546"}],"wp:attachment":[{"href":"https:\/\/gazdasagportal.hu\/index.php\/wp-json\/wp\/v2\/media?parent=135545"}],"wp:term":[{"taxonomy":"category","embeddable":true,"href":"https:\/\/gazdasagportal.hu\/index.php\/wp-json\/wp\/v2\/categories?post=135545"},{"taxonomy":"post_tag","embeddable":true,"href":"https:\/\/gazdasagportal.hu\/index.php\/wp-json\/wp\/v2\/tags?post=135545"}],"curies":[{"name":"wp","href":"https:\/\/api.w.org\/{rel}","templated":true}]}}