{"id":135536,"date":"2021-05-07T19:58:22","date_gmt":"2021-05-07T17:58:22","guid":{"rendered":"http:\/\/gazdasagportal.hu\/?p=135536"},"modified":"2021-05-07T19:58:22","modified_gmt":"2021-05-07T17:58:22","slug":"megkezdodott-az-unios-csucstalalkozo-portoban","status":"publish","type":"post","link":"https:\/\/gazdasagportal.hu\/index.php\/megkezdodott-az-unios-csucstalalkozo-portoban\/","title":{"rendered":"Megkezd\u0151d\u00f6tt az uni\u00f3s cs\u00facstal\u00e1lkoz\u00f3 Port\u00f3ban"},"content":{"rendered":"<p><strong>A koronav\u00edrus okozta j\u00e1rv\u00e1nyhelyzet, valamint az eur\u00f3pai szoci\u00e1lpolitikai menetrend meghat\u00e1roz\u00e1sa szerepel az uni\u00f3s tagorsz\u00e1gok \u00e1llam-, illetve korm\u00e1nyf\u0151inek a portug\u00e1liai Port\u00f3ban, p\u00e9nteken kezd\u0151d\u00f6tt k\u00e9tnapos, nem hivatalos tal\u00e1lkoz\u00f3j\u00e1nak k\u00f6z\u00e9ppontj\u00e1ban.<\/strong><!--more--><\/p>\n<div class=\"ads-in-post1\"><div id=\"gazdasagportal.hu_fullbanner_wideboard\"><\/div>\r\n<\/div>\n<p>    Az els\u0151 napon az uni\u00f3s tagorsz\u00e1gok vezet\u0151i tan\u00e1cskoz\u00e1st kezdtek az eur\u00f3pai szoci\u00e1lpolitikai menetrend meghat\u00e1roz\u00e1s\u00e1nak c\u00e9lj\u00e1val.<br \/>\nAz uni\u00f3s szoci\u00e1lpolitikai ir\u00e1nyvonalakat a k\u00f6vetkez\u0151 \u00e9vtizedre meghat\u00e1roz\u00f3 menetend meghat\u00e1roz\u00e1sa mellett a tag\u00e1llamok vezet\u0151i v\u00e1rhat\u00f3an meger\u0151s\u00edtik elk\u00f6telezetts\u00e9g\u00fcket a szoci\u00e1lis jogok eur\u00f3pai pill\u00e9r\u00e9nek v\u00e9grehajt\u00e1sa mellett.<br \/>\n    Ursula Von der Leyen, az Eur\u00f3pai Bizotts\u00e1g eln\u00f6ke megnyit\u00f3 besz\u00e9d\u00e9ben kiemelte, hogy a j\u00e1rv\u00e1nynak \u00e9s az abb\u00f3l ered\u0151 bizonytalans\u00e1gnak m\u00e9g kor\u00e1nt sincs v\u00e9ge a vil\u00e1gban. Mint mondta, az egyed\u00fcl\u00e1ll\u00f3 eur\u00f3pai szoci\u00e1lis piacgazdas\u00e1gi modell az, ami legf\u0151k\u00e9ppen biztons\u00e1got tud ny\u00fajtani a legr\u00e1szorul\u00f3bbak sz\u00e1m\u00e1ra a v\u00e1ls\u00e1g alatt, mivel a tisztess\u00e9ges versenyen, az innov\u00e1ci\u00f3n \u00e9s a fenntarthat\u00f3 n\u00f6veked\u00e9sen alapul.<br \/>\n    Felh\u00edvta azonban a figyelmet, hogy a vil\u00e1g folyamatosan \u00e1talakul, a t\u00e1rsadalom el\u00f6regedik, egyre fokozottabb a glob\u00e1lis felmeleged\u00e9s. Utalt arra is, hogy a koronav\u00edrus-j\u00e1rv\u00e1ny megrengette a vil\u00e1ggazdas\u00e1got, t\u00f6megek meg\u00e9lhet\u00e9s\u00e9t lehetetlen\u00edtette el. Arra is kit\u00e9rt, hogy a j\u00e1rv\u00e1ny r\u00e1vil\u00e1g\u00edtott az eur\u00f3pai gazdas\u00e1g ellentmond\u00e1sira is, f\u0151k\u00e9nt a munkav\u00e1llal\u00f3k jogai \u00e9s szoci\u00e1lis biztons\u00e1ga k\u00f6z\u00f6tt egyenl\u0151tlens\u00e9gekre.<br \/>\n<div class=\"ads-in-post2\"><script async src=\"https:\/\/pagead2.googlesyndication.com\/pagead\/js\/adsbygoogle.js\"><\/script>\r\n<ins class=\"adsbygoogle\"\r\n     style=\"display:block\"\r\n     data-ad-format=\"fluid\"\r\n     data-ad-layout-key=\"-6t+ed+2i-1n-4w\"\r\n     data-ad-client=\"ca-pub-1959107119989764\"\r\n     data-ad-slot=\"4008251320\"><\/ins>\r\n<script>\r\n     (adsbygoogle = window.adsbygoogle || []).push({});\r\n<\/script><\/div>\n    Kiemelte, hogy az \u00e9vtized v\u00e9g\u00e9ig v\u00e1ltoz\u00e1sokat kell el\u00e9rni, p\u00e9ld\u00e1ul az eur\u00f3pai feln\u0151tt lakoss\u00e1g legal\u00e1bb 78 sz\u00e1zal\u00e9k\u00e1nak foglalkoztatotts\u00e1g\u00e1t, rendszeres k\u00e9pz\u00e9s\u00e9t a z\u00f6ld \u00e9s digit\u00e1lis \u00e1talakul\u00e1s keret\u00e9ben. Az uni\u00f3 c\u00e9lja tov\u00e1bb\u00e1, hogy 15 milli\u00f3 eur\u00f3pait, k\u00f6zt\u00fck 5 milli\u00f3 gyermeket kiemeljen a szeg\u00e9nys\u00e9gb\u0151l, illetve teljesen felsz\u00e1molja a nemek k\u00f6z\u00f6tti j\u00f6vedelemk\u00fcl\u00f6nbs\u00e9geket.<br \/>\n    A bizotts\u00e1g eln\u00f6ke felsz\u00f3l\u00edtotta az uni\u00f3s tag\u00e1llamokat, hogy a h\u00f3nap v\u00e9g\u00e9ig ratifik\u00e1lj\u00e1k a saj\u00e1t forr\u00e1sokr\u00f3l sz\u00f3l\u00f3 hat\u00e1rozatot, hogy a 750 milli\u00e1rd eur\u00f3t fel\u00f6lel\u0151 uni\u00f3s helyre\u00e1ll\u00edt\u00e1si program a lehet\u0151 leghamarabb m\u0171k\u00f6d\u00e9sbe l\u00e9phessen.<br \/>\n    A cs\u00facstal\u00e1lkoz\u00f3 szombati napj\u00e1n az uni\u00f3s vezet\u0151k a koronav\u00edrus-j\u00e1rv\u00e1nnyal \u00f6sszef\u00fcgg\u0151 szoci\u00e1lis k\u00e9rd\u00e9sekr\u0151l vit\u00e1znak. Els\u0151sorban arr\u00f3l tan\u00e1cskoznak, hogy mik\u00e9nt \u00f6szt\u00f6n\u00f6zhet\u0151 a gazdas\u00e1gi helyre\u00e1ll\u00edt\u00e1s, majd mik\u00e9nt v\u00e1lthat\u00f3k fel a munkahelyek v\u00e9delm\u00e9ben tett er\u0151fesz\u00edt\u00e9sek a munkahelyteremt\u00e9s \u00e9s a munkahelyek min\u0151s\u00e9g\u00e9nek jav\u00edt\u00e1s\u00e1t c\u00e9lz\u00f3 int\u00e9zked\u00e9sekkel. Megvitatj\u00e1k azt is, hogyan t\u00e1mogathat\u00f3k azok a fiatalok, akiket h\u00e1tr\u00e1nyosan \u00e9rintett a v\u00e1ls\u00e1g, megzavarva munkaer\u0151piaci r\u00e9szv\u00e9tel\u00fcket, valamint oktat\u00e1si \u00e9s k\u00e9pz\u00e9si terveik megval\u00f3s\u00edt\u00e1s\u00e1t.(MTI)<\/p>\n","protected":false},"excerpt":{"rendered":"<p>A koronav\u00edrus okozta j\u00e1rv\u00e1nyhelyzet, valamint az eur\u00f3pai szoci\u00e1lpolitikai menetrend meghat\u00e1roz\u00e1sa szerepel az uni\u00f3s tagorsz\u00e1gok \u00e1llam-, illetve korm\u00e1nyf\u0151inek a portug\u00e1liai Port\u00f3ban, p\u00e9nteken kezd\u0151d\u00f6tt k\u00e9tnapos, nem hivatalos tal\u00e1lkoz\u00f3j\u00e1nak k\u00f6z\u00e9ppontj\u00e1ban.<\/p>\n","protected":false},"author":1,"featured_media":0,"comment_status":"closed","ping_status":"open","sticky":false,"template":"","format":"standard","meta":[],"categories":[19,246],"tags":[],"_links":{"self":[{"href":"https:\/\/gazdasagportal.hu\/index.php\/wp-json\/wp\/v2\/posts\/135536"}],"collection":[{"href":"https:\/\/gazdasagportal.hu\/index.php\/wp-json\/wp\/v2\/posts"}],"about":[{"href":"https:\/\/gazdasagportal.hu\/index.php\/wp-json\/wp\/v2\/types\/post"}],"author":[{"embeddable":true,"href":"https:\/\/gazdasagportal.hu\/index.php\/wp-json\/wp\/v2\/users\/1"}],"replies":[{"embeddable":true,"href":"https:\/\/gazdasagportal.hu\/index.php\/wp-json\/wp\/v2\/comments?post=135536"}],"version-history":[{"count":1,"href":"https:\/\/gazdasagportal.hu\/index.php\/wp-json\/wp\/v2\/posts\/135536\/revisions"}],"predecessor-version":[{"id":135537,"href":"https:\/\/gazdasagportal.hu\/index.php\/wp-json\/wp\/v2\/posts\/135536\/revisions\/135537"}],"wp:attachment":[{"href":"https:\/\/gazdasagportal.hu\/index.php\/wp-json\/wp\/v2\/media?parent=135536"}],"wp:term":[{"taxonomy":"category","embeddable":true,"href":"https:\/\/gazdasagportal.hu\/index.php\/wp-json\/wp\/v2\/categories?post=135536"},{"taxonomy":"post_tag","embeddable":true,"href":"https:\/\/gazdasagportal.hu\/index.php\/wp-json\/wp\/v2\/tags?post=135536"}],"curies":[{"name":"wp","href":"https:\/\/api.w.org\/{rel}","templated":true}]}}