{"id":135511,"date":"2021-05-07T10:24:26","date_gmt":"2021-05-07T08:24:26","guid":{"rendered":"http:\/\/gazdasagportal.hu\/?p=135511"},"modified":"2021-05-07T08:16:35","modified_gmt":"2021-05-07T06:16:35","slug":"egyetlen-beteg-maradt-san-marinoban-ezert-bezartak-a-covid-19-korhazi-osztalyt","status":"publish","type":"post","link":"https:\/\/gazdasagportal.hu\/index.php\/egyetlen-beteg-maradt-san-marinoban-ezert-bezartak-a-covid-19-korhazi-osztalyt\/","title":{"rendered":"Egyetlen beteg maradt San Marin\u00f3ban, ez\u00e9rt bez\u00e1rt\u00e1k a Covid-19 k\u00f3rh\u00e1zi oszt\u00e1lyt"},"content":{"rendered":"<p><strong>Egyetlen beteg maradt San Marino K\u00f6zt\u00e1rsas\u00e1g k\u00f3rh\u00e1z\u00e1ban, ez\u00e9rt bez\u00e1rt\u00e1k a Sars-CoV-2 v\u00edrussal fert\u0151z\u00f6tteknek fenntartott oszt\u00e1lyt &#8211; jelentette a mini\u00e1llam eg\u00e9szs\u00e9g\u00fcgyi int\u00e9zete cs\u00fct\u00f6rt\u00f6k\u00f6n.<\/strong><!--more--><\/p>\n<div class=\"ads-in-post1\"><div id=\"gazdasagportal.hu_fullbanner_wideboard\"><\/div>\r\n<\/div>\n<p>    A 34 ezres k\u00f6zt\u00e1rsas\u00e1gban az ut\u00f3bbi napon egyetlen \u00faj beteget regisztr\u00e1ltak. Tov\u00e1bbi n\u00e9gyen vannak m\u00e9g l\u00e9legeztet\u0151-g\u00e9pen, de teszteredm\u00e9ny\u00fck m\u00e1r negat\u00edvnak bizonyult. H\u00e1zi karant\u00e9nban 31 ember van.<br \/>\n    A kedvez\u0151 j\u00e1rv\u00e1nyadatokat a m\u00e1rciust\u00f3l ind\u00edtott olt\u00e1si kamp\u00e1ny siker\u00e9nek tulajdon\u00edtotta Alessandra Bruschi a helyi eg\u00e9szs\u00e9g\u00fcgyi hivatal (ISS) igazgat\u00f3ja.<br \/>\n    San Marin\u00f3ban az orosz Szputnyik V-vakcin\u00e1t, valamint az amerikai-n\u00e9met Pfizer-BioNTech olt\u00f3anyagot haszn\u00e1lj\u00e1k, amelyet Izraelt\u0151l v\u00e1s\u00e1roltak. A lakoss\u00e1g t\u00f6bb mint hetven sz\u00e1zal\u00e9k\u00e1t m\u00e1r beoltott\u00e1k a vakcina els\u0151 adagj\u00e1val, t\u00f6bb mint a fele pedig m\u00e1r a m\u00e1sodik adagot is megkapta.<br \/>\n    Az ISS vezet\u0151je k\u00f6z\u00f6lte, hogy a Covid-19 oszt\u00e1ly bez\u00e1r\u00e1sa ut\u00e1n a k\u00f3rh\u00e1zi kezel\u00e9st ig\u00e9nyl\u0151, esetleges k\u00f6vetkez\u0151 betegeket elszigetelik, de nem tartanak fenn nekik k\u00fcl\u00f6n sz\u00e1rnyat San Marino k\u00f3rh\u00e1z\u00e1ban.<br \/>\n    Olaszorsz\u00e1gban 22,3 milli\u00f3an kaptak olt\u00e1st szerda estig. A m\u00e1sodik d\u00f3zisban r\u00e9szes\u00fcltek sz\u00e1ma el\u00e9rte a 6,7 milli\u00f3t. Az eg\u00e9szs\u00e9g\u00fcgyi t\u00e1rca bejelent\u00e9se szerint m\u00e1jus 10-t\u0151l megkezd\u0151dik a \u00f6tvenesek t\u00f6meges olt\u00e1sa. A Pfizer \u00e9s a Moderna els\u0151 \u00e9s m\u00e1sodik v\u00e9d\u0151olt\u00e1sa k\u00f6z\u00f6tti intervallumot 42 napra emelik.<br \/>\n<div class=\"ads-in-post2\"><script async src=\"https:\/\/pagead2.googlesyndication.com\/pagead\/js\/adsbygoogle.js\"><\/script>\r\n<ins class=\"adsbygoogle\"\r\n     style=\"display:block\"\r\n     data-ad-format=\"fluid\"\r\n     data-ad-layout-key=\"-6t+ed+2i-1n-4w\"\r\n     data-ad-client=\"ca-pub-1959107119989764\"\r\n     data-ad-slot=\"4008251320\"><\/ins>\r\n<script>\r\n     (adsbygoogle = window.adsbygoogle || []).push({});\r\n<\/script><\/div>\n    P\u00e9ntekt\u0151l megkezd\u0151dik az olasz szigetek lakoss\u00e1g\u00e1nak teljes olt\u00e1sa. Az els\u0151 a h\u00e9tezer lakos\u00fa Procida volt a N\u00e1polyi-\u00f6b\u00f6lben. Most majd &#8211; a t\u00f6bbi k\u00f6z\u00f6tt &#8211; Stromboli \u00e9s Lampedusa 18 \u00e9ven feletti lak\u00f3it oltj\u00e1k.<br \/>\n      Az idegenforgalomb\u00f3l \u00e9l\u0151 szigetek azt k\u00f6vet\u0151en ind\u00edtott\u00e1k el az olt\u00e1si kamp\u00e1nyt, hogy Spanyolorsz\u00e1g \u00e9s G\u00f6r\u00f6gorsz\u00e1g szigetei szint\u00e9n a helyiek beolt\u00e1s\u00e1val igyekeznek csalogatni a turist\u00e1kat az \u00edgy &#8222;Covid-19 mentes&#8221; t\u00e9rs\u00e9gekbe.(MTI)<\/p>\n","protected":false},"excerpt":{"rendered":"<p>Egyetlen beteg maradt San Marino K\u00f6zt\u00e1rsas\u00e1g k\u00f3rh\u00e1z\u00e1ban, ez\u00e9rt bez\u00e1rt\u00e1k a Sars-CoV-2 v\u00edrussal fert\u0151z\u00f6tteknek fenntartott oszt\u00e1lyt &#8211; jelentette a mini\u00e1llam eg\u00e9szs\u00e9g\u00fcgyi int\u00e9zete cs\u00fct\u00f6rt\u00f6k\u00f6n.<\/p>\n","protected":false},"author":1,"featured_media":0,"comment_status":"closed","ping_status":"open","sticky":false,"template":"","format":"standard","meta":[],"categories":[427],"tags":[],"_links":{"self":[{"href":"https:\/\/gazdasagportal.hu\/index.php\/wp-json\/wp\/v2\/posts\/135511"}],"collection":[{"href":"https:\/\/gazdasagportal.hu\/index.php\/wp-json\/wp\/v2\/posts"}],"about":[{"href":"https:\/\/gazdasagportal.hu\/index.php\/wp-json\/wp\/v2\/types\/post"}],"author":[{"embeddable":true,"href":"https:\/\/gazdasagportal.hu\/index.php\/wp-json\/wp\/v2\/users\/1"}],"replies":[{"embeddable":true,"href":"https:\/\/gazdasagportal.hu\/index.php\/wp-json\/wp\/v2\/comments?post=135511"}],"version-history":[{"count":1,"href":"https:\/\/gazdasagportal.hu\/index.php\/wp-json\/wp\/v2\/posts\/135511\/revisions"}],"predecessor-version":[{"id":135512,"href":"https:\/\/gazdasagportal.hu\/index.php\/wp-json\/wp\/v2\/posts\/135511\/revisions\/135512"}],"wp:attachment":[{"href":"https:\/\/gazdasagportal.hu\/index.php\/wp-json\/wp\/v2\/media?parent=135511"}],"wp:term":[{"taxonomy":"category","embeddable":true,"href":"https:\/\/gazdasagportal.hu\/index.php\/wp-json\/wp\/v2\/categories?post=135511"},{"taxonomy":"post_tag","embeddable":true,"href":"https:\/\/gazdasagportal.hu\/index.php\/wp-json\/wp\/v2\/tags?post=135511"}],"curies":[{"name":"wp","href":"https:\/\/api.w.org\/{rel}","templated":true}]}}