{"id":135441,"date":"2021-05-04T15:16:55","date_gmt":"2021-05-04T13:16:55","guid":{"rendered":"http:\/\/gazdasagportal.hu\/?p=135441"},"modified":"2021-05-04T15:16:55","modified_gmt":"2021-05-04T13:16:55","slug":"felere-csokkent-az-udulesi-celu-utazasok-szama-tavaly-ausztriaban","status":"publish","type":"post","link":"https:\/\/gazdasagportal.hu\/index.php\/felere-csokkent-az-udulesi-celu-utazasok-szama-tavaly-ausztriaban\/","title":{"rendered":"Fel\u00e9re cs\u00f6kkent az \u00fcd\u00fcl\u00e9si c\u00e9l\u00fa utaz\u00e1sok sz\u00e1ma tavaly Ausztri\u00e1ban"},"content":{"rendered":"<p><strong>Tavaly a j\u00e1rv\u00e1ny elleni korl\u00e1toz\u00e1sok miatt csaknem fel\u00e9vel cs\u00f6kkent az \u00fcd\u00fcl\u00e9si c\u00e9l\u00fa utaz\u00e1sok sz\u00e1ma,\u00a0\u00a0 a csal\u00e1dl\u00e1togat\u00e1sokat \u00e9s ismer\u0151s\u00f6k felkeres\u00e9s\u00e9t is bele\u00e9rtbe, a Statistik Austria kedden publik\u00e1lt kimutat\u00e1sa alapj\u00e1n.<\/strong><!--more--><\/p>\n<div class=\"ads-in-post1\"><div id=\"gazdasagportal.hu_fullbanner_wideboard\"><\/div>\r\n<\/div>\n<p>A 2019-es 21,1 milli\u00f3 ut\u00e1n tavaly 12,0 milli\u00f3, 43,3 sz\u00e1zal\u00e9kkal kevesebb \u00fcd\u00fcl\u00e9si c\u00e9l\u00fa utaz\u00e1son vettek r\u00e9szt a 15 \u00e9v feletti osztr\u00e1k lakosok. Ezekbe az utaz\u00e1sokba nemcsak a kereskedelmi sz\u00e1ll\u00e1shelyek, hanem rokonok \u00e9s ismer\u0151s\u00f6k felkeres\u00e9se is bele\u00e9rtend\u0151. Az utaz\u00e1sok sz\u00e1ma \u00edgy tavaly a 2000-es szint k\u00f6zel\u00e9be esett vissza, amikor 13,9 milli\u00f3t regisztr\u00e1ltak.<br \/>\nAz \u00fczleti utak sz\u00e1ma 55,7 sz\u00e1zal\u00e9kkal 1,6 milli\u00f3ra cs\u00f6kkent a 2019-es 3,6 milli\u00f3r\u00f3l.<br \/>\nA hosszabb, legal\u00e1bb n\u00e9gy\u00e9jszak\u00e1s pihen\u0151utak sz\u00e1ma 50,1 sz\u00e1zal\u00e9kkal cs\u00f6kkent 4,9 milli\u00f3ra, a legfeljebb h\u00e1rom\u00e9jszak\u00e1s utak\u00e9 pedig 37,1 sz\u00e1zal\u00e9kkal 7,1 milli\u00f3ra.<br \/>\nTobias Thomas, a Statistik Austira vez\u00e9rigazgat\u00f3ja elmondta, hogy az \u00fcd\u00fcl\u00e9si c\u00e9l\u00fa utaz\u00e1sok cs\u00f6kken\u00e9sen nem egyenl\u0151 m\u00e9rt\u00e9kben oszlott meg a k\u00fcl- \u00e9s belf\u00f6ldi viszonylatok k\u00f6z\u00f6tt, az osztr\u00e1k lakosok k\u00fclf\u00f6ldi utaz\u00e1sai k\u00e9tharmaddal estek vissza, belf\u00f6ldi utaz\u00e1saik viszont csak egy \u00f6t\u00f6d\u00e9vel.<br \/>\nA k\u00fclf\u00f6ldi utak sz\u00e1ma 68,2 sz\u00e1zal\u00e9kkal cs\u00f6kkent 3,2 milli\u00f3ra a 2019-es 10,1 milli\u00f3r\u00f3l. A belf\u00f6ldi utak\u00e9 pedig 20,8 sz\u00e1zal\u00e9kkal 8,8 milli\u00f3ra 11,1 milli\u00f3r\u00f3l. Az ar\u00e1ny 73,4 sz\u00e1zal\u00e9kra billent a belf\u00f6ldi utak jav\u00e1ra az el\u0151z\u0151 \u00e9vi 52,5 sz\u00e1zal\u00e9kr\u00f3l.<br \/>\nCs\u00f6kkent az utaz\u00f3k sz\u00e1ma is, m\u00e9gpedig t\u00f6bb mint egy \u00f6t\u00f6d\u00e9vel, 22,1 sz\u00e1zal\u00e9kkal 4,5 milli\u00f3ra. A 15 \u00e9vn\u00e9l id\u0151sebb lakoss\u00e1g k\u00f6r\u00e9ben az utaz\u00e1si aktivit\u00e1si ar\u00e1ny 17,5 sz\u00e1zal\u00e9kponttal 60,3 sz\u00e1zal\u00e9kra cs\u00f6kkent. Kor szerinti megoszl\u00e1sban az id\u0151sek utaz\u00e1si r\u00e9szv\u00e9teli aktivit\u00e1sa cs\u00f6kkent a legnagyobb m\u00e9rt\u00e9kben, a 65 \u00e9v felettiekn\u00e9l 24,7 sz\u00e1zal\u00e9kponttal 35,9 sz\u00e1zal\u00e9kra.<br \/>\n<div class=\"ads-in-post2\"><script async src=\"https:\/\/pagead2.googlesyndication.com\/pagead\/js\/adsbygoogle.js\"><\/script>\r\n<ins class=\"adsbygoogle\"\r\n     style=\"display:block\"\r\n     data-ad-format=\"fluid\"\r\n     data-ad-layout-key=\"-6t+ed+2i-1n-4w\"\r\n     data-ad-client=\"ca-pub-1959107119989764\"\r\n     data-ad-slot=\"4008251320\"><\/ins>\r\n<script>\r\n     (adsbygoogle = window.adsbygoogle || []).push({});\r\n<\/script><\/div>\nSzabads\u00e1guk legnagyobb r\u00e9sz\u00e9t rokonokn\u00e1l \u00e9s ismer\u0151s\u00f6kn\u00e9l t\u00f6lt\u00f6tt\u00e9k el tavaly az osztr\u00e1kok. Az ilyen c\u00e9l\u00fa utaz\u00e1sok ar\u00e1nya 33,5 sz\u00e1zal\u00e9kra emelkedett a 2019-es 25,5 sz\u00e1zal\u00e9kr\u00f3l.<br \/>\nUtaz\u00e1saik legnagyobb h\u00e1nyad\u00e1t szem\u00e9lyg\u00e9pkocsival oldott\u00e1k meg, az ar\u00e1ny 77,1 sz\u00e1zal\u00e9kra emelkedett az el\u0151z\u0151 \u00e9vi 63,9 sz\u00e1zal\u00e9kr\u00f3l. A nyolcvanas \u00e9vek szintj\u00e9re esett vissza viszont a rep\u00fcl\u0151g\u00e9ppel teljes\u00edtett utaz\u00e1sok ar\u00e1nya, 6,5 sz\u00e1zal\u00e9kra a 2019-es 19,7 sz\u00e1zal\u00e9kr\u00f3l.<br \/>\nAz utaz\u00e1s elhalaszt\u00e1s\u00e1nak okair\u00f3l v\u00e9gzett felm\u00e9r\u00e9sek tavaly hozt\u00e1k ki els\u0151 alkalommal a biztons\u00e1gi aggodalmakat a d\u00f6nt\u00e9sek meghozatal\u00e1ban. Eszerint tavaly 48,9 sz\u00e1zal\u00e9kuk d\u00f6nt\u00f6tt az otthon marad\u00e1s mellett biztons\u00e1gi aggodalmak miatt, m\u00edg 2019-ben 6,6 sz\u00e1zal\u00e9k volt az ar\u00e1ny.<br \/>\n<a title=\"Hely megnyit\u00e1sa\" href=\"https:\/\/www.statistik.at\/web_de\/presse\/125901.html\" target=\"_blank\" rel=\"noopener noreferrer\">https:\/\/www.statistik.at\/web_de\/presse\/125901.html<\/a><br \/>\n(MTI)<\/p>\n","protected":false},"excerpt":{"rendered":"<p>Tavaly a j\u00e1rv\u00e1ny elleni korl\u00e1toz\u00e1sok miatt csaknem fel\u00e9vel cs\u00f6kkent az \u00fcd\u00fcl\u00e9si c\u00e9l\u00fa utaz\u00e1sok sz\u00e1ma,\u00a0\u00a0 a csal\u00e1dl\u00e1togat\u00e1sokat \u00e9s ismer\u0151s\u00f6k felkeres\u00e9s\u00e9t is bele\u00e9rtbe, a Statistik Austria kedden publik\u00e1lt kimutat\u00e1sa alapj\u00e1n.<\/p>\n","protected":false},"author":1001006,"featured_media":0,"comment_status":"closed","ping_status":"open","sticky":false,"template":"","format":"standard","meta":[],"categories":[19,246],"tags":[],"_links":{"self":[{"href":"https:\/\/gazdasagportal.hu\/index.php\/wp-json\/wp\/v2\/posts\/135441"}],"collection":[{"href":"https:\/\/gazdasagportal.hu\/index.php\/wp-json\/wp\/v2\/posts"}],"about":[{"href":"https:\/\/gazdasagportal.hu\/index.php\/wp-json\/wp\/v2\/types\/post"}],"author":[{"embeddable":true,"href":"https:\/\/gazdasagportal.hu\/index.php\/wp-json\/wp\/v2\/users\/1001006"}],"replies":[{"embeddable":true,"href":"https:\/\/gazdasagportal.hu\/index.php\/wp-json\/wp\/v2\/comments?post=135441"}],"version-history":[{"count":1,"href":"https:\/\/gazdasagportal.hu\/index.php\/wp-json\/wp\/v2\/posts\/135441\/revisions"}],"predecessor-version":[{"id":135442,"href":"https:\/\/gazdasagportal.hu\/index.php\/wp-json\/wp\/v2\/posts\/135441\/revisions\/135442"}],"wp:attachment":[{"href":"https:\/\/gazdasagportal.hu\/index.php\/wp-json\/wp\/v2\/media?parent=135441"}],"wp:term":[{"taxonomy":"category","embeddable":true,"href":"https:\/\/gazdasagportal.hu\/index.php\/wp-json\/wp\/v2\/categories?post=135441"},{"taxonomy":"post_tag","embeddable":true,"href":"https:\/\/gazdasagportal.hu\/index.php\/wp-json\/wp\/v2\/tags?post=135441"}],"curies":[{"name":"wp","href":"https:\/\/api.w.org\/{rel}","templated":true}]}}