{"id":135437,"date":"2021-05-04T14:19:30","date_gmt":"2021-05-04T12:19:30","guid":{"rendered":"http:\/\/gazdasagportal.hu\/?p=135437"},"modified":"2021-05-04T14:19:30","modified_gmt":"2021-05-04T12:19:30","slug":"varga-mihaly-a-jovo-evi-koltsegvetes-a-gazdasag-ujrainditasarol-szol","status":"publish","type":"post","link":"https:\/\/gazdasagportal.hu\/index.php\/varga-mihaly-a-jovo-evi-koltsegvetes-a-gazdasag-ujrainditasarol-szol\/","title":{"rendered":"Varga Mih\u00e1ly: a j\u00f6v\u0151 \u00e9vi k\u00f6lts\u00e9gvet\u00e9s a gazdas\u00e1g \u00fajraind\u00edt\u00e1s\u00e1r\u00f3l sz\u00f3l"},"content":{"rendered":"<p><strong>A j\u00e1rv\u00e1ny miatt a 2022-es k\u00f6lts\u00e9gvet\u00e9s tervezet\u00e9nek leghangs\u00falyosabb eleme a gazdas\u00e1g \u00fajraind\u00edt\u00e1sa, mindemellett meg\u0151rzi a korm\u00e1ny eddigi \u00e9rt\u00e9keit, \u00edgy a csal\u00e1dok v\u00e9delm\u00e9nek, a gyermeket nevel\u0151k t\u00e1mogat\u00e1s\u00e1nak \u00e9s az id\u0151sek megbecs\u00fcl\u00e9s\u00e9nek is kiemelt szerep jut &#8211; mondta Varga Mih\u00e1ly p\u00e9nz\u00fcgyminiszter annak alkalm\u00e1b\u00f3l, hogy a 2022-es k\u00f6lts\u00e9gvet\u00e9si t\u00f6rv\u00e9nyjavaslatot \u00e1tny\u00fajtotta Latorcai J\u00e1nosnak, az Orsz\u00e1ggy\u0171l\u00e9s aleln\u00f6k\u00e9nek Budapesten, a parlamentben, kedden.<\/strong><!--more--><\/p>\n<div class=\"ads-in-post1\"><div id=\"gazdasagportal.hu_fullbanner_wideboard\"><\/div>\r\n<\/div>\n<p>    Kiemelte: a 2022-es k\u00f6lts\u00e9gvet\u00e9si t\u00f6rv\u00e9nyjavaslatban a korm\u00e1ny dinamikus, 5,2 sz\u00e1zal\u00e9kos gazdas\u00e1gi n\u00f6veked\u00e9ssel sz\u00e1mol, GDP-ar\u00e1nyosan 5,9 sz\u00e1zal\u00e9kos hi\u00e1nyc\u00e9l \u00e9s 79,3 sz\u00e1zal\u00e9kos \u00e1llamad\u00f3ss\u00e1g mellett.<br \/>\n    A javaslat hat c\u00e9lnak felel meg, ezek: a gazdas\u00e1g \u00fajraind\u00edt\u00e1sa, a csal\u00e1dok t\u00e1mogat\u00e1sa, a 13. havi nyugd\u00edj vissza\u00e9p\u00edt\u00e9se, a 25 \u00e9v alatti fiatalok ad\u00f3mentess\u00e9ge, a munk\u00e1ltat\u00f3i ad\u00f3terhek tov\u00e1bbi cs\u00f6kkent\u00e9se \u00e9s a munkahelyteremt\u00e9shez, illetve a beruh\u00e1z\u00e1sok t\u00e1mogat\u00e1s\u00e1hoz sz\u00fcks\u00e9ges forr\u00e1sok biztos\u00edt\u00e1sa &#8211; mondta a p\u00e9nz\u00fcgyminiszter.<br \/>\n    A r\u00e9szleteket ismertetve Varga Mih\u00e1ly elmondta, hogy a tervezetben a gazdas\u00e1g \u00fajraind\u00edt\u00e1s\u00e1ra 7308 milli\u00e1rd forint \u00e1ll rendelkez\u00e9sre. Az \u00fajraind\u00edt\u00e1si akci\u00f3terv a modern magyar t\u00f6rt\u00e9nelem legnagyobb gazdas\u00e1gi programja &#8211; jegyezte meg a p\u00e9nz\u00fcgyminiszter.<br \/>\n    A legf\u0151bb ter\u00fcletek 2022-ben a kor\u00e1bbi \u00e9vekhez hasonl\u00f3an t\u00f6bb forr\u00e1ssal gazd\u00e1lkodhatnak; csal\u00e1di t\u00e1mogat\u00e1sokra &#8211; p\u00e9ld\u00e1ul fiatalok szja-mentess\u00e9g\u00e9re, otthonteremt\u00e9sre &#8211; 2778 milli\u00e1rd forint \u00e1ll rendelkez\u00e9sre a j\u00f6v\u0151 \u00e9vi k\u00f6lts\u00e9gvet\u00e9s-tervezetben, ami az idein\u00e9l 483 milli\u00e1rd forinttal magasabb &#8211; fejtette ki.<br \/>\n<div class=\"ads-in-post2\"><script async src=\"https:\/\/pagead2.googlesyndication.com\/pagead\/js\/adsbygoogle.js\"><\/script>\r\n<ins class=\"adsbygoogle\"\r\n     style=\"display:block\"\r\n     data-ad-format=\"fluid\"\r\n     data-ad-layout-key=\"-6t+ed+2i-1n-4w\"\r\n     data-ad-client=\"ca-pub-1959107119989764\"\r\n     data-ad-slot=\"4008251320\"><\/ins>\r\n<script>\r\n     (adsbygoogle = window.adsbygoogle || []).push({});\r\n<\/script><\/div>\n    J\u00f6v\u0151re is \u00e1fa- \u00e9s illet\u00e9kmentess\u00e9ggel seg\u00edti a korm\u00e1ny az \u00faj otthonba k\u00f6lt\u00f6z\u0151 csal\u00e1dokat, ami 170 milli\u00e1rd forint megtakar\u00edt\u00e1st jelenthet az \u00e9rintetteknek &#8211; emelte ki a p\u00e9nz\u00fcgyi t\u00e1rca vezet\u0151je.<br \/>\n    Nyugd\u00edjkifizet\u00e9sre 255 milli\u00e1rd forinttal t\u00f6bbet k\u00f6lt 2022-ben a korm\u00e1ny az ideihez k\u00e9pest; rendelkez\u00e9sre \u00e1ll az \u00f6sszeg &#8211; 160 milli\u00e1rd forint &#8211; a 13. havi nyugd\u00edj vissza\u00e9p\u00edt\u00e9s\u00e9re is &#8211; h\u00fazta al\u00e1 Varga Mih\u00e1ly. Azt is hozz\u00e1tette, hogy a nyugd\u00edjak az infl\u00e1ci\u00f3 v\u00e1rhat\u00f3 \u00fctem\u00e9t fogj\u00e1k k\u00f6vetni (a k\u00f6lts\u00e9gvet\u00e9sben 3 sz\u00e1zal\u00e9kos infl\u00e1ci\u00f3 szerepel). Magasabb n\u00f6veked\u00e9s eset\u00e9n &#8211; folytatta &#8211; nyugd\u00edjpr\u00e9miumra is sz\u00e1m\u00edthatnak az id\u0151sek, amire 68,5 milli\u00e1rd forintot ir\u00e1nyzott el\u0151 a korm\u00e1ny.<br \/>\n    Eg\u00e9szs\u00e9g\u00fcgyre 2884 milli\u00e1rd forintot, az idein\u00e9l 769 milli\u00e1rddal t\u00f6bbet ford\u00edt a korm\u00e1ny j\u00f6v\u0151re, amelyb\u0151l folytat\u00f3dhatnak az int\u00e9zm\u00e9nymeg\u00faj\u00edt\u00f3 \u00e9s eg\u00e9szs\u00e9gjav\u00edt\u00f3 programok &#8211; jelezte Varga Mih\u00e1ly. Kiemelte, hogy a j\u00e1rv\u00e1ny frontvonal\u00e1ban k\u00fczd\u0151 eg\u00e9szs\u00e9g\u00fcgyi dolgoz\u00f3k b\u00e9remel\u00e9s\u00e9re 460 milli\u00e1rd forint jut, amivel a korm\u00e1ny a t\u00f6bbletmunk\u00e1jukat k\u00edv\u00e1nja elismerni.<br \/>\n    K\u00fcl\u00f6nb\u00f6z\u0151 ad\u00f3- \u00e9s j\u00e1rul\u00e9kcs\u00f6kkent\u00e9sekkel a csal\u00e1dokn\u00e1l \u00e9s a v\u00e1llalkoz\u00e1sokn\u00e1l j\u00f6v\u0151re &#8211; a 25 \u00e9v alattiak kedvezm\u00e9ny\u00e9t is figyelembe v\u00e9ve &#8211; 423 milli\u00e1rd forinttal t\u00f6bb p\u00e9nz marad &#8211; t\u00e1j\u00e9koztatott Varga Mih\u00e1ly. A munkaad\u00f3k, munkav\u00e1llal\u00f3k \u00e9s a korm\u00e1ny 2016-os meg\u00e1llapod\u00e1s\u00e1nak eredm\u00e9nyek\u00e9ppen folytat\u00f3dik j\u00f6v\u0151re a szoci\u00e1lis hozz\u00e1j\u00e1rul\u00e1si ad\u00f3 cs\u00f6kkent\u00e9se \u00fajabb 2 sz\u00e1zal\u00e9kponttal &#8211; f\u0171zte hozz\u00e1.<br \/>\n<div class=\"ads-in-post2\"><script async src=\"https:\/\/pagead2.googlesyndication.com\/pagead\/js\/adsbygoogle.js\"><\/script>\r\n<ins class=\"adsbygoogle\"\r\n     style=\"display:block\"\r\n     data-ad-format=\"fluid\"\r\n     data-ad-layout-key=\"-6t+ed+2i-1n-4w\"\r\n     data-ad-client=\"ca-pub-1959107119989764\"\r\n     data-ad-slot=\"4008251320\"><\/ins>\r\n<script>\r\n     (adsbygoogle = window.adsbygoogle || []).push({});\r\n<\/script><\/div>\n    Varga Mih\u00e1ly megk\u00f6sz\u00f6nte a K\u00f6lts\u00e9gvet\u00e9si Tan\u00e1cs munk\u00e1j\u00e1t, \u00e9s azzal folytatta, hogy a test\u00fclet szerint a t\u00f6rv\u00e9nyjavaslat megfelel az alapt\u00f6rv\u00e9ny \u00e1ltal el\u0151\u00edrt felt\u00e9teleknek, az \u00e1llamad\u00f3ss\u00e1g mutat\u00f3 cs\u00f6kken &#8211; az idei \u00e9v v\u00e9g\u00e9re v\u00e1rt 79,9 sz\u00e1zal\u00e9kr\u00f3l 2022 v\u00e9g\u00e9re 79,3 sz\u00e1zal\u00e9kra. A hi\u00e1nyc\u00e9l kit\u0171z\u00e9s\u00e9vel a korm\u00e1ny egyens\u00falyra t\u00f6rekedett, figyelt a k\u00f6lts\u00e9gvet\u00e9s stabilit\u00e1s\u00e1ra, mik\u00f6zben a t\u00e1mogat\u00e1sok emel\u00e9s\u00e9vel \u00e9s az ad\u00f3k cs\u00f6kkent\u00e9s\u00e9vel kezeli a v\u00e1ls\u00e1got &#8211; magyar\u00e1zta a miniszter.<br \/>\n    A kock\u00e1zatok kezel\u00e9s\u00e9re a 2022-es k\u00f6lts\u00e9gvet\u00e9sben jelent\u0151s, 233 milli\u00e1rd forint \u00e9rt\u00e9k\u0171 tartal\u00e9kot k\u00fcl\u00f6n\u00edtettek el az el\u0151re nem l\u00e1that\u00f3 kiad\u00e1sokra &#8211; hangs\u00falyozta a t\u00e1rcavezet\u0151.<br \/>\n    Az Eur\u00f3pai Uni\u00f3t\u00f3l az id\u00e9n indult, \u00faj, h\u00e9t\u00e9ves p\u00e9nz\u00fcgyi ciklusban minden kor\u00e1bbin\u00e1l t\u00f6bb forr\u00e1sra sz\u00e1m\u00edthat az orsz\u00e1g &#8211; id\u00e9zte fel Varga Mih\u00e1ly, aki arra is kit\u00e9rt, hogy 2022-ben 3001 milli\u00e1rd forintra sz\u00e1m\u00edt a korm\u00e1ny.<br \/>\n    A p\u00e9nz\u00fcgyminiszter \u00f6sszegz\u00e9sk\u00e9ppen \u00fagy fogalmazott, hogy a gazdas\u00e1g \u00fajraind\u00edt\u00e1s\u00e1val a korm\u00e1ny c\u00e9lja az, hogy 2030-ra Magyarorsz\u00e1g azon sikeres orsz\u00e1gok k\u00f6z\u00e9 tartozzon, ahol j\u00f3 \u00e9lni, lakni \u00e9s dolgozni.<br \/>\n<div class=\"ads-in-post2\"><script async src=\"https:\/\/pagead2.googlesyndication.com\/pagead\/js\/adsbygoogle.js\"><\/script>\r\n<ins class=\"adsbygoogle\"\r\n     style=\"display:block\"\r\n     data-ad-format=\"fluid\"\r\n     data-ad-layout-key=\"-6t+ed+2i-1n-4w\"\r\n     data-ad-client=\"ca-pub-1959107119989764\"\r\n     data-ad-slot=\"4008251320\"><\/ins>\r\n<script>\r\n     (adsbygoogle = window.adsbygoogle || []).push({});\r\n<\/script><\/div>\n    Varga Mih\u00e1ly \u00fajs\u00e1g\u00edr\u00f3i k\u00e9rd\u00e9sre elmondta, hogy a korm\u00e1ny j\u00f6v\u0151re \u00e1tlagban 8 sz\u00e1zal\u00e9kos b\u00e9rn\u00f6veked\u00e9ssel sz\u00e1mol. A minim\u00e1lb\u00e9rr\u0151l \u00e9s a garant\u00e1lt b\u00e9rminimumr\u00f3l sz\u00f3lva megjegyezte: azok \u00f6sszeg\u00e9t az elm\u00falt \u00e9vek gyakorlat\u00e1nak megfelel\u0151en a munkaad\u00f3i \u00e9s munkav\u00e1llal\u00f3i meg\u00e1llapod\u00e1s hat\u00e1rozhatja meg.<br \/>\n    A t\u00f6rv\u00e9nyjavaslat menetrendje v\u00e1rhat\u00f3an a kor\u00e1bbi \u00e9vekhez hasonl\u00f3 lesz, 30 \u00f3r\u00e1s id\u0151keretben el\u0151sz\u00f6r az \u00e1ltal\u00e1nos vit\u00e1t tartj\u00e1k meg &#8211; mondta. A bizotts\u00e1gi t\u00e1rgyal\u00e1sokat, a k\u00f6lts\u00e9gvet\u00e9si bizotts\u00e1g \u00f6sszefoglal\u00f3 javaslat\u00e1t \u00e9s a r\u00e9szletes vit\u00e1t k\u00f6vet\u0151en v\u00e1rhat\u00f3an legk\u00e9s\u0151bb j\u00falius 14-\u00e9n elfogadhat\u00f3v\u00e1 v\u00e1lik a t\u00f6rv\u00e9ny &#8211; tette hozz\u00e1.(MTI)<\/p>\n","protected":false},"excerpt":{"rendered":"<p>A j\u00e1rv\u00e1ny miatt a 2022-es k\u00f6lts\u00e9gvet\u00e9s tervezet\u00e9nek leghangs\u00falyosabb eleme a gazdas\u00e1g \u00fajraind\u00edt\u00e1sa, mindemellett meg\u0151rzi a korm\u00e1ny eddigi \u00e9rt\u00e9keit, \u00edgy a csal\u00e1dok v\u00e9delm\u00e9nek, a gyermeket nevel\u0151k t\u00e1mogat\u00e1s\u00e1nak \u00e9s az id\u0151sek megbecs\u00fcl\u00e9s\u00e9nek is kiemelt szerep jut &#8211; mondta Varga Mih\u00e1ly p\u00e9nz\u00fcgyminiszter annak alkalm\u00e1b\u00f3l, hogy a 2022-es k\u00f6lts\u00e9gvet\u00e9si t\u00f6rv\u00e9nyjavaslatot \u00e1tny\u00fajtotta Latorcai J\u00e1nosnak, az Orsz\u00e1ggy\u0171l\u00e9s aleln\u00f6k\u00e9nek Budapesten, a parlamentben, &#8230;<\/p>\n","protected":false},"author":1001006,"featured_media":0,"comment_status":"closed","ping_status":"open","sticky":false,"template":"","format":"standard","meta":[],"categories":[19],"tags":[],"_links":{"self":[{"href":"https:\/\/gazdasagportal.hu\/index.php\/wp-json\/wp\/v2\/posts\/135437"}],"collection":[{"href":"https:\/\/gazdasagportal.hu\/index.php\/wp-json\/wp\/v2\/posts"}],"about":[{"href":"https:\/\/gazdasagportal.hu\/index.php\/wp-json\/wp\/v2\/types\/post"}],"author":[{"embeddable":true,"href":"https:\/\/gazdasagportal.hu\/index.php\/wp-json\/wp\/v2\/users\/1001006"}],"replies":[{"embeddable":true,"href":"https:\/\/gazdasagportal.hu\/index.php\/wp-json\/wp\/v2\/comments?post=135437"}],"version-history":[{"count":1,"href":"https:\/\/gazdasagportal.hu\/index.php\/wp-json\/wp\/v2\/posts\/135437\/revisions"}],"predecessor-version":[{"id":135438,"href":"https:\/\/gazdasagportal.hu\/index.php\/wp-json\/wp\/v2\/posts\/135437\/revisions\/135438"}],"wp:attachment":[{"href":"https:\/\/gazdasagportal.hu\/index.php\/wp-json\/wp\/v2\/media?parent=135437"}],"wp:term":[{"taxonomy":"category","embeddable":true,"href":"https:\/\/gazdasagportal.hu\/index.php\/wp-json\/wp\/v2\/categories?post=135437"},{"taxonomy":"post_tag","embeddable":true,"href":"https:\/\/gazdasagportal.hu\/index.php\/wp-json\/wp\/v2\/tags?post=135437"}],"curies":[{"name":"wp","href":"https:\/\/api.w.org\/{rel}","templated":true}]}}