{"id":135338,"date":"2021-04-30T14:14:31","date_gmt":"2021-04-30T12:14:31","guid":{"rendered":"http:\/\/gazdasagportal.hu\/?p=135338"},"modified":"2021-04-30T14:14:31","modified_gmt":"2021-04-30T12:14:31","slug":"energiahivatal-majus-1-jetol-megujulnak-a-gumiabroncsok-energiacimkei","status":"publish","type":"post","link":"https:\/\/gazdasagportal.hu\/index.php\/energiahivatal-majus-1-jetol-megujulnak-a-gumiabroncsok-energiacimkei\/","title":{"rendered":"Energiahivatal: m\u00e1jus 1-j\u00e9t\u0151l meg\u00fajulnak a gumiabroncsok energiac\u00edmk\u00e9i"},"content":{"rendered":"<p><strong>M\u00e1jus 1-j\u00e9t\u0151l meg\u00fajulnak a gumiabroncsok energiac\u00edmk\u00e9i &#8211; h\u00edvta fel a figyelmet a Magyar Energetikai \u00e9s K\u00f6zm\u0171-szab\u00e1lyoz\u00e1si Hivatal (MEKH) p\u00e9nteken az MTI-nek k\u00fcld\u00f6tt k\u00f6zlem\u00e9nyben.<\/strong><!--more--><\/p>\n<div class=\"ads-in-post1\"><div id=\"gazdasagportal.hu_fullbanner_wideboard\"><\/div>\r\n<\/div>\n<p>    Kiemelt\u00e9k, az \u00faj c\u00edmk\u00e9k gumiabroncsok m\u0171szaki jellemz\u0151i, a g\u00f6rd\u00fcl\u00e9si ellen\u00e1ll\u00e1s \u00e9s a k\u00fcls\u0151 zaj nagys\u00e1ga mellett az energiahat\u00e9konys\u00e1gi szintekr\u0151l is t\u00e1j\u00e9koztat\u00e1st ny\u00fajtanak a v\u00e1s\u00e1rl\u00f3knak.<br \/>\n    Hangs\u00falyozt\u00e1k, a 2021. m\u00e1jus 1-j\u00e9t\u0151l \u00e9letbe l\u00e9p\u0151 EU-rendelet szerint a szem\u00e9lyaut\u00f3k, buszok \u00e9s teherg\u00e9pkocsik gumiabroncsainak energiac\u00edmk\u00e9i egys\u00e9ges besorol\u00e1st adnak az abroncsok m\u0171szaki jellemz\u0151ir\u0151l, t\u00f6bbek k\u00f6z\u00f6tt a g\u00f6rd\u00fcl\u00e9si ellen\u00e1ll\u00e1sr\u00f3l, a nedves fel\u00fcleteken t\u00f6rt\u00e9n\u0151 f\u00e9kez\u00e9sr\u0151l \u00e9s a k\u00fcls\u0151 zaj nagys\u00e1g\u00e1r\u00f3l.<br \/>\n    A c\u00edmk\u00e9k seg\u00edts\u00e9g\u00e9vel a v\u00e1s\u00e1rl\u00f3k az abroncsok energiahat\u00e9konys\u00e1gi besorol\u00e1s\u00e1t is megismerhetik, a sk\u00e1la a z\u00f6ld sz\u00ednnel jelzett A-t\u00f3l (leghat\u00e9konyabb) a pirossal jelzett E-ig (legkev\u00e9sb\u00e9 hat\u00e9kony) terjed. A z\u00f6ld min\u0151s\u00edt\u00e9s\u0171 gumiabroncsok g\u00f6rd\u00fcl\u00e9si ellen\u00e1ll\u00e1sa kisebb, ez\u00e9rt azoknak a j\u00e1rm\u0171veknek a mozgat\u00e1sa, amelyek ezeket az abroncsokat haszn\u00e1lj\u00e1k, kevesebb energi\u00e1t ig\u00e9nyel, ami alacsonyabb \u00fczemanyag-fogyaszt\u00e1st jelent &#8211; ismertetik a k\u00f6zlem\u00e9nyben.<br \/>\n    Kit\u00e9rnek arra, hogy a c\u00edmke az abroncsok vizes tapad\u00e1s\u00e1r\u00f3l is inform\u00e1ci\u00f3t ny\u00fajt, a r\u00f6videbb f\u00e9kutat az A, a leghosszabbat az E bet\u0171 jel\u00f6li, min\u00e9l s\u00f6t\u00e9tebb k\u00e9k sz\u00edn\u0171 a ny\u00edl, ann\u00e1l r\u00f6videbb a f\u00e9k\u00fat. Az \u00faj c\u00edmk\u00e9k a gumiabroncsok terhelhet\u0151s\u00e9ge \u00e9s sebess\u00e9gkateg\u00f3ri\u00e1ja mellett h\u00f3- \u00e9s j\u00e9gtapad\u00e1si inform\u00e1ci\u00f3kat is tartalmaznak, a c\u00edmke jobb fels\u0151 sark\u00e1ban elhelyezett QR-k\u00f3d leolvas\u00e1s\u00e1val pedig az Eur\u00f3pai Bizotts\u00e1g energiac\u00edmk\u00e9ket r\u00e9szletez\u0151 adatb\u00e1zis\u00e1ban b\u00f6ng\u00e9szhet\u00fcnk.<br \/>\n<div class=\"ads-in-post2\"><script async src=\"https:\/\/pagead2.googlesyndication.com\/pagead\/js\/adsbygoogle.js\"><\/script>\r\n<ins class=\"adsbygoogle\"\r\n     style=\"display:block\"\r\n     data-ad-format=\"fluid\"\r\n     data-ad-layout-key=\"-6t+ed+2i-1n-4w\"\r\n     data-ad-client=\"ca-pub-1959107119989764\"\r\n     data-ad-slot=\"4008251320\"><\/ins>\r\n<script>\r\n     (adsbygoogle = window.adsbygoogle || []).push({});\r\n<\/script><\/div>\n    A hivatal k\u00f6zlem\u00e9ny\u00e9ben felid\u00e9zi, hogy 2021. m\u00e1rcius 1. \u00f3ta a fogyaszt\u00f3k a leggyakrabban v\u00e1s\u00e1rolt h\u00e1ztart\u00e1si eszk\u00f6z\u00f6k, telev\u00edzi\u00f3k \u00e9s f\u00e9nyforr\u00e1sok term\u00e9kismertet\u0151iben m\u00e1r \u00faj energiac\u00edmk\u00e9kkel tal\u00e1lkozhatnak. Az ezeken tal\u00e1lhat\u00f3 inform\u00e1ci\u00f3k a fogyaszt\u00f3k t\u00e1j\u00e9koz\u00f3d\u00e1s\u00e1t \u00e9s tudatos d\u00f6nt\u00e9s\u00e9t seg\u00edtik, hiszen a term\u00e9kek \u00e1ra mellett fontos t\u00e9nyez\u0151 az is, hogy a kiv\u00e1lasztott term\u00e9k milyen energia-felhaszn\u00e1l\u00e1si tulajdons\u00e1gokkal rendelkezik, azaz mennyi villamos energi\u00e1t, vagy vizet fogyaszt haszn\u00e1lata sor\u00e1n &#8211; t\u00e1j\u00e9koztatott a Magyar Energetikai \u00e9s K\u00f6zm\u0171-szab\u00e1lyoz\u00e1si Hivatal.(MTI)<\/p>\n","protected":false},"excerpt":{"rendered":"<p>M\u00e1jus 1-j\u00e9t\u0151l meg\u00fajulnak a gumiabroncsok energiac\u00edmk\u00e9i &#8211; h\u00edvta fel a figyelmet a Magyar Energetikai \u00e9s K\u00f6zm\u0171-szab\u00e1lyoz\u00e1si Hivatal (MEKH) p\u00e9nteken az MTI-nek k\u00fcld\u00f6tt k\u00f6zlem\u00e9nyben.<\/p>\n","protected":false},"author":1001006,"featured_media":0,"comment_status":"closed","ping_status":"open","sticky":false,"template":"","format":"standard","meta":[],"categories":[19],"tags":[],"_links":{"self":[{"href":"https:\/\/gazdasagportal.hu\/index.php\/wp-json\/wp\/v2\/posts\/135338"}],"collection":[{"href":"https:\/\/gazdasagportal.hu\/index.php\/wp-json\/wp\/v2\/posts"}],"about":[{"href":"https:\/\/gazdasagportal.hu\/index.php\/wp-json\/wp\/v2\/types\/post"}],"author":[{"embeddable":true,"href":"https:\/\/gazdasagportal.hu\/index.php\/wp-json\/wp\/v2\/users\/1001006"}],"replies":[{"embeddable":true,"href":"https:\/\/gazdasagportal.hu\/index.php\/wp-json\/wp\/v2\/comments?post=135338"}],"version-history":[{"count":1,"href":"https:\/\/gazdasagportal.hu\/index.php\/wp-json\/wp\/v2\/posts\/135338\/revisions"}],"predecessor-version":[{"id":135339,"href":"https:\/\/gazdasagportal.hu\/index.php\/wp-json\/wp\/v2\/posts\/135338\/revisions\/135339"}],"wp:attachment":[{"href":"https:\/\/gazdasagportal.hu\/index.php\/wp-json\/wp\/v2\/media?parent=135338"}],"wp:term":[{"taxonomy":"category","embeddable":true,"href":"https:\/\/gazdasagportal.hu\/index.php\/wp-json\/wp\/v2\/categories?post=135338"},{"taxonomy":"post_tag","embeddable":true,"href":"https:\/\/gazdasagportal.hu\/index.php\/wp-json\/wp\/v2\/tags?post=135338"}],"curies":[{"name":"wp","href":"https:\/\/api.w.org\/{rel}","templated":true}]}}