{"id":135289,"date":"2021-04-29T15:11:27","date_gmt":"2021-04-29T13:11:27","guid":{"rendered":"http:\/\/gazdasagportal.hu\/?p=135289"},"modified":"2021-04-29T15:11:27","modified_gmt":"2021-04-29T13:11:27","slug":"jelentosen-emelkedett-az-amerikai-gazdasag-teljesitmenye-az-elso-negyedevben","status":"publish","type":"post","link":"https:\/\/gazdasagportal.hu\/index.php\/jelentosen-emelkedett-az-amerikai-gazdasag-teljesitmenye-az-elso-negyedevben\/","title":{"rendered":"Jelent\u0151sen emelkedett az amerikai gazdas\u00e1g teljes\u00edtm\u00e9nye az els\u0151 negyed\u00e9vben"},"content":{"rendered":"<p><strong>Jelent\u0151sen, a v\u00e1rtn\u00e1l er\u0151sebb \u00fctemben n\u0151tt az amerikai gazdas\u00e1g teljes\u00edtm\u00e9nye az els\u0151 negyed\u00e9vben a h\u00e1ztart\u00e1soknak \u00e9s a v\u00e1llalatoknak ny\u00fajtott massz\u00edv korm\u00e1nyzati seg\u00e9ly eredm\u00e9nyek\u00e9nt, de az olt\u00e1si kamp\u00e1ny felgyors\u00edt\u00e1sa is hozz\u00e1j\u00e1rult ahhoz, hogy a koronav\u00edrus-j\u00e1rv\u00e1ny visszaszor\u00edt\u00e1s\u00e1val kezd visszat\u00e9rni a gazdas\u00e1gi \u00e9s t\u00e1rsadalmi \u00e9let a norm\u00e1lis ker\u00e9kv\u00e1g\u00e1sba.<\/strong><!--more--><\/p>\n<div class=\"ads-in-post1\"><div id=\"gazdasagportal.hu_fullbanner_wideboard\"><\/div>\r\n<\/div>\n<p>    A kereskedelmi miniszt\u00e9rium statisztikai int\u00e9zete \u00e1ltal cs\u00fct\u00f6rt\u00f6k\u00f6n k\u00f6z\u00f6lt els\u0151 becsl\u00e9s szerint az Egyes\u00fclt \u00c1llamok brutt\u00f3 hazai term\u00e9ke (GDP) szezon\u00e1lis kiigaz\u00edt\u00e1ssal sz\u00e1molva 6,4 sz\u00e1zal\u00e9kos \u00e9ves\u00edtett \u00fctemben n\u0151tt janu\u00e1r-m\u00e1rciusban. Elemz\u0151k \u00e1tlagosan 6,1 sz\u00e1zal\u00e9kos emelked\u00e9sre sz\u00e1m\u00edtottak a tavalyi negyedik negyed\u00e9vben m\u00e9rt 4,3 sz\u00e1zal\u00e9kos n\u00f6veked\u00e9s ut\u00e1n.<br \/>\n    Az els\u0151 negyed\u00e9ves 6,4 sz\u00e1zal\u00e9k a m\u00e1sodik leger\u0151sebb \u00fctem 2003 harmadik negyed\u00e9ve \u00f3ta, ezt csak a tavalyi harmadik negyed\u00e9v m\u00falja fel\u00fcl, amikor a koronav\u00edrus-j\u00e1rv\u00e1ny els\u0151 brut\u00e1lis hull\u00e1m\u00e1t k\u00f6vet\u0151 felpattan\u00e1s 33,4 sz\u00e1zal\u00e9kos rekordnagys\u00e1g\u00fa n\u00f6veked\u00e9st eredm\u00e9nyezett.<br \/>\n    A j\u00e1rv\u00e1ny \u00e9ppen egy \u00e9vvel ezel\u0151tt p\u00e9ld\u00e1tlanul hossz\u00fa, 11 \u00e9vig tart\u00f3 expanzi\u00f3nak vetett v\u00e9get, amikor \u00e1tlagosan 2 sz\u00e1zal\u00e9kos \u00fctemben n\u0151tt az amerikai gazdas\u00e1g.<br \/>\n    Foly\u00f3 \u00e1ron sz\u00e1molva az amerikai GDP \u00e9rt\u00e9ke 10,7 sz\u00e1zal\u00e9kkal, 554,2 milli\u00e1rd doll\u00e1rral, 22 050 milli\u00e1rd doll\u00e1rra k\u00faszott fel id\u00e9n janu\u00e1r-m\u00e1rciusban. A tavalyi negyedik negyed\u00e9vben 6,3 sz\u00e1zal\u00e9kkal, 324,5 milli\u00e1rd doll\u00e1rral n\u0151tt ez az \u00e9rt\u00e9k.<br \/>\n<div class=\"ads-in-post2\"><script async src=\"https:\/\/pagead2.googlesyndication.com\/pagead\/js\/adsbygoogle.js\"><\/script>\r\n<ins class=\"adsbygoogle\"\r\n     style=\"display:block\"\r\n     data-ad-format=\"fluid\"\r\n     data-ad-layout-key=\"-6t+ed+2i-1n-4w\"\r\n     data-ad-client=\"ca-pub-1959107119989764\"\r\n     data-ad-slot=\"4008251320\"><\/ins>\r\n<script>\r\n     (adsbygoogle = window.adsbygoogle || []).push({});\r\n<\/script><\/div>\n    A tavalyi els\u0151 negyed\u00e9vhez k\u00e9pest 0,4 sz\u00e1zal\u00e9kkal n\u0151tt az amerikai gazdas\u00e1g janu\u00e1r-m\u00e1rciusban, ami jelent\u0151s javul\u00e1st jelent ahhoz k\u00e9pest, hogy tavaly a negyedik negyed\u00e9vben 2,4 sz\u00e1zal\u00e9kkal, a harmadikban 2,8 sz\u00e1zal\u00e9kkal, a m\u00e1sodikban pedig 9,0 sz\u00e1zal\u00e9kkal cs\u00f6kkent, az els\u0151ben pedig mind\u00f6ssze 0,3 sz\u00e1zal\u00e9kkal n\u0151tt a re\u00e1l-GDP.<br \/>\n    A szem\u00e9lyes fogyaszt\u00e1sok, amelyek a GDP 70 sz\u00e1zal\u00e9k\u00e1t teszik ki, 10,7 sz\u00e1zal\u00e9kos \u00e9ves\u00edtett \u00fctemben emelkedtek az els\u0151 negyed\u00e9vben, m\u00edg az el\u0151z\u0151 negyed\u00e9vben csak 2,3 sz\u00e1zal\u00e9kkal n\u0151ttek. A v\u00e1llalati beruh\u00e1z\u00e1sok 9,9 sz\u00e1zal\u00e9kkal n\u0151ttek, lassult kiss\u00e9 az \u00e9ves\u00edtett \u00fctem az el\u0151z\u0151 negyed\u00e9v 13,1 sz\u00e1zal\u00e9k\u00e1hoz k\u00e9pest. Az export 1,1 sz\u00e1zal\u00e9kkal cs\u00f6kkent, az import viszont 5,7 sz\u00e1zal\u00e9kkal n\u0151tt. A korm\u00e1nyzati kiad\u00e1sok \u00e9s befektet\u00e9sek 6,3 sz\u00e1zal\u00e9kkal ugrottak meg az el\u0151z\u0151 negyed\u00e9vi 0,8 sz\u00e1zal\u00e9kos cs\u00f6kken\u00e9s ut\u00e1n.<br \/>\n<div class=\"ads-in-post2\"><script async src=\"https:\/\/pagead2.googlesyndication.com\/pagead\/js\/adsbygoogle.js\"><\/script>\r\n<ins class=\"adsbygoogle\"\r\n     style=\"display:block\"\r\n     data-ad-format=\"fluid\"\r\n     data-ad-layout-key=\"-6t+ed+2i-1n-4w\"\r\n     data-ad-client=\"ca-pub-1959107119989764\"\r\n     data-ad-slot=\"4008251320\"><\/ins>\r\n<script>\r\n     (adsbygoogle = window.adsbygoogle || []).push({});\r\n<\/script><\/div>\n    A szem\u00e9lyes fogyaszt\u00e1sok \u00e1rindexe 3,5 sz\u00e1zal\u00e9k volt a tavalyi negyedik negyed\u00e9vben m\u00e9rt 1,5 sz\u00e1zal\u00e9k ut\u00e1n, az \u00e9lelmiszerek \u00e9s energia\u00e1rakt\u00f3l megtiszt\u00edtott index pedig 2,3 sz\u00e1zal\u00e9kra r\u00fagott janu\u00e1r-m\u00e1rciusban, m\u00edg az el\u0151z\u0151 negyed\u00e9vben 1,3 sz\u00e1zal\u00e9kra.<br \/>\n     Az adatok sz\u00e9lesebb k\u00f6r\u00e9re t\u00e1maszkod\u00f3 m\u00e1sodik becsl\u00e9st m\u00e1jus 27-\u00e9n hozza nyilv\u00e1noss\u00e1gra az amerikai kereskedelmi miniszt\u00e9rium.(MTI)<\/p>\n","protected":false},"excerpt":{"rendered":"<p>Jelent\u0151sen, a v\u00e1rtn\u00e1l er\u0151sebb \u00fctemben n\u0151tt az amerikai gazdas\u00e1g teljes\u00edtm\u00e9nye az els\u0151 negyed\u00e9vben a h\u00e1ztart\u00e1soknak \u00e9s a v\u00e1llalatoknak ny\u00fajtott massz\u00edv korm\u00e1nyzati seg\u00e9ly eredm\u00e9nyek\u00e9nt, de az olt\u00e1si kamp\u00e1ny felgyors\u00edt\u00e1sa is hozz\u00e1j\u00e1rult ahhoz, hogy a koronav\u00edrus-j\u00e1rv\u00e1ny visszaszor\u00edt\u00e1s\u00e1val kezd visszat\u00e9rni a gazdas\u00e1gi \u00e9s t\u00e1rsadalmi \u00e9let a norm\u00e1lis ker\u00e9kv\u00e1g\u00e1sba.<\/p>\n","protected":false},"author":1001006,"featured_media":0,"comment_status":"closed","ping_status":"open","sticky":false,"template":"","format":"standard","meta":[],"categories":[19,246],"tags":[],"_links":{"self":[{"href":"https:\/\/gazdasagportal.hu\/index.php\/wp-json\/wp\/v2\/posts\/135289"}],"collection":[{"href":"https:\/\/gazdasagportal.hu\/index.php\/wp-json\/wp\/v2\/posts"}],"about":[{"href":"https:\/\/gazdasagportal.hu\/index.php\/wp-json\/wp\/v2\/types\/post"}],"author":[{"embeddable":true,"href":"https:\/\/gazdasagportal.hu\/index.php\/wp-json\/wp\/v2\/users\/1001006"}],"replies":[{"embeddable":true,"href":"https:\/\/gazdasagportal.hu\/index.php\/wp-json\/wp\/v2\/comments?post=135289"}],"version-history":[{"count":1,"href":"https:\/\/gazdasagportal.hu\/index.php\/wp-json\/wp\/v2\/posts\/135289\/revisions"}],"predecessor-version":[{"id":135290,"href":"https:\/\/gazdasagportal.hu\/index.php\/wp-json\/wp\/v2\/posts\/135289\/revisions\/135290"}],"wp:attachment":[{"href":"https:\/\/gazdasagportal.hu\/index.php\/wp-json\/wp\/v2\/media?parent=135289"}],"wp:term":[{"taxonomy":"category","embeddable":true,"href":"https:\/\/gazdasagportal.hu\/index.php\/wp-json\/wp\/v2\/categories?post=135289"},{"taxonomy":"post_tag","embeddable":true,"href":"https:\/\/gazdasagportal.hu\/index.php\/wp-json\/wp\/v2\/tags?post=135289"}],"curies":[{"name":"wp","href":"https:\/\/api.w.org\/{rel}","templated":true}]}}