{"id":135230,"date":"2021-04-28T07:38:17","date_gmt":"2021-04-28T05:38:17","guid":{"rendered":"http:\/\/gazdasagportal.hu\/?p=135230"},"modified":"2021-04-28T07:38:17","modified_gmt":"2021-04-28T05:38:17","slug":"enyhitettek-a-maszkviseles-szabalyait-az-egyesult-allamokban","status":"publish","type":"post","link":"https:\/\/gazdasagportal.hu\/index.php\/enyhitettek-a-maszkviseles-szabalyait-az-egyesult-allamokban\/","title":{"rendered":"Enyh\u00edtett\u00e9k a maszkvisel\u00e9s szab\u00e1lyait az Egyes\u00fclt \u00c1llamokban"},"content":{"rendered":"<p><strong>Keddt\u0151l azok az emberek, akik a v\u00e9detts\u00e9ghez sz\u00fcks\u00e9ges \u00f6sszes koronav\u00edrus elleni olt\u00e1st megkapt\u00e1k, maszk visel\u00e9se n\u00e9lk\u00fcl is tart\u00f3zkodhatnak k\u00fclt\u00e9ren, de legfeljebb kisebb csoportokban &#8211; jelentette be keddi sajt\u00f3t\u00e1j\u00e9koztat\u00f3j\u00e1n Rochelle Walensky, az amerikai j\u00e1rv\u00e1ny\u00fcgyi \u00e9s betegs\u00e9gmegel\u0151z\u00e9si k\u00f6zpont (CDC) igazgat\u00f3ja.<\/strong><!--more--><\/p>\n<div class=\"ads-in-post1\"><div id=\"gazdasagportal.hu_fullbanner_wideboard\"><\/div>\r\n<\/div>\n<p>    Ma egy l\u00e9p\u00e9st tehet\u00fcnk a kor\u00e1bbi norm\u00e1lis \u00e1llapotok fel\u00e9 &#8211; fogalmazott Walensky. A szakember hozz\u00e1tette: &#8222;Az elm\u00falt \u00e9v sor\u00e1n sok id\u0151t t\u00f6lt\u00f6tt\u00fcnk azzal, hogy elmondjuk az amerikaiaknak, mit nem tehetnek, mit nem szabad. Most elmondok n\u00e9h\u00e1ny dolgot, amit megtehetnek, ha minden sz\u00fcks\u00e9ges olt\u00e1st megkaptak&#8221;.<br \/>\n    Az Egyes\u00fclt \u00c1llamokban &#8211; a CDC \u00e1ltal meghat\u00e1rozott szab\u00e1lyok szerint &#8211; k\u00e9t h\u00e9ttel azut\u00e1n tekinthet\u0151 valaki &#8222;teljesen beoltottnak&#8221;, hogy megkapta a Pfizer-BioNTech vagy Moderna vakcin\u00e1k m\u00e1sodik d\u00f3zis\u00e1t, illetve a Johnson &#038; Johnson olt\u00e1s egyetlen d\u00f3zis\u00e1t.<br \/>\n    Az \u00faj \u00fatmutat\u00e1s egy sz\u00ednk\u00f3dokkal ell\u00e1tott t\u00e1bl\u00e1zat seg\u00edts\u00e9g\u00e9vel magyar\u00e1zza el az embereknek, hogy a beoltott \u00e9s a be nem oltott emberek mit tehetnek belt\u00e9ren \u00e9s szabadt\u00e9ren, maszkot viselve \u00e9s maszk n\u00e9lk\u00fcl. Eszerint p\u00e9ld\u00e1ul mostant\u00f3l azoknak az embereknek, akik az \u00f6sszes v\u00e9detts\u00e9ghez sz\u00fcks\u00e9ges olt\u00e1st megkapt\u00e1k, nem kell maszkot viselni\u00fck kisebb, szabadt\u00e9ri \u00f6sszej\u00f6veteleken. M\u00e9g akkor sem, ha be nem oltott emberekkel keverednek.<br \/>\n<div class=\"ads-in-post2\"><script async src=\"https:\/\/pagead2.googlesyndication.com\/pagead\/js\/adsbygoogle.js\"><\/script>\r\n<ins class=\"adsbygoogle\"\r\n     style=\"display:block\"\r\n     data-ad-format=\"fluid\"\r\n     data-ad-layout-key=\"-6t+ed+2i-1n-4w\"\r\n     data-ad-client=\"ca-pub-1959107119989764\"\r\n     data-ad-slot=\"4008251320\"><\/ins>\r\n<script>\r\n     (adsbygoogle = window.adsbygoogle || []).push({});\r\n<\/script><\/div>\n    &#8222;Ezeknek az \u00faj ir\u00e1nyelveknek a kiad\u00e1sa az els\u0151 l\u00e9p\u00e9s annak el\u0151seg\u00edt\u00e9s\u00e9ben, hogy a teljesen beoltott amerikaiak folytathass\u00e1k azt, amit a pand\u00e9mia miatt abba kellett hagyniuk. Mindezt \u00f6nmagukra n\u00e9zve alacsony kock\u00e1zattal tehetik, mik\u00f6zben szem el\u0151tt tartj\u00e1k a v\u00edrus m\u00e1soknak t\u00f6rt\u00e9n\u0151 \u00e1tad\u00e1s\u00e1nak potenci\u00e1lis kock\u00e1zat\u00e1t&#8221; &#8211; fogalmazott Walensky.<br \/>\n    Az \u00faj szab\u00e1lyok ugyanakkor arr\u00f3l is rendelkeznek, hogy a beoltott embereknek is maszkot kell viselni\u00fck, ha szabadban, zs\u00fafolt nyilv\u00e1nos t\u00e9rben, z\u00e1rt nyilv\u00e1nos helyis\u00e9gekben &#8211; p\u00e9ld\u00e1ul bev\u00e1s\u00e1rl\u00f3k\u00f6zpontokban, imah\u00e1zakban &#8211; vagy ak\u00e1r kisebb belt\u00e9ri \u00f6sszej\u00f6veteleken oltott \u00e9s be nem oltott emberekkel tal\u00e1lkoznak.<br \/>\n    Egyes tanulm\u00e1nyok meg\u00e1llap\u00edtott\u00e1k, hogy a Covid-19 v\u00edrus \u00e1tvitel\u00e9nek kock\u00e1zata jelent\u0151sen cs\u00f6kken a szabadban, k\u00fcl\u00f6n\u00f6sen akkor, ha az egy\u00e9nek betartj\u00e1k az el\u0151\u00edrt szoci\u00e1lis t\u00e1vols\u00e1got. Az amerikai szak\u00e9rt\u0151k az ut\u00f3bbi id\u0151ben t\u00f6bbsz\u00f6r megk\u00e9rd\u0151jelezt\u00e9k a szabadban val\u00f3 maszkvisel\u00e9s sz\u00fcks\u00e9gess\u00e9g\u00e9t, tekintettel arra, hogy nagym\u00e9rt\u00e9kben n\u0151tt a beoltott emberek sz\u00e1ma.<br \/>\n<div class=\"ads-in-post2\"><script async src=\"https:\/\/pagead2.googlesyndication.com\/pagead\/js\/adsbygoogle.js\"><\/script>\r\n<ins class=\"adsbygoogle\"\r\n     style=\"display:block\"\r\n     data-ad-format=\"fluid\"\r\n     data-ad-layout-key=\"-6t+ed+2i-1n-4w\"\r\n     data-ad-client=\"ca-pub-1959107119989764\"\r\n     data-ad-slot=\"4008251320\"><\/ins>\r\n<script>\r\n     (adsbygoogle = window.adsbygoogle || []).push({});\r\n<\/script><\/div>\n    A CDC adatai szerint az Egyes\u00fclt \u00c1llamok lakoss\u00e1g\u00e1nak t\u00f6bb mint 42 sz\u00e1zal\u00e9ka kapott legal\u00e1bb egy olt\u00e1st, k\u00f6z\u00fcl\u00fck pedig 30 sz\u00e1zal\u00e9k az \u00f6sszes sz\u00fcks\u00e9ges sz\u00e9rumot megkapta.<br \/>\n    Joe Biden amerikai eln\u00f6k kedden a Feh\u00e9r H\u00e1z kertj\u00e9ben tartott sajt\u00f3t\u00e1j\u00e9koztat\u00f3j\u00e1n arra h\u00edvta fel a fiatal amerikaiak figyelm\u00e9t, hogy az eg\u00e9szs\u00e9g\u00fcgyi tisztvisel\u0151k \u00faj \u00fatmutat\u00e1sai is \u00f6szt\u00f6n\u00f6zhetik \u0151ket arra, hogy oltass\u00e1k be magukat a Covid-19 ellen. &#8222;A l\u00e9nyeg egy\u00e9rtelm\u0171: ha beoltj\u00e1k, t\u00f6bb dolgot is tehet. Biztons\u00e1gosabban, k\u00fclt\u00e9ren \u00e9s bent egyar\u00e1nt. Teh\u00e1t azoknak, akik m\u00e9g nem kapt\u00e1k meg az olt\u00e1st ez egy \u00fajabb ok, hogy beoltass\u00e1k magukat&#8221; &#8211; fogalmazott az eln\u00f6k.(MTI)<\/p>\n","protected":false},"excerpt":{"rendered":"<p>Keddt\u0151l azok az emberek, akik a v\u00e9detts\u00e9ghez sz\u00fcks\u00e9ges \u00f6sszes koronav\u00edrus elleni olt\u00e1st megkapt\u00e1k, maszk visel\u00e9se n\u00e9lk\u00fcl is tart\u00f3zkodhatnak k\u00fclt\u00e9ren, de legfeljebb kisebb csoportokban &#8211; jelentette be keddi sajt\u00f3t\u00e1j\u00e9koztat\u00f3j\u00e1n Rochelle Walensky, az amerikai j\u00e1rv\u00e1ny\u00fcgyi \u00e9s betegs\u00e9gmegel\u0151z\u00e9si k\u00f6zpont (CDC) igazgat\u00f3ja.<\/p>\n","protected":false},"author":1001006,"featured_media":0,"comment_status":"closed","ping_status":"open","sticky":false,"template":"","format":"standard","meta":[],"categories":[427],"tags":[],"_links":{"self":[{"href":"https:\/\/gazdasagportal.hu\/index.php\/wp-json\/wp\/v2\/posts\/135230"}],"collection":[{"href":"https:\/\/gazdasagportal.hu\/index.php\/wp-json\/wp\/v2\/posts"}],"about":[{"href":"https:\/\/gazdasagportal.hu\/index.php\/wp-json\/wp\/v2\/types\/post"}],"author":[{"embeddable":true,"href":"https:\/\/gazdasagportal.hu\/index.php\/wp-json\/wp\/v2\/users\/1001006"}],"replies":[{"embeddable":true,"href":"https:\/\/gazdasagportal.hu\/index.php\/wp-json\/wp\/v2\/comments?post=135230"}],"version-history":[{"count":1,"href":"https:\/\/gazdasagportal.hu\/index.php\/wp-json\/wp\/v2\/posts\/135230\/revisions"}],"predecessor-version":[{"id":135231,"href":"https:\/\/gazdasagportal.hu\/index.php\/wp-json\/wp\/v2\/posts\/135230\/revisions\/135231"}],"wp:attachment":[{"href":"https:\/\/gazdasagportal.hu\/index.php\/wp-json\/wp\/v2\/media?parent=135230"}],"wp:term":[{"taxonomy":"category","embeddable":true,"href":"https:\/\/gazdasagportal.hu\/index.php\/wp-json\/wp\/v2\/categories?post=135230"},{"taxonomy":"post_tag","embeddable":true,"href":"https:\/\/gazdasagportal.hu\/index.php\/wp-json\/wp\/v2\/tags?post=135230"}],"curies":[{"name":"wp","href":"https:\/\/api.w.org\/{rel}","templated":true}]}}