{"id":135168,"date":"2021-04-27T06:22:17","date_gmt":"2021-04-27T04:22:17","guid":{"rendered":"http:\/\/gazdasagportal.hu\/?p=135168"},"modified":"2021-04-26T22:56:15","modified_gmt":"2021-04-26T20:56:15","slug":"the-new-york-times-a-szakembereket-is-meglepte-az-indiaban-tombolo-koronavirus-jarvany","status":"publish","type":"post","link":"https:\/\/gazdasagportal.hu\/index.php\/the-new-york-times-a-szakembereket-is-meglepte-az-indiaban-tombolo-koronavirus-jarvany\/","title":{"rendered":"The New York Times: a szakembereket is meglepte az Indi\u00e1ban tombol\u00f3 koronav\u00edrus-j\u00e1rv\u00e1ny"},"content":{"rendered":"<p><strong>Az eg\u00e9szs\u00e9g\u00fcgyi szakembereket is meglepte az Indi\u00e1ban tombol\u00f3 koronav\u00edrus-j\u00e1rv\u00e1ny, amely &#8211; a hivatalos adatok szerint &#8211; m\u00e1r naponta h\u00fasszor t\u00f6bb hal\u00e1los \u00e1ldozatot k\u00f6vetel, mint febru\u00e1rban &#8211; \u00edrta elemz\u0151 cikk\u00e9ben a The New York Times c\u00edm\u0171 amerikai napilap h\u00e9tf\u0151n.<\/strong><!--more--><\/p>\n<div class=\"ads-in-post1\"><div id=\"gazdasagportal.hu_fullbanner_wideboard\"><\/div>\r\n<\/div>\n<p>    A cikk szerint az elm\u00falt \u00e9v nagy r\u00e9sz\u00e9ben a Covid-19 j\u00e1rv\u00e1nyhoz k\u00f6thet\u0151 hal\u00e1lesetek sz\u00e1ma felt\u0171n\u0151en alacsony volt \u00c1zsia \u00e9s Afrika orsz\u00e1gainak t\u00f6bbs\u00e9g\u00e9ben. Mint \u00edrt\u00e1k: Afrik\u00e1ban \u00e9s Kelet-\u00c1zsi\u00e1ban tov\u00e1bbra sem v\u00e1ltozott a helyzet, de Indi\u00e1ban tombol a j\u00e1rv\u00e1ny. A jelent\u00e9sek szerint a k\u00f3rh\u00e1zak kifogytak a betegek ell\u00e1t\u00e1s\u00e1hoz sz\u00fcks\u00e9ges oxig\u00e9nb\u0151l, a v\u00edrussal \u00f6sszef\u00fcgg\u00e9sbe hozhat\u00f3 hal\u00e1lesetek sz\u00e1ma pedig napi k\u00e9tezer f\u00f6l\u00e9 emelkedett a febru\u00e1ri sz\u00e1zhoz k\u00e9pest.<br \/>\n    A The New York Times felid\u00e9zte, hogy a fert\u0151z\u00e9sek \u00e9s hal\u00e1lesetek sz\u00e1m\u00e1nak er\u0151teljes n\u00f6veked\u00e9se sokakat meglepett.<br \/>\n    &#8222;India hatalmas Covid-hull\u00e1ma fejt\u00f6r\u00e9st okoz a tud\u00f3soknak&#8221; &#8211; \u00edrta Smriti Mallapaty, a Nature c\u00edm\u0171 brit tudom\u00e1nyos foly\u00f3irat \u00e1zsiai t\u00e9rs\u00e9ggel foglalkoz\u00f3 vezet\u0151 riportere.<br \/>\n    Shahid Jameel, az indiai Ashoka Egyetem virol\u00f3gusa pedig azt mondta: &#8222;\u00faj fert\u0151z\u00e9shull\u00e1mokra sz\u00e1m\u00edtottam, de nem gondoltam volna, hogy ennyire er\u0151s lesz&#8221;.<br \/>\n    A cikk eml\u00e9keztet: tavaly az indiai orvosok \u00e9s tisztvisel\u0151k arra k\u00e9sz\u00fcltek, hogy a d\u00e9l-\u00e1zsiai orsz\u00e1got is el\u00e9rik ugyanazok a s\u00falyos hull\u00e1mok, amelyek a vil\u00e1g nagy r\u00e9sz\u00e9t. Ugyan Indi\u00e1ban is emberek milli\u00f3i kapt\u00e1k el a koronav\u00edrust, azonban a legt\u00f6bben enyhe t\u00fcnetekkel \u00e1tv\u00e9szelt\u00e9k a betegs\u00e9get. A szakemberek akkor azt gondolt\u00e1k, hogy az orsz\u00e1g &#8211; hasonl\u00f3an sok szomsz\u00e9dj\u00e1hoz &#8211; &#8222;meg\u00faszta a vil\u00e1gj\u00e1rv\u00e1ny legs\u00falyosabb r\u00e9sz\u00e9t&#8221;.<br \/>\n<div class=\"ads-in-post2\"><script async src=\"https:\/\/pagead2.googlesyndication.com\/pagead\/js\/adsbygoogle.js\"><\/script>\r\n<ins class=\"adsbygoogle\"\r\n     style=\"display:block\"\r\n     data-ad-format=\"fluid\"\r\n     data-ad-layout-key=\"-6t+ed+2i-1n-4w\"\r\n     data-ad-client=\"ca-pub-1959107119989764\"\r\n     data-ad-slot=\"4008251320\"><\/ins>\r\n<script>\r\n     (adsbygoogle = window.adsbygoogle || []).push({});\r\n<\/script><\/div>\n    A cikk szerint erre a felt\u00e9telez\u00e9sre jutottak a szakemberek is, miut\u00e1n a tudom\u00e1nyos kutat\u00e1sok kimutatt\u00e1k, hogy a nagyv\u00e1rosokban a feln\u0151ttek k\u00f6r\u00fclbel\u00fcl fele m\u00e1r megfert\u0151z\u0151d\u00f6tt.<br \/>\n    &#8222;Ez ahhoz a felt\u00e9telez\u00e9shez vezetett, hogy Indi\u00e1t olcs\u00f3n, term\u00e9szetes m\u00f3don beoltott\u00e1k&#8221; &#8211; mondta a lapnak Dr. Prabhat Jha, a Toront\u00f3i Egyetem epidemiol\u00f3gusa.<br \/>\n    A t\u00f6rt\u00e9ntek ut\u00e1n az \u00e1zsiai orsz\u00e1g korm\u00e1nya is magabiztosan \u00e1llt a kih\u00edv\u00e1sok el\u00e9. Hivatalos \u00fczenet\u00fck \u00fagy sz\u00f3lt: &#8222;India leig\u00e1zta a Covid-19-et&#8221; &#8211; eml\u00e9keztetett a lap.<br \/>\n    A kedvez\u0151 fejlem\u00e9nyeket k\u00f6vet\u0151en szinte minden kor\u00e1bbi korl\u00e1toz\u00e1st feloldottak, azaz esk\u00fcv\u0151ket, politikai gy\u0171l\u00e9seket \u00e9s vall\u00e1si \u00f6sszej\u00f6veteleket is lehetett tartani. \u00c1prilisban az orsz\u00e1g \u00e9szaki r\u00e9sz\u00e9n megrendezt\u00e9k a vil\u00e1g egyik legnagyobb vall\u00e1si \u00f6sszej\u00f6vetel\u00e9t, ahol emberek milli\u00f3i \u00fcnnepeltek.<br \/>\n    A The New York Times cikke szerint a koronav\u00edrus \u00fajabb indiai hull\u00e1m\u00e1nak egyik tanuls\u00e1ga lehet, hogy azok az emberek, akik kor\u00e1bban enyhe t\u00fcnetekkel vagy t\u00fcnetmentesen \u00e1testek a Covid-19 okozta betegs\u00e9gen, tov\u00e1bbra is kiszolg\u00e1ltatottak a v\u00edrusnak.<br \/>\n    Ezen k\u00edv\u00fcl a fert\u0151z\u0151bb \u00faj mut\u00e1ci\u00f3k megjelen\u00e9se is szerepet j\u00e1tszhatott a jelenlegi helyzet kialakul\u00e1s\u00e1ban &#8211; \u00edrt\u00e1k.<br \/>\n    A cikk szerint az Indi\u00e1ban uralkod\u00f3 s\u00falyos \u00e1llapotokat j\u00f3l mutatja, hogy egyes v\u00e1rosokban m\u00e1r a kremat\u00f3riumok is t\u00falterheltek. A lapnak nyilatkoz\u00f3 egyik kremat\u00f3riumi dolgoz\u00f3 azt mondta, hogy soha nem tapasztaltak m\u00e9g ilyen &#8222;v\u00e9get nem \u00e9r\u0151 hal\u00e1loz\u00e1si sorozatot.&#8221;<br \/>\n<div class=\"ads-in-post2\"><script async src=\"https:\/\/pagead2.googlesyndication.com\/pagead\/js\/adsbygoogle.js\"><\/script>\r\n<ins class=\"adsbygoogle\"\r\n     style=\"display:block\"\r\n     data-ad-format=\"fluid\"\r\n     data-ad-layout-key=\"-6t+ed+2i-1n-4w\"\r\n     data-ad-client=\"ca-pub-1959107119989764\"\r\n     data-ad-slot=\"4008251320\"><\/ins>\r\n<script>\r\n     (adsbygoogle = window.adsbygoogle || []).push({});\r\n<\/script><\/div>\n    Az \u00e1zsiai orsz\u00e1gnak is azt a strat\u00e9gi\u00e1t kellene k\u00f6vetnie, mint amelyet a vil\u00e1g nagy r\u00e9sz\u00e9n alkalmaznak, azaz a v\u00edrus terjed\u00e9s\u00e9nek korl\u00e1toz\u00e1s\u00e1t \u00e9s az olt\u00e1sok \u00fctem\u00e9nek felgyors\u00edt\u00e1s\u00e1t &#8211; olvashat\u00f3 a cikkben. Az elm\u00falt k\u00e9t h\u00e9tben egyes helyi \u00f6nkorm\u00e1nyzatok &#8211; k\u00f6zt\u00fck Delhi \u00e9s Mumbai vezet\u00e9se &#8211; ism\u00e9t korl\u00e1toz\u00e1sokat vezettek be p\u00e9ld\u00e1ul az utaz\u00e1sok, esk\u00fcv\u0151k \u00e9s v\u00e1s\u00e1rl\u00e1sok ter\u00fclet\u00e9n.<br \/>\n    A lap szerint az olt\u00e1sok \u00fctem\u00e9nek felgyors\u00edt\u00e1sa bonyolult feladat lesz Indi\u00e1ban. Az orsz\u00e1gban eddig a lakoss\u00e1g k\u00f6r\u00fclbel\u00fcl 10 sz\u00e1zal\u00e9ka kapott legal\u00e1bb egy olt\u00e1st, \u00edgy m\u00e9g t\u00f6bb mint egymilli\u00e1rd ember v\u00e1r arra, hogy mindk\u00e9t olt\u00e1s\u00e1t megkapja. A c\u00e9lok el\u00e9r\u00e9se \u00e9rdek\u00e9ben a k\u00f6zelm\u00faltban cs\u00f6kkentett\u00e9k az orsz\u00e1gban kifejlesztett vakcina exportj\u00e1t.<br \/>\n    A cikk felid\u00e9zi, hogy az indiai tisztvisel\u0151k kritiz\u00e1lt\u00e1k az amerikai adminisztr\u00e1ci\u00f3t, ami\u00e9rt nem export\u00e1l t\u00f6bb olt\u00f3anyagot az \u00e1zsiai orsz\u00e1gba.<br \/>\n    Jen Psaki, a Feh\u00e9r H\u00e1z sz\u00f3viv\u0151je h\u00e9tf\u0151i sajt\u00f3t\u00e1j\u00e9koztat\u00f3j\u00e1n meger\u0151s\u00edtette, hogy az Egyes\u00fclt \u00c1llamok megosztja az Amerik\u00e1ban gy\u00e1rtott AstraZeneca koronav\u00edrus elleni vakcin\u00e1kat m\u00e1s orsz\u00e1gokkal a k\u00f6vetkez\u0151 h\u00f3napokban.<br \/>\n    Psaki azt mondta: a felhalmozott k\u00e9szletek azut\u00e1n hagyhatj\u00e1k el az orsz\u00e1got, hogy az Egyes\u00fclt \u00c1llamok \u00e9lelmiszer- \u00e9s gy\u00f3gyszerfel\u00fcgyeleti hivatala elv\u00e9gezte a biztons\u00e1gi vizsg\u00e1latokat.    &#8222;V\u00e1rhat\u00f3an a k\u00f6zelj\u00f6v\u0151ben tov\u00e1bbi r\u00e9szleteket is megosztunk a tervekr\u0151l \u00e9s arr\u00f3l, hogy kik fognak kapni a vakcin\u00e1kb\u00f3l, de jelenleg a tervez\u00e9s folyamat\u00e1ban vagyunk&#8221; &#8211; fogalmazott a sz\u00f3viv\u0151.<br \/>\n<div class=\"ads-in-post2\"><script async src=\"https:\/\/pagead2.googlesyndication.com\/pagead\/js\/adsbygoogle.js\"><\/script>\r\n<ins class=\"adsbygoogle\"\r\n     style=\"display:block\"\r\n     data-ad-format=\"fluid\"\r\n     data-ad-layout-key=\"-6t+ed+2i-1n-4w\"\r\n     data-ad-client=\"ca-pub-1959107119989764\"\r\n     data-ad-slot=\"4008251320\"><\/ins>\r\n<script>\r\n     (adsbygoogle = window.adsbygoogle || []).push({});\r\n<\/script><\/div>\n    Az Egyes\u00fclt \u00c1llamok t\u00f6bb t\u00edzmilli\u00f3 AstraZeneca vakcin\u00e1t halmozott fel, amelyet azonban nem oltottak el, ugyanis az FDA nem adta meg az ehhez sz\u00fcks\u00e9ges s\u00fcrg\u0151ss\u00e9gi enged\u00e9lyt. Az elm\u00falt id\u0151szakban a vil\u00e1g t\u00f6bb vezet\u0151je &#8211; k\u00f6zt\u00fck Narendra Modi indiai minisztereln\u00f6k &#8211; szorgalmazta Joa Biden eln\u00f6kn\u00e9l, hogy ossza meg m\u00e1sokkal a felalmozott k\u00e9szleteket.<br \/>\n    Joe Biden h\u00e9tf\u0151n telefonon t\u00e1rgyalt az indiai minisztereln\u00f6kkel, \u00e9s &#8211; a Feh\u00e9r H\u00e1z hivatalos k\u00f6zlem\u00e9nye szerint &#8211; &#8222;elk\u00f6telezte mag\u00e1t amellett, hogy az Egyes\u00fclt \u00c1llamok \u00e9s India szorosan egy\u00fcttm\u0171k\u00f6dik a Covid-19 elleni harcban.&#8221;<br \/>\n    Az eln\u00f6k \u00edg\u00e9retet tett, hogy seg\u00edts\u00e9get ny\u00fajtanak az \u00e1zsiai orsz\u00e1gnak p\u00e9ld\u00e1ul &#8222;az oxig\u00e9nk\u00e9szletek, az olt\u00f3anyagok \u00e9s ter\u00e1pi\u00e1k ter\u00fclet\u00e9n.&#8221;(MTI)<\/p>\n","protected":false},"excerpt":{"rendered":"<p>Az eg\u00e9szs\u00e9g\u00fcgyi szakembereket is meglepte az Indi\u00e1ban tombol\u00f3 koronav\u00edrus-j\u00e1rv\u00e1ny, amely &#8211; a hivatalos adatok szerint &#8211; m\u00e1r naponta h\u00fasszor t\u00f6bb hal\u00e1los \u00e1ldozatot k\u00f6vetel, mint febru\u00e1rban &#8211; \u00edrta elemz\u0151 cikk\u00e9ben a The New York Times c\u00edm\u0171 amerikai napilap h\u00e9tf\u0151n.<\/p>\n","protected":false},"author":1001006,"featured_media":126001,"comment_status":"closed","ping_status":"open","sticky":false,"template":"","format":"standard","meta":[],"categories":[427,436],"tags":[],"_links":{"self":[{"href":"https:\/\/gazdasagportal.hu\/index.php\/wp-json\/wp\/v2\/posts\/135168"}],"collection":[{"href":"https:\/\/gazdasagportal.hu\/index.php\/wp-json\/wp\/v2\/posts"}],"about":[{"href":"https:\/\/gazdasagportal.hu\/index.php\/wp-json\/wp\/v2\/types\/post"}],"author":[{"embeddable":true,"href":"https:\/\/gazdasagportal.hu\/index.php\/wp-json\/wp\/v2\/users\/1001006"}],"replies":[{"embeddable":true,"href":"https:\/\/gazdasagportal.hu\/index.php\/wp-json\/wp\/v2\/comments?post=135168"}],"version-history":[{"count":1,"href":"https:\/\/gazdasagportal.hu\/index.php\/wp-json\/wp\/v2\/posts\/135168\/revisions"}],"predecessor-version":[{"id":135169,"href":"https:\/\/gazdasagportal.hu\/index.php\/wp-json\/wp\/v2\/posts\/135168\/revisions\/135169"}],"wp:featuredmedia":[{"embeddable":true,"href":"https:\/\/gazdasagportal.hu\/index.php\/wp-json\/wp\/v2\/media\/126001"}],"wp:attachment":[{"href":"https:\/\/gazdasagportal.hu\/index.php\/wp-json\/wp\/v2\/media?parent=135168"}],"wp:term":[{"taxonomy":"category","embeddable":true,"href":"https:\/\/gazdasagportal.hu\/index.php\/wp-json\/wp\/v2\/categories?post=135168"},{"taxonomy":"post_tag","embeddable":true,"href":"https:\/\/gazdasagportal.hu\/index.php\/wp-json\/wp\/v2\/tags?post=135168"}],"curies":[{"name":"wp","href":"https:\/\/api.w.org\/{rel}","templated":true}]}}