{"id":135161,"date":"2021-04-27T04:34:21","date_gmt":"2021-04-27T02:34:21","guid":{"rendered":"http:\/\/gazdasagportal.hu\/?p=135161"},"modified":"2021-04-27T10:29:04","modified_gmt":"2021-04-27T08:29:04","slug":"ha-mar-nyitas-legyen-kover","status":"publish","type":"post","link":"https:\/\/gazdasagportal.hu\/index.php\/ha-mar-nyitas-legyen-kover\/","title":{"rendered":"Ha m\u00e1r nyit\u00e1s, legyen k\u00f6v\u00e9r"},"content":{"rendered":"<p style=\"font-weight: 400;\"><strong>De j\u00f3l n\u00e9zel ki! Sz\u00e9p ruci, \u00faj smink \u00e9s milyen sz\u00edn\u0171 is volt a m\u00faltkor a hajad?! Nanem\u00e1! \u00daj a mobilod is? Ny\u00edlik itt minden: a j\u00e1rv\u00e1nyvesz\u00e9ly diszkr\u00e9t b\u00e1ja szertefoszlik? Az\u00e9rt a sok nyit\u00e1s h\u00fazza a p\u00e9nzt\u00e1rc\u00e1kat le, a k\u00f6ltekez\u00e9st fel. K\u00f6zben maszkot nem hord m\u00e1r szinte senki az utc\u00e1n. Persze, k\u00e9tf\u00e9le korm\u00e1nyrendelet k\u00e9tf\u00e9le m\u00f3don rendelkezik r\u00f3la. Elfelejtett\u00e9k \u00f6sszef\u00e9s\u00fclni.<\/strong><\/p>\n<p><!--more--><\/p>\n<div class=\"ads-in-post1\"><div id=\"gazdasagportal.hu_fullbanner_wideboard\"><\/div>\r\n<\/div>\n<p style=\"font-weight: 400;\">2,5 milli\u00f3t\u00f3l n\u00e9gy milli\u00f3 olt\u00e1sig \u00fctemezte a korm\u00e1ny az \u00fajranyit\u00e1snak azt a szakasz\u00e1t, melyben a boltok \u00e9s a k\u00fcl\u00f6nf\u00e9le szolg\u00e1ltat\u00f3k &#8211; fodr\u00e1szok, kozmetikusok, vend\u00e9gl\u00e1t\u00f3k, mozik, kultur\u00e1lis int\u00e9zm\u00e9nyek &#8211; a k\u00e9nyszer\u0171 bez\u00e1r\u00e1sokat k\u00f6vet\u0151en fogadhatj\u00e1k a v\u00e1s\u00e1rl\u00f3ikat, vend\u00e9geiket. J\u00e1rv\u00e1ny\u00fcgyi korl\u00e1toz\u00e1sok mellett persze.<\/p>\n<p style=\"font-weight: 400;\"><strong>Maszkocska fel, le, megint fel, de a teraszon le: felszabadulva egy iga al\u00f3l t\u00f6bbet k\u00f6lthet\u00fcnk m\u00e1shol is<\/strong><\/p><div id=\"gazda-1958558500\" class=\"gazda-tartalomban gazda-entity-placement\"><script async src=\"https:\/\/pagead2.googlesyndication.com\/pagead\/js\/adsbygoogle.js\"><\/script>\r\n<ins class=\"adsbygoogle\"\r\n     style=\"display:block\"\r\n     data-ad-format=\"fluid\"\r\n     data-ad-layout-key=\"-6t+ed+2i-1n-4w\"\r\n     data-ad-client=\"ca-pub-1959107119989764\"\r\n     data-ad-slot=\"4008251320\"><\/ins>\r\n<script>\r\n     (adsbygoogle = window.adsbygoogle || []).push({});\r\n<\/script><\/div>\n<p style=\"font-weight: 400;\"><a href=\"https:\/\/gazdasagportal.hu\/wp-content\/uploads\/2021\/04\/unnamed-2.jpg\"><img decoding=\"async\" loading=\"lazy\" class=\"alignleft size-medium wp-image-135162\" src=\"https:\/\/gazdasagportal.hu\/wp-content\/uploads\/2021\/04\/unnamed-2-300x200.jpg\" alt=\"\" width=\"300\" height=\"200\" srcset=\"https:\/\/gazdasagportal.hu\/wp-content\/uploads\/2021\/04\/unnamed-2-300x200.jpg 300w, https:\/\/gazdasagportal.hu\/wp-content\/uploads\/2021\/04\/unnamed-2.jpg 618w\" sizes=\"(max-width: 300px) 100vw, 300px\" \/><\/a>A hangulat m\u00e1r \u00f6sszej\u00f6tt, hiszen a s\u00e9t\u00e1l\u00f3utc\u00e1k, terek, parkok alkalmi, bar\u00e1ti csoportosul\u00e1saib\u00f3l l\u00e1that\u00f3 volt eddig is, hogy szabadulna m\u00e1r mindenki a j\u00e1rv\u00e1ny b\u00e9kly\u00f3it\u00f3l, ha tehetn\u00e9. \u00c9s ennek l\u00e1tv\u00e1nyos sz\u00edntere a fogyaszt\u00e1s terepe. V\u00e1ltoz\u00f3 l\u00e9pt\u00e9k\u0171 ugyanakkor, hogyan t\u00e9rnek vissza a v\u00e1s\u00e1rl\u00f3k, fogyaszt\u00f3k a bez\u00e1rts\u00e1gb\u00f3l a p\u00e9nzt\u00e1rc\u00e1kkal, hitelk\u00e1rty\u00e1kkal kik\u00f6vezett \u00f6sv\u00e9nyeken a k\u00f6ltekez\u00e9s porondjaira.<\/p>\n<p style=\"font-weight: 400;\">A j\u00e1rv\u00e1nyosban a v\u00e9dekez\u00e9s egyik legl\u00e1tv\u00e1nyosabb \u00e9s ugyanakkor sokak sz\u00e1m\u00e1ra &#8211; vagy ink\u00e1bb mindenkinek &#8211; legk\u00e9nyelmetlenebb c\u00f3km\u00f3kja a maszkocska. Neh\u00e9z is hib\u00e1tlanul viselni, de ha kimozdulunk otthonr\u00f3l, kell. Vagyis kellene.<\/p>\n<p style=\"font-weight: 400;\">A maszk n\u00e9lk\u00fcli teraszoz\u00e1s azonban \u00e1t\u00fct\u0151 erej\u0171 lesz: j\u00e1rv\u00e1ny van, de maszk ott maszk \u00fagy nincs, hogy nem k\u00f6telez\u0151, teh\u00e1t mendeg\u00e9l\u00fcnk kifel\u00e9, gondolja a kedves vend\u00e9g. \u00c9s a v\u00e1s\u00e1rl\u00f3k, k\u00f6ltekez\u0151k magatart\u00e1sa olyan, hogy ha felszabadul egy iga al\u00f3l, akkor t\u00f6bbet is k\u00f6lt. B\u00e1r ez a felszabadults\u00e1g p\u00e9ld\u00e1ul a pl\u00e1z\u00e1kban, iparcikkes boltokban az \u00e1prilisi \u00fajranyit\u00e1st k\u00f6vet\u0151en m\u00e9g messze nem l\u00e1tszik \u00e1t\u00fct\u0151 erej\u0171nek.<\/p>\n<div class=\"ads-in-post2\"><script async src=\"https:\/\/pagead2.googlesyndication.com\/pagead\/js\/adsbygoogle.js\"><\/script>\r\n<ins class=\"adsbygoogle\"\r\n     style=\"display:block\"\r\n     data-ad-format=\"fluid\"\r\n     data-ad-layout-key=\"-6t+ed+2i-1n-4w\"\r\n     data-ad-client=\"ca-pub-1959107119989764\"\r\n     data-ad-slot=\"4008251320\"><\/ins>\r\n<script>\r\n     (adsbygoogle = window.adsbygoogle || []).push({});\r\n<\/script><\/div>\n<p style=\"font-weight: 400;\">De ha a teraszon old\u00f3dik a g\u00f6rcs, akkor annak &#8211; ha lassan is &#8211; lesz p\u00e9nzt\u00e1rca felszabad\u00edt\u00f3 hat\u00e1sa m\u00e1shol is a k\u00f6ltekez\u00e9sben. Ilyen a v\u00e1s\u00e1rl\u00f3 lelke.<\/p>\n<p style=\"font-weight: 400;\"><strong>Home office g\u00f6nc le, teraszos \u00faj ruci fel: a terasz \u00e9s az utca n\u00e9pe egym\u00e1st fogja b\u00e1mulni<\/strong><\/p>\n<p style=\"font-weight: 400;\">Igen, a teraszos nyit\u00e1s el\u0151tti napokban az\u00e9rt t\u00f6bben szaladtak a butikba. A home office, a bej\u00e1r\u00f3knak az otthon-munka-otthon, n\u00e9mi gyors v\u00e1s\u00e1rlassal k\u00f6r\u00edtett \u00fatvonala el\u00e1gaz\u00e1shoz \u00e9rt. \u00c9s a t\u00e1rsas\u00e1gi elv\u00e1r\u00e1s r\u00e9sze volt hajdan\u00e1n a men\u0151, j\u00f3 cucc, h\u00e1t ez most megint \u00edgy lesz.<\/p>\n<p style=\"font-weight: 400;\">Kell vir\u00edtani, b\u00e1r eddig m\u00e9g men\u0151 is volt a home office, a vide\u00f3konferencia meleg\u00edt\u0151 gaty\u00e1ja, fels\u0151je, p\u00f3l\u00f3ja, de h\u00e1t a terasz az az\u00e9rt m\u00e1s. R\u00e1ad\u00e1sul az utca n\u00e9pe is l\u00e1tja, s\u0151t, oda-vissza megy majd a pisl\u00e1kol\u00e1s.<\/p>\n<p style=\"font-weight: 400;\">Ja, igen, a mobil. St\u00e1tusz szimb\u00f3lum a jav\u00e1b\u00f3l, majd tess\u00e9k megn\u00e9zni a teraszos asztalokra lezser\u00fcl odadobott ketyer\u00e9ket. Vadi \u00faj is lesz k\u00f6z\u00f6tt\u00fck. Lesz ott minden m\u00e1s is, p\u00e9ld\u00e1ul f\u00fclhallgat\u00f3, elv\u00e9gre hova tegy\u00fck, ha nem a leveses t\u00e1l mell\u00e9. \u00c9s a sluszkucsot is sokan az asztalra l\u00f6kik, elv\u00e9gre a nadr\u00e1gzsebb\u0151l kipottyanhat, persze \u00fagy, hogy a m\u00e1rkafityeg\u0151t ne takarja el a vizeskancs\u00f3.<\/p>\n<p style=\"font-weight: 400;\">Napszem\u00fcvegb\u0151l is er\u0151s lesz a felhozatal, hiszen a teraszokat \u00e1rny\u00e9kol\u00f3kkal fedik ugyan, de a gyeng\u00e9bb tavaszi napf\u00e9ny el\u0151l nem biztos, hogy eltakarj\u00e1k a pinc\u00e9rek az asztalt, az m\u00e9g j\u00f3l is eshet. \u00cdgy a napszem\u00fcveg vagy marad fenn, vagy feltoljuk a fej\u00fcnk b\u00fabj\u00e1ra, vagy rep\u00fcl a mobil mell\u00e9. A ridik\u00fclbe berakni csak k\u00e9nyelmetlen lehet.<\/p>\n<p style=\"font-weight: 400;\">\u00c9s a fodr\u00e1szokn\u00e1l, kozmetikusokn\u00e1l is ugrott a vend\u00e9gsz\u00e1m. H\u00e1t igen, lesz majd r\u00fazs-, sminkigaz\u00edt\u00e1s is az eb\u00e9d ut\u00e1n, van, akin\u00e9l j\u00f3 m\u00f3ka ezt b\u00e1mulni.<\/p>\n<p style=\"font-weight: 400;\"><div class=\"ads-in-post2\"><script async src=\"https:\/\/pagead2.googlesyndication.com\/pagead\/js\/adsbygoogle.js\"><\/script>\r\n<ins class=\"adsbygoogle\"\r\n     style=\"display:block\"\r\n     data-ad-format=\"fluid\"\r\n     data-ad-layout-key=\"-6t+ed+2i-1n-4w\"\r\n     data-ad-client=\"ca-pub-1959107119989764\"\r\n     data-ad-slot=\"4008251320\"><\/ins>\r\n<script>\r\n     (adsbygoogle = window.adsbygoogle || []).push({});\r\n<\/script><\/div>\n<p style=\"font-weight: 400;\">Teniszezni volt\u00e1l? Akkor \u00e9hes lehetsz nagyon. Igen, h\u00e1t az id\u0151vel sp\u00f3rolni kell, egyszer\u0171bb a tenisz, vagy az edz\u0151terem el\u0151tt, ut\u00e1n r\u00f6gt\u00f6n kid\u0151lni a teraszra. Ja, hogy l\u00e1tj\u00e1k a tenisz\u00fct\u0151s cum\u00f3t, vagy az asztal l\u00e1b\u00e1hoz gur\u00edtott b\u0151rt, h\u00e1t az olyan n\u00e9vjegy, mint a mobil m\u00e1rk\u00e1ja. Az \u00faj meleg\u00edt\u0151fels\u0151r\u0151l nem is besz\u00e9lve, elv\u00e9gre a sport az sport, ott jobban sz\u00e1m\u00edt a m\u00e1rka is, mint a home office-ban.<\/p>\n<p>&nbsp;<\/p>\n<p style=\"font-weight: 400;\"><strong>\u00c9s akkor megint ir\u00e1ny a bolt? Maszkocsk\u00e1ban, persze, de a jogalkot\u00f3k figyelmetlenek voltak maszk\u00fcgyben<\/strong><\/p>\n<p style=\"font-weight: 400;\">Csak lassan indulnak a v\u00e1s\u00e1rl\u00f3k persze, mert az\u00e9rt a j\u00e1rv\u00e1ny ott liheg k\u00f6r\u00fcl\u00f6tt\u00fcnk \u00e9s az\u00e9rt sokan \u00f3vatosak. P\u00e9nze sincs sokaknak annyi. De a szolg\u00e1ltat\u00e1snyit\u00e1s adott egy l\u00f6k\u00e9st a boltos vil\u00e1gnak is, hiszen a reggeli rohan\u00e1s k\u00f6zepette el\u00e9g az otthon felpakolt smink is p\u00e9ld\u00e1ul.<\/p>\n<p style=\"font-weight: 400;\">De az\u00e9rt a v\u00e1s\u00e1rl\u00f3k nem felejtenek k\u00f6nnyen, f\u0151leg az\u00e9rt, mivel a maszkocska k\u00f6telez\u0151 viselet maradt tov\u00e1bbra is, felki\u00e1lt\u00f3 jelk\u00e9nt is szerepet hordozva.<\/p>\n<p style=\"font-weight: 400;\">A terasznyit\u00e1s el\u0151tt napokban, \u00f3r\u00e1kban azonban \u00fagy t\u0171nt az utca n\u00e9p\u00e9t b\u00e1mulva, mintha nem is lenne k\u00f6telez\u0151 a maszkviselet. Pedig a szab\u00e1ly nem v\u00e1ltozott, m\u00e9g ha a lelk\u00fcnk k\u00f6nnyebb is a teraszon \u00fccs\u00f6r\u00f6gve: a telep\u00fcl\u00e9sek belter\u00fclet\u00e9n, az utc\u00e1n \u00e9s a k\u00f6zter\u00fcleten mindenki k\u00f6teles maszkot viselni.<\/p>\n<p style=\"font-weight: 400;\">Igaz, a hat\u00e1lyos rendeletek k\u00f6z\u00f6tt van n\u00e9mi igaz\u00edt\u00e1si hi\u00e1ny: a 2020\/484. sz\u00e1m\u00fa korm\u00e1nyrendelet az el\u0151bbin\u00e9l laz\u00e1bban fogalmaz (a 10 000 f\u0151n\u00e9l nagyobb lak\u00f3n\u00e9pess\u00e9g\u0171 telep\u00fcl\u00e9s belter\u00fclet\u00e9n a telep\u00fcl\u00e9si \u00f6nkorm\u00e1nyzat \u00e1ltal kijel\u00f6lt k\u00f6zter\u00fcleten, illetve nyilv\u00e1nos helyen, kiv\u00e9ve a sporttev\u00e9kenys\u00e9g sor\u00e1n, valamint a parkokban, illetve z\u00f6ldter\u00fcleteken), az el\u0151bbivel (a 104\/2021. sz\u00e1m\u00fa korm\u00e1nyrendelettel) szemben. A jogt\u00e1r szerint mindk\u00e9t rendeleti r\u00e9sz hat\u00e1lyos.<\/p>\n<div class=\"ads-in-post2\"><script async src=\"https:\/\/pagead2.googlesyndication.com\/pagead\/js\/adsbygoogle.js\"><\/script>\r\n<ins class=\"adsbygoogle\"\r\n     style=\"display:block\"\r\n     data-ad-format=\"fluid\"\r\n     data-ad-layout-key=\"-6t+ed+2i-1n-4w\"\r\n     data-ad-client=\"ca-pub-1959107119989764\"\r\n     data-ad-slot=\"4008251320\"><\/ins>\r\n<script>\r\n     (adsbygoogle = window.adsbygoogle || []).push({});\r\n<\/script><\/div>\n<p style=\"font-weight: 400;\">\u00c9s a t\u00e1vols\u00e1gtart\u00e1s: k\u00f6zter\u00fcleten, nyilv\u00e1nos helyen mindenki k\u00f6teles m\u00e1s emberrel a szoci\u00e1lis \u00e9rintkez\u00e9st \u2013 a k\u00f6z\u00f6s h\u00e1ztart\u00e1sban \u00e9l\u0151k kiv\u00e9tel\u00e9vel \u2013 a lehet\u0151 legsz\u0171kebb szem\u00e9lyi k\u00f6rre korl\u00e1tozni, \u00e9s a m\u00e1sik embert\u0151l lehet\u0151s\u00e9g szerint legal\u00e1bb 1,5 m\u00e9ter t\u00e1vols\u00e1got tartani. A terasz is nyilv\u00e1nos hely, de ott asztalt\u00e1rsas\u00e1gonk\u00e9nt szok\u00e1s ezt \u00e9rtelmezni.<\/p>\n<p style=\"font-weight: 400;\">Maradt m\u00e9g a j\u00e1rv\u00e1ny, maradt ok az \u00f3vatoss\u00e1gra. Pl\u00e1z\u00e1s lift, ruh\u00e1s pr\u00f3baf\u00fclke, k\u00e9szp\u00e9nzes fizet\u00e9s, k\u00e9zfert\u0151tlen\u00edt\u0151 kihagy\u00e1sa (minden \u00fczletben k\u00f6telez\u0151 kihelyezni), kifli, zsemle fogdos\u00e1sa, r\u00fazs pr\u00f3b\u00e1lgat\u00e1sa a kez\u00fcnk\u00f6n, felesleges csere-bere.<\/p>\n<p style=\"font-weight: 400;\">Vagy \u00e9ppen a teraszon: t\u00f6lts\u00fcnk b\u00e1tran a m\u00e1sik pohar\u00e1ba? Ezt k\u00f3stold meg: elfogadjuk?<\/p>\n<p style=\"font-weight: 400;\">(<a href=\"http:\/\/blokkk.com\/\" data-saferedirecturl=\"https:\/\/www.google.com\/url?q=http:\/\/blokkk.com&amp;source=gmail&amp;ust=1619509137493000&amp;usg=AFQjCNG5lJlC35fBvidi_-Ua1SynyRh7jw\" target=\"_blank\" rel=\"noopener\">blokkk.com<\/a>)<\/p>\n","protected":false},"excerpt":{"rendered":"<p>De j\u00f3l n\u00e9zel ki! Sz\u00e9p ruci, \u00faj smink \u00e9s milyen sz\u00edn\u0171 is volt a m\u00faltkor a hajad?! Nanem\u00e1! \u00daj a mobilod is? Ny\u00edlik itt minden: a j\u00e1rv\u00e1nyvesz\u00e9ly diszkr\u00e9t b\u00e1ja szertefoszlik? Az\u00e9rt a sok nyit\u00e1s h\u00fazza a p\u00e9nzt\u00e1rc\u00e1kat le, a k\u00f6ltekez\u00e9st fel. K\u00f6zben maszkot nem hord m\u00e1r szinte senki az utc\u00e1n. Persze, k\u00e9tf\u00e9le korm\u00e1nyrendelet k\u00e9tf\u00e9le m\u00f3don &#8230;<\/p>\n","protected":false},"author":1001006,"featured_media":135162,"comment_status":"closed","ping_status":"open","sticky":false,"template":"","format":"standard","meta":[],"categories":[19,436],"tags":[],"_links":{"self":[{"href":"https:\/\/gazdasagportal.hu\/index.php\/wp-json\/wp\/v2\/posts\/135161"}],"collection":[{"href":"https:\/\/gazdasagportal.hu\/index.php\/wp-json\/wp\/v2\/posts"}],"about":[{"href":"https:\/\/gazdasagportal.hu\/index.php\/wp-json\/wp\/v2\/types\/post"}],"author":[{"embeddable":true,"href":"https:\/\/gazdasagportal.hu\/index.php\/wp-json\/wp\/v2\/users\/1001006"}],"replies":[{"embeddable":true,"href":"https:\/\/gazdasagportal.hu\/index.php\/wp-json\/wp\/v2\/comments?post=135161"}],"version-history":[{"count":1,"href":"https:\/\/gazdasagportal.hu\/index.php\/wp-json\/wp\/v2\/posts\/135161\/revisions"}],"predecessor-version":[{"id":135163,"href":"https:\/\/gazdasagportal.hu\/index.php\/wp-json\/wp\/v2\/posts\/135161\/revisions\/135163"}],"wp:featuredmedia":[{"embeddable":true,"href":"https:\/\/gazdasagportal.hu\/index.php\/wp-json\/wp\/v2\/media\/135162"}],"wp:attachment":[{"href":"https:\/\/gazdasagportal.hu\/index.php\/wp-json\/wp\/v2\/media?parent=135161"}],"wp:term":[{"taxonomy":"category","embeddable":true,"href":"https:\/\/gazdasagportal.hu\/index.php\/wp-json\/wp\/v2\/categories?post=135161"},{"taxonomy":"post_tag","embeddable":true,"href":"https:\/\/gazdasagportal.hu\/index.php\/wp-json\/wp\/v2\/tags?post=135161"}],"curies":[{"name":"wp","href":"https:\/\/api.w.org\/{rel}","templated":true}]}}