{"id":135147,"date":"2021-04-26T12:47:02","date_gmt":"2021-04-26T10:47:02","guid":{"rendered":"http:\/\/gazdasagportal.hu\/?p=135147"},"modified":"2021-04-26T11:47:53","modified_gmt":"2021-04-26T09:47:53","slug":"elmaradt-a-varakozasoktol-az-ifo-aprilisi-nemet-uzleti-hangulatindexe","status":"publish","type":"post","link":"https:\/\/gazdasagportal.hu\/index.php\/elmaradt-a-varakozasoktol-az-ifo-aprilisi-nemet-uzleti-hangulatindexe\/","title":{"rendered":"Elmaradt a v\u00e1rakoz\u00e1sokt\u00f3l az ifo \u00e1prilisi n\u00e9met \u00fczleti hangulatindexe"},"content":{"rendered":"<p><strong>A v\u00e1rtn\u00e1l kev\u00e9sb\u00e9 javult \u00e1prilisban a n\u00e9met \u00fczleti hangulatindex a m\u00fcncheni egyetem ifo gazdas\u00e1gkutat\u00f3 int\u00e9zet\u00e9nek a felm\u00e9r\u00e9se szerint.<\/strong><!--more--><\/p>\n<div class=\"ads-in-post1\"><div id=\"gazdasagportal.hu_fullbanner_wideboard\"><\/div>\r\n<\/div>\n<p>Az \u00fczleti hangulatindex \u00e1prilisban 96,8 pontra, 2019 j\u00faniusa \u00f3ta a legmagasabbra emelkedett az el\u0151z\u0151 havi 96,6 pontr\u00f3l a v\u00e1rt 97,8 pont helyett.<br \/>\nAz \u00fczleti hangulat els\u0151sorban annak k\u00f6sz\u00f6nhet\u0151en javult, hogy a felm\u00e9r\u00e9sbe bevont \u00fczleti szerepl\u0151k kiss\u00e9 jobbnak \u00edt\u00e9lt\u00e9k meg aktu\u00e1lis helyzet\u00fcket mint az el\u0151z\u0151 h\u00f3napban, az elk\u00f6vetkez\u0151 hat h\u00f3nappal szemben t\u00e1masztott v\u00e1rakoz\u00e1saik tekintet\u00e9ben viszont m\u00e9rs\u00e9kelt\u00e9k optimizmusukat.<br \/>\nAz ifo n\u00e9met \u00fczleti hangulatindexe tavaly janu\u00e1rban 96,0 ponton kezdte az \u00e9vet, majd a koronav\u00edrus-v\u00e1ls\u00e1g miatt \u00e1prilis-m\u00e1jusban \u00e9rte el m\u00e9lypontj\u00e1t 74,2 \u00e9s 79,7 ponton. Onnan szeptemberig folyamatosan emelkedett, majd az \u00e9v v\u00e9g\u00e9n a m\u00e1sodik fert\u0151z\u00e9si hull\u00e1m miatt \u00fajb\u00f3l \u00e9letbe l\u00e9ptetett korl\u00e1toz\u00e1sok k\u00f6vetkezt\u00e9ben ism\u00e9t cs\u00f6kkent, de a tavaszihoz k\u00e9pest m\u00e1r csak eleny\u00e9sz\u0151 m\u00e9rt\u00e9kben.<br \/>\nAz index \u00e1prilisi alkot\u00f3elemei k\u00f6z\u00fcl az aktu\u00e1lis helyzet meg\u00edt\u00e9l\u00e9s\u00e9t sz\u00e1mszer\u0171s\u00edt\u0151 mutat\u00f3 \u00e9rt\u00e9ke 94,1 pontra emelkedett a m\u00e1rciusi 93,1 pontr\u00f3l, a hat h\u00f3napra el\u0151re tekint\u0151 kil\u00e1t\u00e1sok meg\u00edt\u00e9l\u00e9s\u00e9t sz\u00e1mszer\u0171s\u00edt\u0151 \u00e9rt\u00e9k pedig 99,5 pontra cs\u00f6kkent 100,3 pontr\u00f3l. Mindk\u00e9t r\u00e9szmutat\u00f3 elmaradt a v\u00e1rakoz\u00e1sokt\u00f3l. A kil\u00e1t\u00e1sokra 101,3 pontot, az aktu\u00e1lis helyzetre 94,4 pontot v\u00e1rtak elemz\u0151k.<br \/>\n&#8222;A harmadik fert\u0151z\u00e9si hull\u00e1m \u00e9s a besz\u00e1ll\u00edt\u00f3i l\u00e1ncokban bek\u00f6vetkezett fennakad\u00e1sok egyar\u00e1nt k\u00f6zrej\u00e1tszottak a kil\u00e1t\u00e1sok kedvez\u0151tlenebb meg\u00edt\u00e9l\u00e9s\u00e9ben&#8221; &#8211; komment\u00e1lta a felm\u00e9r\u00e9s meg\u00e1llap\u00edt\u00e1sait Clemens Fuest, az ifo gazdas\u00e1gkutat\u00f3 int\u00e9zet (ifo Institut &#8211; Leibniz-Institut f\u00fcr Wirtschaftsforschung an der Universit\u00e4t M\u00fcnchen e.V.) eln\u00f6ke.<br \/>\nSzektoronk\u00e9nti bont\u00e1sban a feldolgoz\u00f3iparban \u00e9s a kereskedelemben javult a hangulatindex, b\u00e1r a kereskedelemben ink\u00e1bb &#8222;kev\u00e9sb\u00e9 pesszimista&#8221; lett.<br \/>\n<div class=\"ads-in-post2\"><script async src=\"https:\/\/pagead2.googlesyndication.com\/pagead\/js\/adsbygoogle.js\"><\/script>\r\n<ins class=\"adsbygoogle\"\r\n     style=\"display:block\"\r\n     data-ad-format=\"fluid\"\r\n     data-ad-layout-key=\"-6t+ed+2i-1n-4w\"\r\n     data-ad-client=\"ca-pub-1959107119989764\"\r\n     data-ad-slot=\"4008251320\"><\/ins>\r\n<script>\r\n     (adsbygoogle = window.adsbygoogle || []).push({});\r\n<\/script><\/div>\nA feldolgoz\u00f3iparban \u00e1prilisban az el\u0151z\u0151 havi 24,0 pontr\u00f3l 25,3 pontra emelkedett a mutat\u00f3, 2018 m\u00e1jusa \u00f3ta a legmagasabbra. A termel\u00e9si kapacit\u00e1s kihaszn\u00e1lts\u00e1ga a feldolgoz\u00f3iparban 81,9 sz\u00e1zal\u00e9kr\u00f3l 86,2 sz\u00e1zal\u00e9kra emelkedett \u00e1prilisban \u00e9s \u00edgy k\u00e9t \u00e9ve az els\u0151 alkalommal ker\u00fclt a 83,5 sz\u00e1zal\u00e9kos sok\u00e9ves \u00e1tlag f\u00f6l\u00e9. Vannak azonban aggaszt\u00f3 jelek is, a felm\u00e9r\u00e9sbe bevont v\u00e1llalatok 45 sz\u00e1zal\u00e9ka jelzett ugyanis besz\u00e1ll\u00edt\u00e1si fennakad\u00e1sokat, ami 1991 \u00f3ta a legmagasabb ar\u00e1ny.<br \/>\nA szolg\u00e1ltat\u00f3ipari szektor indexe a m\u00e1rciusi 6,6 pontr\u00f3l 3,5 pontra cs\u00f6kkent \u00e1prilisban, a kereskedelemben pedig m\u00ednusz 1,4 pontr\u00f3l m\u00ednusz 0,5 pontra emelkedett. Az \u00e9p\u00edt\u0151ipari hangulatindex 2,4 pontr\u00f3l 0,4 pontra esett.<br \/>\n<a title=\"Hely megnyit\u00e1sa\" href=\"https:\/\/www.ifo.de\/node\/62996\" target=\"_blank\" rel=\"noopener noreferrer\">https:\/\/www.ifo.de\/node\/62996<\/a><\/p>\n<p>(MTI)<\/p><div id=\"gazda-3648725258\" class=\"gazda-tartalomban gazda-entity-placement\"><script async src=\"https:\/\/pagead2.googlesyndication.com\/pagead\/js\/adsbygoogle.js\"><\/script>\r\n<ins class=\"adsbygoogle\"\r\n     style=\"display:block\"\r\n     data-ad-format=\"fluid\"\r\n     data-ad-layout-key=\"-6t+ed+2i-1n-4w\"\r\n     data-ad-client=\"ca-pub-1959107119989764\"\r\n     data-ad-slot=\"4008251320\"><\/ins>\r\n<script>\r\n     (adsbygoogle = window.adsbygoogle || []).push({});\r\n<\/script><\/div>\n","protected":false},"excerpt":{"rendered":"<p>A v\u00e1rtn\u00e1l kev\u00e9sb\u00e9 javult \u00e1prilisban a n\u00e9met \u00fczleti hangulatindex a m\u00fcncheni egyetem ifo gazdas\u00e1gkutat\u00f3 int\u00e9zet\u00e9nek a felm\u00e9r\u00e9se szerint.<\/p>\n","protected":false},"author":1001006,"featured_media":0,"comment_status":"closed","ping_status":"open","sticky":false,"template":"","format":"standard","meta":[],"categories":[19],"tags":[],"_links":{"self":[{"href":"https:\/\/gazdasagportal.hu\/index.php\/wp-json\/wp\/v2\/posts\/135147"}],"collection":[{"href":"https:\/\/gazdasagportal.hu\/index.php\/wp-json\/wp\/v2\/posts"}],"about":[{"href":"https:\/\/gazdasagportal.hu\/index.php\/wp-json\/wp\/v2\/types\/post"}],"author":[{"embeddable":true,"href":"https:\/\/gazdasagportal.hu\/index.php\/wp-json\/wp\/v2\/users\/1001006"}],"replies":[{"embeddable":true,"href":"https:\/\/gazdasagportal.hu\/index.php\/wp-json\/wp\/v2\/comments?post=135147"}],"version-history":[{"count":1,"href":"https:\/\/gazdasagportal.hu\/index.php\/wp-json\/wp\/v2\/posts\/135147\/revisions"}],"predecessor-version":[{"id":135148,"href":"https:\/\/gazdasagportal.hu\/index.php\/wp-json\/wp\/v2\/posts\/135147\/revisions\/135148"}],"wp:attachment":[{"href":"https:\/\/gazdasagportal.hu\/index.php\/wp-json\/wp\/v2\/media?parent=135147"}],"wp:term":[{"taxonomy":"category","embeddable":true,"href":"https:\/\/gazdasagportal.hu\/index.php\/wp-json\/wp\/v2\/categories?post=135147"},{"taxonomy":"post_tag","embeddable":true,"href":"https:\/\/gazdasagportal.hu\/index.php\/wp-json\/wp\/v2\/tags?post=135147"}],"curies":[{"name":"wp","href":"https:\/\/api.w.org\/{rel}","templated":true}]}}