{"id":135115,"date":"2021-04-25T15:44:32","date_gmt":"2021-04-25T13:44:32","guid":{"rendered":"http:\/\/gazdasagportal.hu\/?p=135115"},"modified":"2021-04-25T15:44:32","modified_gmt":"2021-04-25T13:44:32","slug":"heti-makronaptar-kamatdontes-es-kereseti-adatok-jonnek-a-jovo-heten-2","status":"publish","type":"post","link":"https:\/\/gazdasagportal.hu\/index.php\/heti-makronaptar-kamatdontes-es-kereseti-adatok-jonnek-a-jovo-heten-2\/","title":{"rendered":"Heti makr\u00f3napt\u00e1r &#8211; Kamatd\u00f6nt\u00e9s \u00e9s kereseti adatok j\u00f6nnek a j\u00f6v\u0151 h\u00e9ten"},"content":{"rendered":"<p><strong>A j\u00f6v\u0151 heti statisztikai t\u00e1j\u00e9koztat\u00e1si napt\u00e1rban munkaer\u0151piaci \u00e9s kereseti statisztika is szerepel, megk\u00fcl\u00f6nb\u00f6ztetett figyelemre a monet\u00e1ris tan\u00e1cs \u00e1prilisi kamatd\u00f6nt\u0151 \u00fcl\u00e9se tarthat sz\u00e1mot.<\/strong><!--more--><\/p>\n<div class=\"ads-in-post1\"><div id=\"gazdasagportal.hu_fullbanner_wideboard\"><\/div>\r\n<\/div>\n<p>    Kedden tartja soron k\u00f6vetkez\u0151 kamatd\u00f6nt\u0151 \u00fcl\u00e9s\u00e9t a Magyar Nemzeti Bank Monet\u00e1ris Tan\u00e1csa. Az el\u0151z\u0151, m\u00e1rciusi \u00fcl\u00e9s\u00e9n v\u00e1ltozatlanul hagyta az alapkamat 0,60 sz\u00e1zal\u00e9kos szintj\u00e9t, \u00e9s nem v\u00e1ltoztatott a m\u00ednusz 0,5 sz\u00e1zal\u00e9k \u00e9s 1,85 sz\u00e1zal\u00e9k k\u00f6z\u00f6tti kamatfolyos\u00f3n sem. A tan\u00e1cs legut\u00f3bb tavaly j\u00faliusban v\u00e1ltoztatott az alapkamaton, 15 b\u00e1zisponttal cs\u00f6kkentette azt, el\u0151tte j\u00faniusban hajtott v\u00e9gre ugyanilyen v\u00e1g\u00e1st, \u00edgy m\u00e9rs\u00e9kelve a 2016. m\u00e1jus 25. \u00f3ta 0,90 sz\u00e1zal\u00e9kos kamatot.<br \/>\n    Szerd\u00e1n a foglalkoztatotts\u00e1g-munkan\u00e9lk\u00fclis\u00e9g m\u00e1rciusi adatait teszi k\u00f6zz\u00e9 a K\u00f6zponti Statisztikai Hivatal (KSH). Febru\u00e1rban a 15-74 \u00e9ves foglalkoztatottak \u00e1tlagos havi l\u00e9tsz\u00e1ma 4 milli\u00f3 550 ezer  volt, ami &#8211; j\u00f3r\u00e9szt a koronav\u00edrus-j\u00e1rv\u00e1ny gazdas\u00e1gi k\u00f6vetkezm\u00e9nyek\u00e9nt &#8211; 104 ezerrel kevesebb az egy \u00e9vvel kor\u00e1bbin\u00e1l, de 14 ezerrel t\u00f6bb mint az el\u0151z\u0151 h\u00f3napban. A 15-64 \u00e9vesek foglalkoztat\u00e1si r\u00e1t\u00e1ja 71,8 sz\u00e1zal\u00e9kos volt, 0,3 sz\u00e1zal\u00e9kponttal alacsonyabb az egy \u00e9vvel kor\u00e1bbin\u00e1l. A munkan\u00e9lk\u00fclis\u00e9gi r\u00e1ta 1,0 sz\u00e1zal\u00e9kponttal, 4,5 sz\u00e1zal\u00e9kra emelkedett. Janu\u00e1rhoz viszony\u00edtva a munkan\u00e9lk\u00fcliek sz\u00e1ma 25 ezerrel, a munkan\u00e9lk\u00fclis\u00e9gi r\u00e1ta 0,5 sz\u00e1zal\u00e9kponttal cs\u00f6kkent.<br \/>\n    Cs\u00fct\u00f6rt\u00f6k\u00f6n a keresetek febru\u00e1ri statisztik\u00e1ja jelenik meg, \u00e9s a k\u00fclkereskedelmi forgalom febru\u00e1ri m\u00e1sodik becsl\u00e9se.<br \/>\n    Janu\u00e1rban 9,5 sz\u00e1zal\u00e9kkal n\u0151tt a teljes munkaid\u0151ben alkalmaz\u00e1sban \u00e1ll\u00f3k brutt\u00f3 \u00e9s nett\u00f3 \u00e1tlagkeresete. A brutt\u00f3 \u00e1tlagkereset 411 000 forint volt  janu\u00e1rban, a kedvezm\u00e9nyek n\u00e9lk\u00fcl sz\u00e1molt nett\u00f3 \u00e1tlagkereset pedig 273 300 forint volt. A re\u00e1lkereset 6,6 sz\u00e1zal\u00e9kkal emelkedett.<br \/>\n<div class=\"ads-in-post2\"><script async src=\"https:\/\/pagead2.googlesyndication.com\/pagead\/js\/adsbygoogle.js\"><\/script>\r\n<ins class=\"adsbygoogle\"\r\n     style=\"display:block\"\r\n     data-ad-format=\"fluid\"\r\n     data-ad-layout-key=\"-6t+ed+2i-1n-4w\"\r\n     data-ad-client=\"ca-pub-1959107119989764\"\r\n     data-ad-slot=\"4008251320\"><\/ins>\r\n<script>\r\n     (adsbygoogle = window.adsbygoogle || []).push({});\r\n<\/script><\/div>\n    Az \u00e1prilis 8-\u00e1n kiadott el\u0151zetes adatok szerint febru\u00e1rban az export eur\u00f3ban sz\u00e1m\u00edtott \u00e9rt\u00e9ke 0,8, az import\u00e9 3,9 sz\u00e1zal\u00e9kkal nagyobb volt az egy \u00e9vvel kor\u00e1bbin\u00e1l. A 856 milli\u00f3 eur\u00f3 havi exportt\u00f6bblet 255 milli\u00f3 eur\u00f3val elmaradt a kiugr\u00f3an magas tavaly febru\u00e1ri \u00e9rt\u00e9kt\u0151l. Az el\u0151z\u0151 h\u00f3naphoz viszony\u00edtva az export 9,3 sz\u00e1zal\u00e9kkal,  az import 10,3 sz\u00e1zal\u00e9kkal emelkedett.<br \/>\n    P\u00e9nteken az ipari termel\u0151i \u00e1rak m\u00e1rciusi adatait k\u00f6zli a KSH. Febru\u00e1rban az ipar belf\u00f6ldi \u00e9rt\u00e9kes\u00edt\u00e9s \u00e1rai 5,2 sz\u00e1zal\u00e9kkal, az export\u00e9rt\u00e9 9,5 sz\u00e1zal\u00e9kkal, a termel\u0151i \u00e1rak 8,1 sz\u00e1zal\u00e9kkal haladt\u00e1k meg az egy \u00e9vvel kor\u00e1bbiakat. Az \u00e1remelked\u00e9s \u00fctem\u00e9t els\u0151sorban a forint eur\u00f3val szembeni gyeng\u00fcl\u00e9se befoly\u00e1solta. Tavaly febru\u00e1rhoz k\u00e9pest a forint \u00e1rfolyama az eur\u00f3val szemben 6,2 sz\u00e1zal\u00e9kkal (21,13 forinttal) gyeng\u00fclt. Az el\u0151z\u0151 h\u00f3naphoz k\u00e9pest a belf\u00f6ldi \u00e9rt\u00e9kes\u00edt\u00e9s \u00e1rai 1,6, az export\u00e9rt\u00e9kes\u00edt\u00e9s \u00e1rai 1,0 sz\u00e1zal\u00e9kkal, a termel\u0151i \u00e1rak 1,2 sz\u00e1zal\u00e9kkal n\u0151ttek.(MTI)<\/p>\n","protected":false},"excerpt":{"rendered":"<p>A j\u00f6v\u0151 heti statisztikai t\u00e1j\u00e9koztat\u00e1si napt\u00e1rban munkaer\u0151piaci \u00e9s kereseti statisztika is szerepel, megk\u00fcl\u00f6nb\u00f6ztetett figyelemre a monet\u00e1ris tan\u00e1cs \u00e1prilisi kamatd\u00f6nt\u0151 \u00fcl\u00e9se tarthat sz\u00e1mot.<\/p>\n","protected":false},"author":1001006,"featured_media":0,"comment_status":"closed","ping_status":"open","sticky":false,"template":"","format":"standard","meta":[],"categories":[19],"tags":[],"_links":{"self":[{"href":"https:\/\/gazdasagportal.hu\/index.php\/wp-json\/wp\/v2\/posts\/135115"}],"collection":[{"href":"https:\/\/gazdasagportal.hu\/index.php\/wp-json\/wp\/v2\/posts"}],"about":[{"href":"https:\/\/gazdasagportal.hu\/index.php\/wp-json\/wp\/v2\/types\/post"}],"author":[{"embeddable":true,"href":"https:\/\/gazdasagportal.hu\/index.php\/wp-json\/wp\/v2\/users\/1001006"}],"replies":[{"embeddable":true,"href":"https:\/\/gazdasagportal.hu\/index.php\/wp-json\/wp\/v2\/comments?post=135115"}],"version-history":[{"count":1,"href":"https:\/\/gazdasagportal.hu\/index.php\/wp-json\/wp\/v2\/posts\/135115\/revisions"}],"predecessor-version":[{"id":135116,"href":"https:\/\/gazdasagportal.hu\/index.php\/wp-json\/wp\/v2\/posts\/135115\/revisions\/135116"}],"wp:attachment":[{"href":"https:\/\/gazdasagportal.hu\/index.php\/wp-json\/wp\/v2\/media?parent=135115"}],"wp:term":[{"taxonomy":"category","embeddable":true,"href":"https:\/\/gazdasagportal.hu\/index.php\/wp-json\/wp\/v2\/categories?post=135115"},{"taxonomy":"post_tag","embeddable":true,"href":"https:\/\/gazdasagportal.hu\/index.php\/wp-json\/wp\/v2\/tags?post=135115"}],"curies":[{"name":"wp","href":"https:\/\/api.w.org\/{rel}","templated":true}]}}