{"id":13502,"date":"2013-08-09T14:21:57","date_gmt":"2013-08-09T12:21:57","guid":{"rendered":"http:\/\/stockportal.hu\/?p=13502"},"modified":"2013-08-09T14:21:57","modified_gmt":"2013-08-09T12:21:57","slug":"175-megvaltozott-munkakepessegu-ember-dolgozhat-a-szefo-zrt-uj-telephelyen","status":"publish","type":"post","link":"https:\/\/gazdasagportal.hu\/index.php\/175-megvaltozott-munkakepessegu-ember-dolgozhat-a-szefo-zrt-uj-telephelyen\/","title":{"rendered":"175 megv\u00e1ltozott munkak\u00e9pess\u00e9g\u0171 ember dolgozhat a SZEFO Zrt. \u00faj telephely\u00e9n"},"content":{"rendered":"<p><strong>A j\u00f6v\u0151 \u00e9v k\u00f6zep\u00e9t\u0151l m\u00e1r 175, r\u00e9szben megv\u00e1ltozott munkak\u00e9pess\u00e9g\u0171 ember dolgozhat a SZEFO Zrt. \u00faj telephely\u00e9n, amelyet H\u00f3dmez\u0151v\u00e1s\u00e1rhelyen nyit az \u00e1llami tulajdon\u00fa textilipari t\u00e1rsas\u00e1g.<!--more--><\/strong><\/p>\n<p>Solt\u00e9sz Mikl\u00f3s, az Emberi Er\u0151forr\u00e1sok Miniszt\u00e9rium\u00e1nak szoci\u00e1lis \u00e9s csal\u00e1d\u00fcgy\u00e9rt felel\u0151s \u00e1llamtitk\u00e1ra a fejleszt\u00e9sr\u0151l tartott p\u00e9nteki sajt\u00f3t\u00e1j\u00e9koztat\u00f3n elmondta: a korm\u00e1ny egys\u00e9gess\u00e9 tette a megv\u00e1ltozott munkak\u00e9pess\u00e9g\u0171 dolgoz\u00f3k foglalkoztat\u00e1si rehabilit\u00e1ci\u00f3j\u00e1nak t\u00e1mogat\u00e1s\u00e1t. Ennek eredm\u00e9nyek\u00e9nt 10 ezerrel n\u0151tt a munkav\u00e1llal\u00f3k sz\u00e1ma ezen a ter\u00fcleten.<br \/>\nAz \u00e1llamtitk\u00e1r k\u00f6z\u00f6lte, n\u00e9h\u00e1ny h\u00e9ten bel\u00fcl egymilli\u00e1rd forintos keret\u00f6sszeggel p\u00e1ly\u00e1zatot \u00edrnak ki a megv\u00e1ltozott munkak\u00e9pess\u00e9g\u0171 dolgoz\u00f3k foglalkoztat\u00e1s\u00e1nak el\u0151seg\u00edt\u00e9s\u00e9re. A v\u00e1llalkoz\u00e1sok telephelyfejleszt\u00e9shez \u00e9s \u00faj berendez\u00e9sek beszerz\u00e9s\u00e9hez kaphatnak t\u00e1mogat\u00e1st.<br \/>\nM\u00e1r tart az a 11 milli\u00e1rd forintos program, amely a tervek szerint \u00fajabb 10 ezer megv\u00e1ltozott munkak\u00e9pess\u00e9g\u0171 ember elhelyezked\u00e9s\u00e9t teszi lehet\u0151v\u00e9. A munkav\u00e1llal\u00f3k ingyenes k\u00e9pz\u00e9seken vehetnek r\u00e9szt, a v\u00e1llalkoz\u00e1sok pedig foglalkoztat\u00e1sukhoz 7-14 h\u00f3napra fejenk\u00e9nt h\u00e9tsz\u00e1z-nyolcsz\u00e1zezer forintos t\u00e1mogat\u00e1st kaphatnak \u2013 tette hozz\u00e1 Solt\u00e9sz Mikl\u00f3s.<br \/>\nKis S\u00e1ndor Csaba, a SZEFO Zrt. vez\u00e9rigazgat\u00f3ja elmondta, az \u00faj telephely nyit\u00e1s\u00e1t az tette lehet\u0151v\u00e9, hogy az ezer embert \u2013 ezen bel\u00fcl 520 megv\u00e1ltozott munkak\u00e9pess\u00e9g\u0171 dolgoz\u00f3t \u2013 foglalkoztat\u00f3 v\u00e1llalkoz\u00e1s egyre t\u00f6bb megrendel\u00e9st kap.<br \/>\nAz id\u00e9n a tervek szerint a 2012-esn\u00e9l 300 milli\u00f3 forinttal magasabb, 1,25 milli\u00e1rd forintos \u00e1rbev\u00e9telt el\u00e9r\u0151 c\u00e9g a fels\u0151ruh\u00e1zati k\u00f6t\u00f6tt\u00e1ru mellett kab\u00e1tok gy\u00e1rt\u00e1s\u00e1t is elkezdte olasz partnerei sz\u00e1m\u00e1ra \u2013 mondta a szakember.<br \/>\nA h\u00f3dmez\u0151v\u00e1s\u00e1rhelyi \u00f6nkorm\u00e1nyzatt\u00f3l b\u00e9relt 1100 n\u00e9gyzetm\u00e9teres ingatlanban okt\u00f3bert\u0151l 50 ember kezd el dolgozni, \u00e9s a tervek szerint 2014 k\u00f6zep\u00e9re a munkav\u00e1llal\u00f3k sz\u00e1ma 175-re n\u0151 \u2013 k\u00f6z\u00f6lte a vez\u00e9rigazgat\u00f3. Az \u00faj alkalmazottakat augusztus k\u00f6zep\u00e9t\u0151l veszik fel, a betanul\u00e1si id\u0151szakban a SZEFO Zrt. szegedi \u00fczem\u00e9ben dolgozhatnak &#8211; tette hozz\u00e1.(MTI)<\/p>\n","protected":false},"excerpt":{"rendered":"<p>A j\u00f6v\u0151 \u00e9v k\u00f6zep\u00e9t\u0151l m\u00e1r 175, r\u00e9szben megv\u00e1ltozott munkak\u00e9pess\u00e9g\u0171 ember dolgozhat a SZEFO Zrt. \u00faj telephely\u00e9n, amelyet H\u00f3dmez\u0151v\u00e1s\u00e1rhelyen nyit az \u00e1llami tulajdon\u00fa textilipari t\u00e1rsas\u00e1g.<\/p>\n","protected":false},"author":1,"featured_media":0,"comment_status":"open","ping_status":"closed","sticky":false,"template":"","format":"standard","meta":[],"categories":[19],"tags":[],"_links":{"self":[{"href":"https:\/\/gazdasagportal.hu\/index.php\/wp-json\/wp\/v2\/posts\/13502"}],"collection":[{"href":"https:\/\/gazdasagportal.hu\/index.php\/wp-json\/wp\/v2\/posts"}],"about":[{"href":"https:\/\/gazdasagportal.hu\/index.php\/wp-json\/wp\/v2\/types\/post"}],"author":[{"embeddable":true,"href":"https:\/\/gazdasagportal.hu\/index.php\/wp-json\/wp\/v2\/users\/1"}],"replies":[{"embeddable":true,"href":"https:\/\/gazdasagportal.hu\/index.php\/wp-json\/wp\/v2\/comments?post=13502"}],"version-history":[{"count":2,"href":"https:\/\/gazdasagportal.hu\/index.php\/wp-json\/wp\/v2\/posts\/13502\/revisions"}],"predecessor-version":[{"id":13504,"href":"https:\/\/gazdasagportal.hu\/index.php\/wp-json\/wp\/v2\/posts\/13502\/revisions\/13504"}],"wp:attachment":[{"href":"https:\/\/gazdasagportal.hu\/index.php\/wp-json\/wp\/v2\/media?parent=13502"}],"wp:term":[{"taxonomy":"category","embeddable":true,"href":"https:\/\/gazdasagportal.hu\/index.php\/wp-json\/wp\/v2\/categories?post=13502"},{"taxonomy":"post_tag","embeddable":true,"href":"https:\/\/gazdasagportal.hu\/index.php\/wp-json\/wp\/v2\/tags?post=13502"}],"curies":[{"name":"wp","href":"https:\/\/api.w.org\/{rel}","templated":true}]}}