{"id":134970,"date":"2021-04-21T17:04:09","date_gmt":"2021-04-21T15:04:09","guid":{"rendered":"http:\/\/gazdasagportal.hu\/?p=134970"},"modified":"2021-04-21T17:04:09","modified_gmt":"2021-04-21T15:04:09","slug":"online-talalkozot-tartottak-a-visegradi-csoport-orszagainak-parlamenti-elnokei","status":"publish","type":"post","link":"https:\/\/gazdasagportal.hu\/index.php\/online-talalkozot-tartottak-a-visegradi-csoport-orszagainak-parlamenti-elnokei\/","title":{"rendered":"Online tal\u00e1lkoz\u00f3t tartottak a visegr\u00e1di csoport orsz\u00e1gainak parlamenti eln\u00f6kei"},"content":{"rendered":"<p><strong>A Covid-19 j\u00e1rv\u00e1ny lek\u00fczd\u00e9s\u00e9nek kil\u00e1t\u00e1sair\u00f3l, valamint a t\u00e9rs\u00e9get \u00e9rint\u0151 kiberbiztons\u00e1gi k\u00e9rd\u00e9sekr\u0151l is sz\u00f3 volt a visegr\u00e1di csoport (V4) parlamenti eln\u00f6keinek r\u00e9szv\u00e9tel\u00e9vel tartott szerdai online tal\u00e1lkoz\u00f3n.<\/strong><!--more--><\/p>\n<div class=\"ads-in-post1\"><div id=\"gazdasagportal.hu_fullbanner_wideboard\"><\/div>\r\n<\/div>\n<p>    Szil\u00e1gyi Zolt\u00e1n, az Orsz\u00e1ggy\u0171l\u00e9s sajt\u00f3f\u0151n\u00f6ke az MTI-hez eljuttatott k\u00f6zlem\u00e9nyben jelezte, a tan\u00e1cskoz\u00e1st a V4-ek soros eln\u00f6ki tiszts\u00e9g\u00e9t bet\u00f6lt\u0151 Lengyelorsz\u00e1g parlamentj\u00e9nek kezdem\u00e9nyez\u00e9s\u00e9re tartott\u00e1k. A megbesz\u00e9l\u00e9sen r\u00e9szt vett Elzbieta Witek, a lengyel szejm, Tomasz Grodzki, a lengyel szen\u00e1tus, Radek Vondr\u00e1cek, a cseh k\u00e9pvisel\u0151h\u00e1z, Milos Vystrcil, a cseh szen\u00e1tus, Boris Koll\u00e1r, a Szlov\u00e1k Nemzeti Tan\u00e1cs \u00e9s K\u00f6v\u00e9r L\u00e1szl\u00f3, a magyar Orsz\u00e1ggy\u0171l\u00e9s eln\u00f6ke.<br \/>\n    Az online tal\u00e1lkoz\u00f3n sz\u00f3 volt a Covid-19 j\u00e1rv\u00e1ny lek\u00fczd\u00e9s\u00e9nek kil\u00e1t\u00e1sair\u00f3l, a t\u00e9rs\u00e9g biztons\u00e1gi k\u00e9rd\u00e9seir\u0151l a digit\u00e1lis- \u00e9s inform\u00e1ci\u00f3biztons\u00e1g, valamint a hibrid fenyeget\u00e9sek \u00f6sszef\u00fcgg\u00e9s\u00e9ben. A r\u00e9sztvev\u0151k v\u00e9lem\u00e9nyt cser\u00e9ltek az Eur\u00f3pai Uni\u00f3 parlamenti eln\u00f6kei m\u00e1jus 10-re tervezett konferenci\u00e1j\u00e1nak napirendj\u00e9r\u0151l is &#8211; ismertette a sajt\u00f3f\u0151n\u00f6k.<br \/>\n    A Covid-19 j\u00e1rv\u00e1ny kezel\u00e9s\u00e9r\u0151l sz\u00f3lva a h\u00e1zeln\u00f6k\u00f6k egyet\u00e9rtettek, hogy a tapasztalatok levon\u00e1sa seg\u00edthet abban, hogy egy k\u00f6vetkez\u0151 j\u00e1rv\u00e1nnyal m\u00e1r felk\u00e9sz\u00fcltebben tudjanak szemben\u00e9zni \u00fagy nemzet\u00e1llami, mint az eur\u00f3pai uni\u00f3s egy\u00fcttm\u0171k\u00f6d\u00e9s ter\u00fclet\u00e9n.<br \/>\n    K\u00f6v\u00e9r L\u00e1szl\u00f3 megeml\u00edtette, hogy Magyarorsz\u00e1g az \u00e1toltotts\u00e1got tekintve j\u00f3l \u00e1ll az uni\u00f3s \u00e1tlaghoz k\u00e9pest, a lakoss\u00e1g t\u00f6bb mint 33 sz\u00e1zal\u00e9ka m\u00e1r megkapta legal\u00e1bb az els\u0151 olt\u00e1st.<br \/>\n    Haz\u00e1nk nem csak az olt\u00e1sok ter\u00e9n, hanem a gazdas\u00e1gi k\u00f6vetkezm\u00e9nyek kezel\u00e9s\u00e9t n\u00e9zve is j\u00f3l \u00e1ll &#8211; folytatta a h\u00e1zeln\u00f6k &#8211; r\u00e1mutatva: 16,5 milli\u00e1rd eur\u00f3ra tehet\u0151 az az \u00f6sszeg, amit a korm\u00e1ny a k\u00f6lts\u00e9gvet\u00e9sen kereszt\u00fcl &#8211; mintegy a j\u00f6v\u0151be val\u00f3 befektet\u00e9sk\u00e9nt &#8211; a v\u00e1ls\u00e1g gazdas\u00e1gi kezel\u00e9s\u00e9re el\u0151ir\u00e1nyzott, \u00e9s aminek a legfontosabb c\u00e9lja az, hogy min\u00e9l t\u00f6bb munkahelyet mentsenek meg. &#8222;B\u00edzunk abban, hogy Magyarorsz\u00e1g a pand\u00e9mia \u00e1ltal el\u0151id\u00e9zett gazdas\u00e1gi v\u00e1ls\u00e1ghelyzetb\u0151l el\u0151nnyel fog kiker\u00fclni&#8221; &#8211; hangs\u00falyozta a tal\u00e1lkoz\u00f3n a magyar Orsz\u00e1ggy\u0171l\u00e9s eln\u00f6ke.<br \/>\n<div class=\"ads-in-post2\"><script async src=\"https:\/\/pagead2.googlesyndication.com\/pagead\/js\/adsbygoogle.js\"><\/script>\r\n<ins class=\"adsbygoogle\"\r\n     style=\"display:block\"\r\n     data-ad-format=\"fluid\"\r\n     data-ad-layout-key=\"-6t+ed+2i-1n-4w\"\r\n     data-ad-client=\"ca-pub-1959107119989764\"\r\n     data-ad-slot=\"4008251320\"><\/ins>\r\n<script>\r\n     (adsbygoogle = window.adsbygoogle || []).push({});\r\n<\/script><\/div>\n    A h\u00e1zeln\u00f6k sz\u00f3lt arr\u00f3l is, hogy a j\u00e1rv\u00e1ny okozta vesztes\u00e9gek mellett \u00e9rdemes sz\u00e1mba venni, milyen k\u00e1rokat gener\u00e1l a dezinform\u00e1ci\u00f3, ami &#8222;ak\u00e1r tudatos politikai, ak\u00e1r \u00fczleti h\u00e1ts\u00f3 sz\u00e1nd\u00e9kkal keletkezik, ak\u00e1r egyszer\u0171en csak a virtu\u00e1lis h\u00e1l\u00f3 \u00e1ltal adott gigantikus-glob\u00e1lis pletykaf\u00e9szekjellegb\u0151l ad\u00f3dik&#8221;.<br \/>\n    K\u00f6v\u00e9r L\u00e1szl\u00f3 a digit\u00e1lis infrastrukt\u00far\u00e1k elleni t\u00e1mad\u00e1sokr\u00f3l, az adathal\u00e1szatr\u00f3l sz\u00f3lva kifejtette, hogy egy \u00fajkelet\u0171, glob\u00e1lis probl\u00e9m\u00e1r\u00f3l van sz\u00f3, amely Eur\u00f3p\u00e1t fokozottabban \u00e9rinti, mint a vil\u00e1g m\u00e1s r\u00e9sz\u00e9t, ez\u00e9rt \u00e9rdek\u00fckben \u00e1ll er\u0151iket egyes\u00edteni, hogy ezeket a kih\u00edv\u00e1sokat kezelni tudj\u00e1k. K\u00f6zel \u00e1llunk ahhoz a vesz\u00e9lyhez, hogy a digit\u00e1lis vil\u00e1g f\u00f6l\u00e9nk kerekedik, \u00e9s elvesz\u00edtj\u00fck az ellen\u0151rz\u00e9st a m\u0171k\u00f6d\u00e9se f\u00f6l\u00f6tt &#8211; mondta a h\u00e1zeln\u00f6k.<br \/>\n    &#8222;A t\u00e9t az, hogy a gyerekeink urai tudnak-e maradni a saj\u00e1t sorsuknak, azaz demokratikus tud-e lenni az a j\u00f6v\u0151, amiben \u00e9lnek, vagy kics\u00faszik az ir\u00e1ny\u00edt\u00e1s lehet\u0151s\u00e9ge a kez\u00fckb\u0151l, ami a mi gener\u00e1ci\u00f3nk felel\u0151ss\u00e9ge is&#8221; &#8211; fogalmazott, hozz\u00e1t\u00e9ve: sz\u00fcks\u00e9g van olyan meg\u00e1llapod\u00e1sokra, amelyek korl\u00e1tok k\u00f6z\u00e9 szor\u00edtj\u00e1k ak\u00e1r az \u00e1llamokat, ak\u00e1r pedig azokat, az \u00e1llamok erej\u00e9vel veteked\u0151 mag\u00e1nhatalmakat, amelyek a j\u00f6v\u0151t tekintve fenyeget\u00e9st jelentenek a biztons\u00e1gunkra.<br \/>\n    K\u00f6v\u00e9r L\u00e1szl\u00f3 javaslatot tett koll\u00e9g\u00e1inak, hogy az Eur\u00f3pai Uni\u00f3 \u00e1ltal meghirdetett, a szervezet j\u00f6v\u0151j\u00e9r\u0151l sz\u00f3l\u00f3 konferenciasorozaton a nemzeti parlamentek is hangs\u00falyosan vegyenek r\u00e9szt, s el\u0151zetesen egyeztessenek egy k\u00f6z\u00f6s V4-es \u00e1ll\u00e1spont kialak\u00edt\u00e1sa \u00e9rdek\u00e9ben.<br \/>\n<div class=\"ads-in-post2\"><script async src=\"https:\/\/pagead2.googlesyndication.com\/pagead\/js\/adsbygoogle.js\"><\/script>\r\n<ins class=\"adsbygoogle\"\r\n     style=\"display:block\"\r\n     data-ad-format=\"fluid\"\r\n     data-ad-layout-key=\"-6t+ed+2i-1n-4w\"\r\n     data-ad-client=\"ca-pub-1959107119989764\"\r\n     data-ad-slot=\"4008251320\"><\/ins>\r\n<script>\r\n     (adsbygoogle = window.adsbygoogle || []).push({});\r\n<\/script><\/div>\n    Az online tal\u00e1lkoz\u00f3n a h\u00e1zeln\u00f6k\u00f6k egy k\u00f6z\u00f6s \u00e1ll\u00e1sfoglal\u00e1st is megfogalmaztak arr\u00f3l, hogy a visegr\u00e1di \u00e1llamok parlamenti eln\u00f6kei egyet\u00e9rt\u00e9sben csatlakoznak a V4-ek k\u00fcl\u00fcgyminisztereinek \u00e1prilis 19-\u00e9n kiadott k\u00f6z\u00f6s nyilatkozat\u00e1hoz, amelyben szolidarit\u00e1sukat fejezik ki Csehorsz\u00e1ggal, mint NATO- \u00e9s EU-sz\u00f6vets\u00e9gessel.(MTI)<\/p>\n","protected":false},"excerpt":{"rendered":"<p>A Covid-19 j\u00e1rv\u00e1ny lek\u00fczd\u00e9s\u00e9nek kil\u00e1t\u00e1sair\u00f3l, valamint a t\u00e9rs\u00e9get \u00e9rint\u0151 kiberbiztons\u00e1gi k\u00e9rd\u00e9sekr\u0151l is sz\u00f3 volt a visegr\u00e1di csoport (V4) parlamenti eln\u00f6keinek r\u00e9szv\u00e9tel\u00e9vel tartott szerdai online tal\u00e1lkoz\u00f3n.<\/p>\n","protected":false},"author":1001006,"featured_media":0,"comment_status":"closed","ping_status":"open","sticky":false,"template":"","format":"standard","meta":[],"categories":[12],"tags":[],"_links":{"self":[{"href":"https:\/\/gazdasagportal.hu\/index.php\/wp-json\/wp\/v2\/posts\/134970"}],"collection":[{"href":"https:\/\/gazdasagportal.hu\/index.php\/wp-json\/wp\/v2\/posts"}],"about":[{"href":"https:\/\/gazdasagportal.hu\/index.php\/wp-json\/wp\/v2\/types\/post"}],"author":[{"embeddable":true,"href":"https:\/\/gazdasagportal.hu\/index.php\/wp-json\/wp\/v2\/users\/1001006"}],"replies":[{"embeddable":true,"href":"https:\/\/gazdasagportal.hu\/index.php\/wp-json\/wp\/v2\/comments?post=134970"}],"version-history":[{"count":1,"href":"https:\/\/gazdasagportal.hu\/index.php\/wp-json\/wp\/v2\/posts\/134970\/revisions"}],"predecessor-version":[{"id":134971,"href":"https:\/\/gazdasagportal.hu\/index.php\/wp-json\/wp\/v2\/posts\/134970\/revisions\/134971"}],"wp:attachment":[{"href":"https:\/\/gazdasagportal.hu\/index.php\/wp-json\/wp\/v2\/media?parent=134970"}],"wp:term":[{"taxonomy":"category","embeddable":true,"href":"https:\/\/gazdasagportal.hu\/index.php\/wp-json\/wp\/v2\/categories?post=134970"},{"taxonomy":"post_tag","embeddable":true,"href":"https:\/\/gazdasagportal.hu\/index.php\/wp-json\/wp\/v2\/tags?post=134970"}],"curies":[{"name":"wp","href":"https:\/\/api.w.org\/{rel}","templated":true}]}}