{"id":13475,"date":"2013-08-09T10:35:10","date_gmt":"2013-08-09T08:35:10","guid":{"rendered":"http:\/\/stockportal.hu\/?p=13475"},"modified":"2013-08-09T10:35:10","modified_gmt":"2013-08-09T08:35:10","slug":"150-millio-titkolt-el-a-nav-elol-egy-budapesti-ceg","status":"publish","type":"post","link":"https:\/\/gazdasagportal.hu\/index.php\/150-millio-titkolt-el-a-nav-elol-egy-budapesti-ceg\/","title":{"rendered":"150 milli\u00f3 titkolt el a NAV el\u0151l egy budapesti c\u00e9g"},"content":{"rendered":"<p><strong>Egy j\u00f3zsefv\u00e1rosi kft. 148 milli\u00f3 forint \u00e9rt\u00e9kben titkolta el bev\u00e9tel\u00e9t, 71 milli\u00f3 forint k\u00f6lts\u00e9get pedig sz\u00e1ml\u00e1k n\u00e9lk\u00fcl, jogtalanul sz\u00e1molt el &#8211; t\u00e1j\u00e9koztatta a Nemzeti Ad\u00f3- \u00e9s V\u00e1mhivatal (NAV) k\u00f6z\u00e9p-magyarorsz\u00e1gi region\u00e1lis ad\u00f3 f\u0151igazgat\u00f3s\u00e1ga p\u00e9nteken az MTI-t.<!--more--><\/strong><\/p>\n<p>A k\u00f6zlem\u00e9ny szerint a sz\u00e9les szolg\u00e1ltat\u00f3i \u00e9s tan\u00e1csad\u00f3i ter\u00fcleten tev\u00e9kenyked\u0151 c\u00e9g vizsg\u00e1latakor kider\u00fclt, hogy a bev\u00e9teli sz\u00e1ml\u00e1k k\u00f6z\u00f6tt vannak olyanok, amelyek nem szerepeltek a c\u00e9g k\u00f6nyvel\u00e9s\u00e9ben, \u00e9s olyanok is, amelyeket egy illeg\u00e1lis sz\u00e1ml\u00e1z\u00f3programmal \u00e1ll\u00edtottak ki. A t\u00e1rsas\u00e1g a program hiteless\u00e9g\u00e9t felsz\u00f3l\u00edt\u00e1sra sem igazolta.<br \/>\nA NAV becsl\u00e9se szerint a v\u00e1llalkoz\u00e1s 148 milli\u00f3 forint bev\u00e9telt titkolt el &#8211; k\u00f6z\u00f6lt\u00e9k.<br \/>\nA c\u00e9g emellett \u00f6sszesen 71 milli\u00f3 forint k\u00f6lts\u00e9get sz\u00e1ml\u00e1k n\u00e9lk\u00fcl, jogtalanul sz\u00e1molt el, mik\u00f6zben a beszerz\u00e9shez k\u00f6thet\u0151 \u00e1f\u00e1t levonta.<br \/>\nAz \u00fcgyben felt\u00e1rt jogs\u00e9rt\u00e9sek miatt v\u00e1rhat\u00f3an 81 milli\u00f3 forint ad\u00f3hi\u00e1nyt \u00e1llap\u00edtanak meg, amelyhez tov\u00e1bbi 80 milli\u00f3 forint b\u00edrs\u00e1g \u00e9s k\u00e9sedelmi p\u00f3tl\u00e9k t\u00e1rsul &#8211; \u00edrt\u00e1k.(MTI)<\/p>\n","protected":false},"excerpt":{"rendered":"<p>Egy j\u00f3zsefv\u00e1rosi kft. 148 milli\u00f3 forint \u00e9rt\u00e9kben titkolta el bev\u00e9tel\u00e9t, 71 milli\u00f3 forint k\u00f6lts\u00e9get pedig sz\u00e1ml\u00e1k n\u00e9lk\u00fcl, jogtalanul sz\u00e1molt el &#8211; t\u00e1j\u00e9koztatta a Nemzeti Ad\u00f3- \u00e9s V\u00e1mhivatal (NAV) k\u00f6z\u00e9p-magyarorsz\u00e1gi region\u00e1lis ad\u00f3 f\u0151igazgat\u00f3s\u00e1ga p\u00e9nteken az MTI-t.<\/p>\n","protected":false},"author":1,"featured_media":0,"comment_status":"open","ping_status":"closed","sticky":false,"template":"","format":"standard","meta":[],"categories":[20],"tags":[],"_links":{"self":[{"href":"https:\/\/gazdasagportal.hu\/index.php\/wp-json\/wp\/v2\/posts\/13475"}],"collection":[{"href":"https:\/\/gazdasagportal.hu\/index.php\/wp-json\/wp\/v2\/posts"}],"about":[{"href":"https:\/\/gazdasagportal.hu\/index.php\/wp-json\/wp\/v2\/types\/post"}],"author":[{"embeddable":true,"href":"https:\/\/gazdasagportal.hu\/index.php\/wp-json\/wp\/v2\/users\/1"}],"replies":[{"embeddable":true,"href":"https:\/\/gazdasagportal.hu\/index.php\/wp-json\/wp\/v2\/comments?post=13475"}],"version-history":[{"count":2,"href":"https:\/\/gazdasagportal.hu\/index.php\/wp-json\/wp\/v2\/posts\/13475\/revisions"}],"predecessor-version":[{"id":13477,"href":"https:\/\/gazdasagportal.hu\/index.php\/wp-json\/wp\/v2\/posts\/13475\/revisions\/13477"}],"wp:attachment":[{"href":"https:\/\/gazdasagportal.hu\/index.php\/wp-json\/wp\/v2\/media?parent=13475"}],"wp:term":[{"taxonomy":"category","embeddable":true,"href":"https:\/\/gazdasagportal.hu\/index.php\/wp-json\/wp\/v2\/categories?post=13475"},{"taxonomy":"post_tag","embeddable":true,"href":"https:\/\/gazdasagportal.hu\/index.php\/wp-json\/wp\/v2\/tags?post=13475"}],"curies":[{"name":"wp","href":"https:\/\/api.w.org\/{rel}","templated":true}]}}