{"id":134500,"date":"2021-04-14T17:41:03","date_gmt":"2021-04-14T15:41:03","guid":{"rendered":"http:\/\/gazdasagportal.hu\/?p=134500"},"modified":"2021-04-14T17:41:03","modified_gmt":"2021-04-14T15:41:03","slug":"koronavirus-franciaorszagban-a-johnsonjohnson-vakcinajat-is-csak-a-legalabb-55-evesek-kaphatjak","status":"publish","type":"post","link":"https:\/\/gazdasagportal.hu\/index.php\/koronavirus-franciaorszagban-a-johnsonjohnson-vakcinajat-is-csak-a-legalabb-55-evesek-kaphatjak\/","title":{"rendered":"Koronav\u00edrus &#8211; Franciaorsz\u00e1gban a Johnson&#038;Johnson vakcin\u00e1j\u00e1t is csak a legal\u00e1bb 55 \u00e9vesek kaphatj\u00e1k"},"content":{"rendered":"<p><strong>A Johnson &#038; Johnson koronav\u00edrus elleni vakcin\u00e1j\u00e1t Franciaorsz\u00e1gban ugyanolyan felt\u00e9telek mellett fogj\u00e1k forgalmazni \u00e9s alkalmazni, mint jelenleg az AstraZeneca olt\u00f3anyag\u00e1t, azaz csak a legal\u00e1bb 55 \u00e9vesek kaphatj\u00e1k &#8211; jelentette be szerd\u00e1n a korm\u00e1nysz\u00f3viv\u0151.<\/strong><!--more--><\/p>\n<div class=\"ads-in-post1\"><div id=\"gazdasagportal.hu_fullbanner_wideboard\"><\/div>\r\n<\/div>\n<p>    Gabriel Attal a korm\u00e1ny\u00fcl\u00e9st k\u00f6vet\u0151en meger\u0151s\u00edtette, hogy meg\u00e9rkezett Franciaorsz\u00e1gba a Johnson &#038; Johnson csoporthoz tartoz\u00f3 Janssen Pharmaceutica-Cilag NV gy\u00f3gyszeripari v\u00e1llalat \u00e1ltal az \u00faj t\u00edpus\u00fa koronav\u00edrus ellen kifejlesztett olt\u00f3anyag\u00e1nak els\u0151 sz\u00e1ll\u00edtm\u00e1nya, mintegy 200 ezer adaggal, \u00e9s jelenleg folyik a sz\u00e9toszt\u00e1sa a h\u00e1ziorvosoknak, az olt\u00f3pontk\u00e9nt is m\u0171k\u00f6d\u0151 rendel\u0151int\u00e9zetnek \u00e9s a gy\u00f3gyszert\u00e1raknak. A vakcina alkalmaz\u00e1sa az el\u0151zetes terveknek megfelel\u0151en h\u00e9tf\u0151n megkezd\u0151dik.<br \/>\n    &#8222;Term\u00e9szetesen ugyanolyan felt\u00e9telek mellett forgalmazzuk \u00e9s alkalmazzuk, mint az AstraZeneca-vakcin\u00e1t, azaz a legal\u00e1bb 55 \u00e9vesek kaphatj\u00e1k&#8221; &#8211; mondta a korm\u00e1nysz\u00f3viv\u0151. Hozz\u00e1tette, hogy a francia hat\u00f3s\u00e1gok tov\u00e1bbra is bizalmat szavaznak a brit-sv\u00e9d olt\u00f3anyagnak.<br \/>\n    &#8222;Az olt\u00f3anyag nagyon j\u00f3 eredm\u00e9nyeket mutat, hat\u00e1sos v\u00e9delmet ny\u00fajt a (fert\u0151z\u00e9s) s\u00falyos form\u00e1ival szemben&#8221; &#8211; hangs\u00falyozta a korm\u00e1nysz\u00f3viv\u0151 m\u00e1r akkor, amikor D\u00e1ni\u00e1ban &#8211; az Eur\u00f3pai Uni\u00f3 orsz\u00e1gai k\u00f6z\u00fcl els\u0151k\u00e9nt &#8211; le\u00e1ll\u00edtott\u00e1k az olt\u00e1st az AstraZeneca gy\u00f3gyszergy\u00e1r vakcin\u00e1j\u00e1val.<br \/>\n    Az \u00e9letkori korl\u00e1toz\u00e1st a francia korm\u00e1ny kor\u00e1bban azzal indokolta, hogy a v\u00e9rr\u00f6gk\u00e9pz\u0151d\u00e9si probl\u00e9m\u00e1k, amelyek miatt az olt\u00e1st t\u00f6bb eur\u00f3pai orsz\u00e1g kor\u00e1bban r\u00f6vid id\u0151re felf\u00fcggesztette, kiz\u00e1r\u00f3lag 55 \u00e9vn\u00e9l fiatalabbakn\u00e1l jelentkeztek.<br \/>\n<div class=\"ads-in-post2\"><script async src=\"https:\/\/pagead2.googlesyndication.com\/pagead\/js\/adsbygoogle.js\"><\/script>\r\n<ins class=\"adsbygoogle\"\r\n     style=\"display:block\"\r\n     data-ad-format=\"fluid\"\r\n     data-ad-layout-key=\"-6t+ed+2i-1n-4w\"\r\n     data-ad-client=\"ca-pub-1959107119989764\"\r\n     data-ad-slot=\"4008251320\"><\/ins>\r\n<script>\r\n     (adsbygoogle = window.adsbygoogle || []).push({});\r\n<\/script><\/div>\n    A korm\u00e1nysz\u00f3viv\u0151 eml\u00e9keztetett arra, hogy az \u00fajonnan diagnosztiz\u00e1lt fert\u0151z\u00e9sek \u00e9s a koronav\u00edrus okozta Coovid-19 betegs\u00e9ggel kezeltek napi esetsz\u00e1ma m\u00e9g mindig nagyon magas, \u00e9s a k\u00f3rh\u00e1zakban \u00e1poltak sz\u00e1m\u00e1t illet\u0151en a tet\u0151z\u00e9st m\u00e9g nem \u00e9rte el Franciaorsz\u00e1g.<br \/>\n    Az eg\u00e9szs\u00e9g\u00fcgyi t\u00e1rca t\u00e1j\u00e9koztat\u00e1sa szerint kedden t\u00f6bb mint 39 ezer \u00faj esetet t\u00e1rtak fel, m\u00edg az elm\u00falt h\u00e9ten a napi esetsz\u00e1mok meghaladt\u00e1k a 40 ezret.<br \/>\n    &#8222;A harmadik hull\u00e1m m\u00e9g nincs m\u00f6g\u00f6tt\u00fcnk, a biztat\u00f3 jelek ellen\u00e9re a k\u00f3rh\u00e1zi tet\u0151z\u00e9st m\u00e9g nem \u00e9rt\u00fck el&#8221; &#8211; fogalmazott Gabriel Attal, aki szerint a k\u00f3rh\u00e1zakra &#8222;m\u00e9g neh\u00e9z napok v\u00e1rnak&#8221;.<br \/>\n    A korm\u00e1nysz\u00f3viv\u0151 szerint &#8222;a j\u00e1rv\u00e1nyhelyzet nagyon ellentmond\u00e1sos. J\u00f3llehet a jelek biztat\u00f3ak, \u00e9s azt mutatj\u00e1k, hogy a m\u00e1rcius 20-\u00e1n el\u0151sz\u00f6r 16 megy\u00e9ben, majd t\u00edz nappal ezel\u0151tt az orsz\u00e1g teljes ter\u00fclet\u00e9n bevezetett korl\u00e1toz\u00f3 int\u00e9zked\u00e9sek m\u0171k\u00f6dnek, de m\u00e9g korai lenne azok teljes hat\u00e9konys\u00e1g\u00e1t meg\u00e1llap\u00edtani orsz\u00e1gos szinten&#8221;.<br \/>\n    A korm\u00e1nytag meger\u0151s\u00edtette, hogy miut\u00e1n Franciaorsz\u00e1gban a j\u00e1rv\u00e1nyban elhunytak sz\u00e1ma a k\u00f6vetkez\u0151 napokban el\u00e9ri a 100 ezret, a k\u00f6zelj\u00f6v\u0151ben nemzeti megeml\u00e9kez\u00e9st szervez tisztelet\u00fckre a korm\u00e1ny, de annak pontos d\u00e1tum\u00e1t m\u00e9g nem tudta megmondani.<br \/>\n<div class=\"ads-in-post2\"><script async src=\"https:\/\/pagead2.googlesyndication.com\/pagead\/js\/adsbygoogle.js\"><\/script>\r\n<ins class=\"adsbygoogle\"\r\n     style=\"display:block\"\r\n     data-ad-format=\"fluid\"\r\n     data-ad-layout-key=\"-6t+ed+2i-1n-4w\"\r\n     data-ad-client=\"ca-pub-1959107119989764\"\r\n     data-ad-slot=\"4008251320\"><\/ins>\r\n<script>\r\n     (adsbygoogle = window.adsbygoogle || []).push({});\r\n<\/script><\/div>\n    A k\u00f3rh\u00e1zakban csaknem 32 ezer fert\u0151z\u00f6ttet \u00e1polnak, \u00e9s az intenz\u00edv oszt\u00e1lyok  rendelkez\u00e9sre \u00e1ll\u00f3 8 ezer \u00e1gy\u00e1n csaknem 6 ezer s\u00falyos beteg fekszik. Az \u0151 sz\u00e1muk a h\u00f3nap v\u00e9g\u00e9ig m\u00e9g v\u00e1rhat\u00f3an emelkedik.<br \/>\n      Franciaorsz\u00e1gban egy \u00e9ve volt utolj\u00e1ra ilyen sok, s\u00falyos \u00e1llapotban l\u00e9v\u0151 fert\u0151z\u00f6tt. Az \u0151szi hull\u00e1m tet\u0151z\u00e9sekor alacsonyabb, 4900 volt a sz\u00e1muk.(MTI)<\/p>\n","protected":false},"excerpt":{"rendered":"<p>A Johnson &#038; Johnson koronav\u00edrus elleni vakcin\u00e1j\u00e1t Franciaorsz\u00e1gban ugyanolyan felt\u00e9telek mellett fogj\u00e1k forgalmazni \u00e9s alkalmazni, mint jelenleg az AstraZeneca olt\u00f3anyag\u00e1t, azaz csak a legal\u00e1bb 55 \u00e9vesek kaphatj\u00e1k &#8211; jelentette be szerd\u00e1n a korm\u00e1nysz\u00f3viv\u0151.<\/p>\n","protected":false},"author":1001006,"featured_media":0,"comment_status":"closed","ping_status":"open","sticky":false,"template":"","format":"standard","meta":[],"categories":[12,427],"tags":[],"_links":{"self":[{"href":"https:\/\/gazdasagportal.hu\/index.php\/wp-json\/wp\/v2\/posts\/134500"}],"collection":[{"href":"https:\/\/gazdasagportal.hu\/index.php\/wp-json\/wp\/v2\/posts"}],"about":[{"href":"https:\/\/gazdasagportal.hu\/index.php\/wp-json\/wp\/v2\/types\/post"}],"author":[{"embeddable":true,"href":"https:\/\/gazdasagportal.hu\/index.php\/wp-json\/wp\/v2\/users\/1001006"}],"replies":[{"embeddable":true,"href":"https:\/\/gazdasagportal.hu\/index.php\/wp-json\/wp\/v2\/comments?post=134500"}],"version-history":[{"count":1,"href":"https:\/\/gazdasagportal.hu\/index.php\/wp-json\/wp\/v2\/posts\/134500\/revisions"}],"predecessor-version":[{"id":134501,"href":"https:\/\/gazdasagportal.hu\/index.php\/wp-json\/wp\/v2\/posts\/134500\/revisions\/134501"}],"wp:attachment":[{"href":"https:\/\/gazdasagportal.hu\/index.php\/wp-json\/wp\/v2\/media?parent=134500"}],"wp:term":[{"taxonomy":"category","embeddable":true,"href":"https:\/\/gazdasagportal.hu\/index.php\/wp-json\/wp\/v2\/categories?post=134500"},{"taxonomy":"post_tag","embeddable":true,"href":"https:\/\/gazdasagportal.hu\/index.php\/wp-json\/wp\/v2\/tags?post=134500"}],"curies":[{"name":"wp","href":"https:\/\/api.w.org\/{rel}","templated":true}]}}