{"id":134487,"date":"2021-04-14T13:41:41","date_gmt":"2021-04-14T11:41:41","guid":{"rendered":"http:\/\/gazdasagportal.hu\/?p=134487"},"modified":"2021-04-14T11:42:36","modified_gmt":"2021-04-14T09:42:36","slug":"jobb-felteteleket-ker-a-croatia-airlines-a-ryanairnel","status":"publish","type":"post","link":"https:\/\/gazdasagportal.hu\/index.php\/jobb-felteteleket-ker-a-croatia-airlines-a-ryanairnel\/","title":{"rendered":"Jobb felt\u00e9teleket k\u00e9r a Croatia Airlines a Ryanairn\u00e9l"},"content":{"rendered":"<p><strong>Jobb kereskedelmi felt\u00e9teleket k\u00e9r a konkurens Ryanairn\u00e9l a t\u00f6bbs\u00e9g\u00e9ben \u00e1llami tulajdonban l\u00e9v\u0151 Croatia Airlines (CA) horv\u00e1t l\u00e9git\u00e1rsas\u00e1g a Z\u00e1gr\u00e1b Nemzetk\u00f6zi Rep\u00fcl\u0151t\u00e9r (MZLZ) konzorciumt\u00f3l, mert szerint\u00fck a fapados l\u00e9git\u00e1rsas\u00e1gnak tett engedm\u00e9nyek vesz\u00e9lyeztetik a horv\u00e1t l\u00e9git\u00e1rsas\u00e1g m\u0171k\u00f6d\u00e9s\u00e9t &#8211; \u00edrta a Poslovni Dnevnik c\u00edm\u0171 horv\u00e1t gazdas\u00e1gi napilap szerd\u00e1n.<\/strong><!--more--><\/p>\n<div class=\"ads-in-post1\"><div id=\"gazdasagportal.hu_fullbanner_wideboard\"><\/div>\r\n<\/div>\n<p>    A CA a z\u00e1gr\u00e1bi Franjo Tudjman rep\u00fcl\u0151t\u00e9r szolg\u00e1ltat\u00e1sainak legr\u00e9gebbi \u00e9s legnagyobb ig\u00e9nybevev\u0151je, az utasforgalma \u00f6tven sz\u00e1zal\u00e9k\u00e1t bonyol\u00edtja. Ez\u00e9rt azt k\u00e9rik az MZLZ-t\u0151l, hogy t\u00f6rekedjen a szerz\u0151d\u00e9sben foglalt szolg\u00e1ltat\u00e1sok harmoniz\u00e1ci\u00f3j\u00e1ra \u00e9s biztos\u00edtson jobb felt\u00e9teleket sz\u00e1m\u00e1ra a Ryanairn\u00e9l &#8211; \u00edrta a lap.<br \/>\n    Az MZLZ 80 sz\u00e1zal\u00e9kos engedm\u00e9nyt adott a Ryanairnek a rep\u00fcl\u0151t\u00e9ri illet\u00e9kb\u0151l \u00e9s ingyeness\u00e9 tette sz\u00e1m\u00e1ra a lesz\u00e1ll\u00e1st. M\u00edg a fapados l\u00e9git\u00e1rsas\u00e1g 3,5 eur\u00f3 (1256 forint) illet\u00e9ket fizet utasonk\u00e9nt, a CA tov\u00e1bbra is 17,5 eur\u00f3t (6281 forint).<br \/>\n    Ryanair 2000 \u00f3ta van jelen a horv\u00e1t piacon, nemr\u00e9g azonban bejelentette: region\u00e1lis b\u00e1zist hoz l\u00e9tre Z\u00e1gr\u00e1bban, \u00e9s \u00fajabb 12 eur\u00f3pai v\u00e1rosba ind\u00edt onn\u00e9t k\u00f6zvetlen j\u00e1ratot. Ebb\u0151l nyolc vonalon a CA-nak is vannak j\u00e1ratai.<br \/>\n<div class=\"ads-in-post2\"><script async src=\"https:\/\/pagead2.googlesyndication.com\/pagead\/js\/adsbygoogle.js\"><\/script>\r\n<ins class=\"adsbygoogle\"\r\n     style=\"display:block\"\r\n     data-ad-format=\"fluid\"\r\n     data-ad-layout-key=\"-6t+ed+2i-1n-4w\"\r\n     data-ad-client=\"ca-pub-1959107119989764\"\r\n     data-ad-slot=\"4008251320\"><\/ins>\r\n<script>\r\n     (adsbygoogle = window.adsbygoogle || []).push({});\r\n<\/script><\/div>\n    A Vecernji List c\u00edm\u0171 napilap szerd\u00e1n azt \u00edrta: a z\u00e1gr\u00e1bi rep\u00fcl\u0151t\u00e9r fel\u00e1ldozta a horv\u00e1t l\u00e9git\u00e1rsas\u00e1got, hogy mag\u00e1t mentse.<br \/>\n    B\u00e1r a 2020-as \u00e9v optimist\u00e1n indult a rep\u00fcl\u0151terek sz\u00e1m\u00e1ra, a koronav\u00edrus-j\u00e1rv\u00e1ny miatt m\u00e1rcius v\u00e9g\u00e9t\u0151l visszaesett az utasforgalom. A horv\u00e1t statisztikai hivatal adatai szerint id\u00e9n febru\u00e1rban az orsz\u00e1g \u00f6sszes rep\u00fcl\u0151ter\u00e9n 40 ezer 468 utast regisztr\u00e1ltak, ami 83,9 sz\u00e1zal\u00e9kkal kevesebb, mint tavaly ugyanebben az id\u0151szakban.<br \/>\n    A CA t\u00f6bbs\u00e9gi tulajdonosa, a horv\u00e1t \u00e1llam, \u00e9vek \u00f3ta strat\u00e9giai partnert keres a c\u00e9gnek. Az elm\u00falt m\u00e1sf\u00e9l \u00e9vben Z\u00e1gr\u00e1b k\u00f6zel egymilli\u00e1rd kun\u00e1val t\u0151k\u00e9s\u00edtette fel a c\u00e9get: a l\u00e9git\u00e1rsas\u00e1g 2019-ben 250 milli\u00f3 kuna (11,8 milli\u00e1rd forint), 2020-ban pedig tov\u00e1bbi 688,5 milli\u00f3 kuna (32,6 milli\u00e1rd forint) friss t\u0151k\u00e9t kapott. A korm\u00e1ny azzal indokolta a d\u00f6nt\u00e9s\u00e9t, hogy a v\u00e1llalat stabiliz\u00e1l\u00e1sa nemzetgazdas\u00e1gi \u00e9rdek, \u00e9s ezzel meg akarj\u00e1k akad\u00e1lyozni azokat a negat\u00edv hat\u00e1sokat, amelyek \u00e9rinten\u00e9k a l\u00e9git\u00e1rsas\u00e1got \u00e9s a turizmust, \u00e9s amelyek \u00e1tgy\u0171r\u0171zn\u00e9nek a gazdas\u00e1g m\u00e1s ter\u00fcleteire is.<br \/>\n<div class=\"ads-in-post2\"><script async src=\"https:\/\/pagead2.googlesyndication.com\/pagead\/js\/adsbygoogle.js\"><\/script>\r\n<ins class=\"adsbygoogle\"\r\n     style=\"display:block\"\r\n     data-ad-format=\"fluid\"\r\n     data-ad-layout-key=\"-6t+ed+2i-1n-4w\"\r\n     data-ad-client=\"ca-pub-1959107119989764\"\r\n     data-ad-slot=\"4008251320\"><\/ins>\r\n<script>\r\n     (adsbygoogle = window.adsbygoogle || []).push({});\r\n<\/script><\/div>\n    A francia Zagreb Airport International Company (ZAIC) t\u00e1rsas\u00e1g 30 \u00e9vre kapta meg a z\u00e1gr\u00e1bi rep\u00fcl\u0151t\u00e9r \u00fczemeltet\u00e9si jog\u00e1t. A ZAIC ezut\u00e1n hozta l\u00e9tre az MZLZ konzorciumot, amelyet a francia Aeroports de Paris Managament, a katari Bouygues Batiment International, luxemburgi Marguerite Fund, tov\u00e1bb\u00e1 a z\u00e1gr\u00e1bi sz\u00e9khely\u0171 International Finance Corporation, valamint a t\u00f6r\u00f6k TAV Airports Holding \u00e9s horv\u00e1t Viadukt v\u00e1llalatok alkotnak.(MTI)<\/p>\n","protected":false},"excerpt":{"rendered":"<p>Jobb kereskedelmi felt\u00e9teleket k\u00e9r a konkurens Ryanairn\u00e9l a t\u00f6bbs\u00e9g\u00e9ben \u00e1llami tulajdonban l\u00e9v\u0151 Croatia Airlines (CA) horv\u00e1t l\u00e9git\u00e1rsas\u00e1g a Z\u00e1gr\u00e1b Nemzetk\u00f6zi Rep\u00fcl\u0151t\u00e9r (MZLZ) konzorciumt\u00f3l, mert szerint\u00fck a fapados l\u00e9git\u00e1rsas\u00e1gnak tett engedm\u00e9nyek vesz\u00e9lyeztetik a horv\u00e1t l\u00e9git\u00e1rsas\u00e1g m\u0171k\u00f6d\u00e9s\u00e9t &#8211; \u00edrta a Poslovni Dnevnik c\u00edm\u0171 horv\u00e1t gazdas\u00e1gi napilap szerd\u00e1n.<\/p>\n","protected":false},"author":1001006,"featured_media":0,"comment_status":"closed","ping_status":"open","sticky":false,"template":"","format":"standard","meta":[],"categories":[12,246],"tags":[],"_links":{"self":[{"href":"https:\/\/gazdasagportal.hu\/index.php\/wp-json\/wp\/v2\/posts\/134487"}],"collection":[{"href":"https:\/\/gazdasagportal.hu\/index.php\/wp-json\/wp\/v2\/posts"}],"about":[{"href":"https:\/\/gazdasagportal.hu\/index.php\/wp-json\/wp\/v2\/types\/post"}],"author":[{"embeddable":true,"href":"https:\/\/gazdasagportal.hu\/index.php\/wp-json\/wp\/v2\/users\/1001006"}],"replies":[{"embeddable":true,"href":"https:\/\/gazdasagportal.hu\/index.php\/wp-json\/wp\/v2\/comments?post=134487"}],"version-history":[{"count":1,"href":"https:\/\/gazdasagportal.hu\/index.php\/wp-json\/wp\/v2\/posts\/134487\/revisions"}],"predecessor-version":[{"id":134488,"href":"https:\/\/gazdasagportal.hu\/index.php\/wp-json\/wp\/v2\/posts\/134487\/revisions\/134488"}],"wp:attachment":[{"href":"https:\/\/gazdasagportal.hu\/index.php\/wp-json\/wp\/v2\/media?parent=134487"}],"wp:term":[{"taxonomy":"category","embeddable":true,"href":"https:\/\/gazdasagportal.hu\/index.php\/wp-json\/wp\/v2\/categories?post=134487"},{"taxonomy":"post_tag","embeddable":true,"href":"https:\/\/gazdasagportal.hu\/index.php\/wp-json\/wp\/v2\/tags?post=134487"}],"curies":[{"name":"wp","href":"https:\/\/api.w.org\/{rel}","templated":true}]}}