{"id":134451,"date":"2021-04-13T11:47:13","date_gmt":"2021-04-13T09:47:13","guid":{"rendered":"http:\/\/gazdasagportal.hu\/?p=134451"},"modified":"2021-04-13T11:47:13","modified_gmt":"2021-04-13T09:47:13","slug":"mnb-a-jarvany-ellenere-javultak-a-magyar-gazdasag-kulso-egyensulyi-mutatoi-2020-ban","status":"publish","type":"post","link":"https:\/\/gazdasagportal.hu\/index.php\/mnb-a-jarvany-ellenere-javultak-a-magyar-gazdasag-kulso-egyensulyi-mutatoi-2020-ban\/","title":{"rendered":"MNB: a j\u00e1rv\u00e1ny ellen\u00e9re javultak a magyar gazdas\u00e1g k\u00fcls\u0151 egyens\u00falyi mutat\u00f3i 2020-ban"},"content":{"rendered":"<p><strong>A j\u00e1rv\u00e1ny negat\u00edv hat\u00e1sai ellen\u00e9re javultak a magyar gazdas\u00e1g k\u00fcls\u0151 egyens\u00falyi mutat\u00f3i tavaly &#8211; mondta Koroknai P\u00e9ter, a Magyar Nemzeti Bank (MNB) f\u0151oszt\u00e1lyvezet\u0151je a jegybank legfrissebb Fizet\u00e9si m\u00e9rleg jelent\u00e9s\u00e9t ismertetve online sajt\u00f3t\u00e1j\u00e9koztat\u00f3n kedden.<\/strong><!--more--><\/p>\n<div class=\"ads-in-post1\"><div id=\"gazdasagportal.hu_fullbanner_wideboard\"><\/div>\r\n<\/div>\n<p>    Kifejtette: a foly\u00f3 fizet\u00e9si m\u00e9rleg egyenlege \u00e9v v\u00e9g\u00e9re t\u00f6bbletbe fordult, mik\u00f6zben a k\u00fcls\u0151 finansz\u00edroz\u00e1si k\u00e9pess\u00e9g a GDP 2,1 sz\u00e1zal\u00e9k\u00e1ra emelkedett. A gazdas\u00e1g nett\u00f3 k\u00fcls\u0151 ad\u00f3ss\u00e1gr\u00e1t\u00e1ja historikusan alacsonyan, a GDP 8 sz\u00e1zal\u00e9ka k\u00f6r\u00fcl stabiliz\u00e1l\u00f3dott, ez megfelelt a 2019 \u00e9v v\u00e9gi szintnek, \u00e9s a r\u00e9gi\u00f3s \u00e1tlagnak. A brutt\u00f3 k\u00fcls\u0151 \u00e1llamad\u00f3ss\u00e1g \u00e1tmenetileg enyh\u00e9n n\u0151tt, a GDP 58 sz\u00e1zal\u00e9k\u00e1ra. Ebben az \u00e1llami devizak\u00f6tv\u00e9ny kibocs\u00e1t\u00e1s, a k\u00fclf\u00f6ldiek forint-\u00e1llampap\u00edrjainak emelked\u00e9se \u00e9s a v\u00e1llalatok k\u00fclf\u00f6ldi tartoz\u00e1s\u00e1nak n\u00f6veked\u00e9se egyar\u00e1nt szerepet j\u00e1tszott &#8211; \u00e9rt\u00e9kelte. Magyarorsz\u00e1g k\u00fcls\u0151 finansz\u00edroz\u00e1si k\u00e9pess\u00e9ge 2020-ban is meghaladta a r\u00e9gi\u00f3s \u00e1tlagot &#8211; mutatott r\u00e1.<br \/>\n    Az orsz\u00e1g brutt\u00f3 forr\u00e1sig\u00e9nye alacsony maradt, a 2019-es 17 milli\u00e1rd eur\u00f3 k\u00f6r\u00fcl alakult tavaly, ez tov\u00e1bbra is kedvez\u0151, mivel a 2008-as p\u00e9nz\u00fcgyi v\u00e1ls\u00e1g \u00e9veiben \u00e9vi 35-40 milli\u00e1rd eur\u00f3 volt &#8211; f\u0171zte hozz\u00e1.<br \/>\n    Az orsz\u00e1g k\u00fcls\u0151 s\u00e9r\u00fcl\u00e9kenys\u00e9ge szempontj\u00e1b\u00f3l kiemelt jelent\u0151s\u00e9g\u0171 r\u00f6vid k\u00fcls\u0151 ad\u00f3ss\u00e1g 2020 v\u00e9g\u00e9n 21,5 milli\u00e1rd eur\u00f3t tett ki, m\u00edg a devizatartal\u00e9k megk\u00f6zel\u00edtette a 34 milli\u00e1rd eur\u00f3t \u00edgy 2020 v\u00e9g\u00e9n a devizatartal\u00e9k jelent\u0151sen &#8211; t\u00f6bb mint 12 milli\u00e1rd eur\u00f3val &#8211; meghaladta a befektet\u0151k \u00e1ltal elv\u00e1rt, biztons\u00e1gosnak tartott szintet.<br \/>\n<div class=\"ads-in-post2\"><script async src=\"https:\/\/pagead2.googlesyndication.com\/pagead\/js\/adsbygoogle.js\"><\/script>\r\n<ins class=\"adsbygoogle\"\r\n     style=\"display:block\"\r\n     data-ad-format=\"fluid\"\r\n     data-ad-layout-key=\"-6t+ed+2i-1n-4w\"\r\n     data-ad-client=\"ca-pub-1959107119989764\"\r\n     data-ad-slot=\"4008251320\"><\/ins>\r\n<script>\r\n     (adsbygoogle = window.adsbygoogle || []).push({});\r\n<\/script><\/div>\n    Kifejtette: a k\u00fclkereskedelmi folyamatokat kett\u0151s hat\u00e1s alak\u00edtotta. Az \u00e9v elej\u00e9n a j\u00e1rv\u00e1ny miatt visszaes\u0151 turizmus, az exportkereslet zuhan\u00e1sa \u00e9s az ell\u00e1t\u00e1si neh\u00e9zs\u00e9gek miatt \u00e1tmenetileg visszaes\u0151 exportdinamika, illetve az eg\u00e9szs\u00e9g\u00fcgyi beszerz\u00e9sek importig\u00e9nye a k\u00fclkereskedelmi egyenleg roml\u00e1s\u00e1t eredm\u00e9nyezte. A j\u00e1rv\u00e1ny m\u00e1sodik hull\u00e1ma miatt az \u00e9v m\u00e1sodik fel\u00e9ben is cs\u00f6kkent a szolg\u00e1ltat\u00e1segyenleg t\u00f6bblete, viszont ezt t\u00f6bb mint ellens\u00falyozta a cs\u00f6kken\u0151 belf\u00f6ldi felhaszn\u00e1l\u00e1s, az \u00e9l\u00e9nk\u00fcl\u0151 ipari termel\u00e9s \u00e9s a javul\u00f3 cserear\u00e1ny nett\u00f3 exportot n\u00f6vel\u0151 hat\u00e1sa. \u00cdgy a k\u00fclkereskedelem az \u00e9v v\u00e9g\u00e9n m\u00e1r pozit\u00edvan j\u00e1rult hozz\u00e1 a foly\u00f3 fizet\u00e9si m\u00e9rleghez.<br \/>\n    Kit\u00e9rt arra: a k\u00fclf\u00f6ldi m\u0171k\u00f6d\u0151t\u0151ke-befektet\u00e9sek (FDI) 2020-ban megk\u00f6zel\u00edtett\u00e9k a 2,4 milli\u00e1rd eur\u00f3t, ami enyh\u00e9n alacsonyabb mint 2019-ben, de tov\u00e1bbra is \u00e9rdemi be\u00e1raml\u00e1snak tekinthet\u0151. M\u00edg a nett\u00f3 FDI be\u00e1raml\u00e1s nulla k\u00f6r\u00fcl alakult, a hazai c\u00e9gek kifektet\u00e9s\u00e9nek hat\u00e1s\u00e1ra.<br \/>\n    Az \u00e1llamh\u00e1ztart\u00e1s hi\u00e1nya jelent\u0151sen emelkedett tavaly, megt\u00f6rt a kor\u00e1bbi \u00e9vekben jellemz\u0151 m\u00e9rs\u00e9kl\u0151d\u0151 trendje &#8211; mondta. Ezen bel\u00fcl ugyanakkor folytat\u00f3dott a k\u00fclf\u00f6ldi befektet\u0151k kez\u00e9ben l\u00e9v\u0151 \u00e1llamad\u00f3ss\u00e1g ar\u00e1ny\u00e1nak m\u00e9rs\u00e9kl\u0151d\u00e9se, \u00e9s 2021-t\u0151l az ad\u00f3ss\u00e1gr\u00e1ta is \u00fajra cs\u00f6kken\u0151 p\u00e1ly\u00e1ra \u00e1llhat. Ut\u00f3bbi folyamatban jelent\u0151s szerepet j\u00e1tszott a lakoss\u00e1g tov\u00e1bbra is er\u0151s \u00e1llampap\u00edr kereslete, amely a v\u00e1ls\u00e1g sor\u00e1n is stabil forr\u00e1st biztos\u00edtott az \u00e1llamh\u00e1ztart\u00e1s sz\u00e1m\u00e1ra, \u00e9s m\u00e9rs\u00e9kelte annak s\u00e9r\u00fcl\u00e9kenys\u00e9g\u00e9t &#8211; mutatott r\u00e1. A mag\u00e1nszektor megtakar\u00edt\u00e1sa jelent\u0151sen emelkedett. A visszafogott fogyaszt\u00e1s, a j\u00e1rv\u00e1ny\u00fcgyi korl\u00e1toz\u00e1sokkal egy\u00fctt j\u00e1r\u00f3 k\u00e9nyszermegtakar\u00edt\u00e1s \u00e9s az \u00f3vatoss\u00e1gi mot\u00edvumok er\u0151s\u00f6d\u00e9se tov\u00e1bbra is magasan tartja a lakoss\u00e1g p\u00e9nz\u00fcgyi megtakar\u00edt\u00e1s\u00e1t, mik\u00f6zben a v\u00e1llalatok finansz\u00edroz\u00e1si k\u00e9pess\u00e9ge is emelkedett &#8211; ismertette Koroknai P\u00e9ter.<br \/>\n<div class=\"ads-in-post2\"><script async src=\"https:\/\/pagead2.googlesyndication.com\/pagead\/js\/adsbygoogle.js\"><\/script>\r\n<ins class=\"adsbygoogle\"\r\n     style=\"display:block\"\r\n     data-ad-format=\"fluid\"\r\n     data-ad-layout-key=\"-6t+ed+2i-1n-4w\"\r\n     data-ad-client=\"ca-pub-1959107119989764\"\r\n     data-ad-slot=\"4008251320\"><\/ins>\r\n<script>\r\n     (adsbygoogle = window.adsbygoogle || []).push({});\r\n<\/script><\/div>\n    Az MNB negyed\u00e9vente, a fizet\u00e9sim\u00e9rleg-statisztika k\u00f6zl\u00e9s\u00e9t k\u00f6vet\u0151en publik\u00e1lja a Fizet\u00e9si m\u00e9rleg jelent\u00e9st, ami \u00e1tfog\u00f3an elemzi a k\u00fcls\u0151 egyens\u00falyi folyamatokat, a makrogazdas\u00e1gi egyens\u00falytalans\u00e1gokat t\u00f6bb mutat\u00f3n kereszt\u00fcl vizsg\u00e1lja, valamint azonos\u00edtja az orsz\u00e1g s\u00e9r\u00fcl\u00e9kenys\u00e9ge szempontj\u00e1b\u00f3l kritikus folyamatokat. A k\u00fcls\u0151 egyens\u00faly alakul\u00e1sa a p\u00e9nz\u00fcgyi stabilit\u00e1s szempontj\u00e1b\u00f3l kiemelt jelent\u0151s\u00e9g\u0171, mivel a fizet\u00e9si m\u00e9rleg folyamatai alapj\u00e1n k\u00f6vetkeztetni lehet a gazdas\u00e1gi n\u00f6veked\u00e9s fenntarthat\u00f3s\u00e1g\u00e1ra, illetve az ezzel kapcsolatos kock\u00e1zatokra.(MTI)<\/p>\n","protected":false},"excerpt":{"rendered":"<p>A j\u00e1rv\u00e1ny negat\u00edv hat\u00e1sai ellen\u00e9re javultak a magyar gazdas\u00e1g k\u00fcls\u0151 egyens\u00falyi mutat\u00f3i tavaly &#8211; mondta Koroknai P\u00e9ter, a Magyar Nemzeti Bank (MNB) f\u0151oszt\u00e1lyvezet\u0151je a jegybank legfrissebb Fizet\u00e9si m\u00e9rleg jelent\u00e9s\u00e9t ismertetve online sajt\u00f3t\u00e1j\u00e9koztat\u00f3n kedden.<\/p>\n","protected":false},"author":1001006,"featured_media":0,"comment_status":"closed","ping_status":"open","sticky":false,"template":"","format":"standard","meta":[],"categories":[19],"tags":[],"_links":{"self":[{"href":"https:\/\/gazdasagportal.hu\/index.php\/wp-json\/wp\/v2\/posts\/134451"}],"collection":[{"href":"https:\/\/gazdasagportal.hu\/index.php\/wp-json\/wp\/v2\/posts"}],"about":[{"href":"https:\/\/gazdasagportal.hu\/index.php\/wp-json\/wp\/v2\/types\/post"}],"author":[{"embeddable":true,"href":"https:\/\/gazdasagportal.hu\/index.php\/wp-json\/wp\/v2\/users\/1001006"}],"replies":[{"embeddable":true,"href":"https:\/\/gazdasagportal.hu\/index.php\/wp-json\/wp\/v2\/comments?post=134451"}],"version-history":[{"count":1,"href":"https:\/\/gazdasagportal.hu\/index.php\/wp-json\/wp\/v2\/posts\/134451\/revisions"}],"predecessor-version":[{"id":134452,"href":"https:\/\/gazdasagportal.hu\/index.php\/wp-json\/wp\/v2\/posts\/134451\/revisions\/134452"}],"wp:attachment":[{"href":"https:\/\/gazdasagportal.hu\/index.php\/wp-json\/wp\/v2\/media?parent=134451"}],"wp:term":[{"taxonomy":"category","embeddable":true,"href":"https:\/\/gazdasagportal.hu\/index.php\/wp-json\/wp\/v2\/categories?post=134451"},{"taxonomy":"post_tag","embeddable":true,"href":"https:\/\/gazdasagportal.hu\/index.php\/wp-json\/wp\/v2\/tags?post=134451"}],"curies":[{"name":"wp","href":"https:\/\/api.w.org\/{rel}","templated":true}]}}