{"id":134420,"date":"2021-04-12T12:14:19","date_gmt":"2021-04-12T10:14:19","guid":{"rendered":"http:\/\/gazdasagportal.hu\/?p=134420"},"modified":"2021-04-12T12:14:19","modified_gmt":"2021-04-12T10:14:19","slug":"februarban-nott-a-kiskereskedelmi-forgalom-az-euroovezetben","status":"publish","type":"post","link":"https:\/\/gazdasagportal.hu\/index.php\/februarban-nott-a-kiskereskedelmi-forgalom-az-euroovezetben\/","title":{"rendered":"Febru\u00e1rban n\u0151tt a kiskereskedelmi forgalom az eur\u00f3\u00f6vezetben"},"content":{"rendered":"<p><strong>Febru\u00e1rban a v\u00e1rtn\u00e1l j\u00f3val nagyobb m\u00e9rt\u00e9kben n\u0151tt a kiskereskedelmi forgalom az eur\u00f3\u00f6vezetben az Eur\u00f3pai Uni\u00f3 statisztikai hivatala, az Eurostat h\u00e9tf\u0151i jelent\u00e9se alapj\u00e1n.<\/strong><!--more--><\/p>\n<div class=\"ads-in-post1\"><div id=\"gazdasagportal.hu_fullbanner_wideboard\"><\/div>\r\n<\/div>\n<p>Febru\u00e1rban szezon\u00e1lis kiigaz\u00edt\u00e1ssal 3,0 sz\u00e1zal\u00e9kkal emelkedett a kiskereskedelmi forgalom az eur\u00f3\u00f6vezetben az el\u0151z\u0151 havihoz k\u00e9pest a janu\u00e1ri 5,2 sz\u00e1zal\u00e9kos havi cs\u00f6kken\u00e9s ut\u00e1n. A piaci konszenzus 1,5 sz\u00e1zal\u00e9kos havi n\u00f6veked\u00e9st val\u00f3sz\u00edn\u0171s\u00edtett febru\u00e1rra.<br \/>\nFebru\u00e1rban 2,9 sz\u00e1zal\u00e9kkal maradt el a kiskereskedelmi forgalom az egy \u00e9vvel kor\u00e1bbit\u00f3l az eur\u00f3\u00f6vezetben, kev\u00e9sb\u00e9 a janu\u00e1ri 5,2 sz\u00e1zal\u00e9kos \u00e9ves elmarad\u00e1sn\u00e1l \u00e9s j\u00f3val kev\u00e9sb\u00e9 a piaci konszenzusn\u00e1l, ami a tavaly febru\u00e1rin\u00e1l 5,4 sz\u00e1zal\u00e9kkal alacsonyabb kiskereskedelmi forgalomra sz\u00e1m\u00edtott az id\u00e9n febru\u00e1rban.<br \/>\nAz Eur\u00f3pai Uni\u00f3ban szezon\u00e1lis kiigaz\u00edt\u00e1ssal 2,9 sz\u00e1zal\u00e9kkal n\u0151tt a kiskereskedelmi forgalom febru\u00e1rban a janu\u00e1rihoz k\u00e9pest, amikor viszont 4,6 sz\u00e1zal\u00e9kkal cs\u00f6kkent havi b\u00e1zison. Febru\u00e1rban 2,2 sz\u00e1zal\u00e9kos elmarad\u00e1sban volt a kiskereskedelmi forgalom az egy \u00e9vvel kor\u00e1bbihoz k\u00e9pest az EU-ban, janu\u00e1rban pedig 4,5 sz\u00e1zal\u00e9kkal volt kisebb.<br \/>\nA legnagyobb m\u00e9rt\u00e9kben Ausztri\u00e1ban n\u0151tt a kiskereskedelmi forgalom febru\u00e1rban az el\u0151z\u0151 havihoz k\u00e9pest, 28,2 sz\u00e1zal\u00e9kkal. Szlov\u00e9ni\u00e1ban 16,4 sz\u00e1zal\u00e9kos, Olaszorsz\u00e1gban 8,4 sz\u00e1zal\u00e9kos volt a havi n\u00f6veked\u00e9s. A legnagyobb havi cs\u00f6kken\u00e9s, 1,5 sz\u00e1zal\u00e9kos M\u00e1lt\u00e1n k\u00f6vetkezett be febru\u00e1rban a kiskereskedelmi forgalomban. A m\u00e1sodik legnagyobb havi cs\u00f6kken\u00e9s Franciaorsz\u00e1gban \u00e9s Magyarorsz\u00e1gon volt, 1,2 sz\u00e1zal\u00e9kos.<br \/>\nAz el\u0151z\u0151 havihoz k\u00e9pest jelent\u0151sen lassult az online kiskereskedelmi port\u00e1lok forgalm\u00e1nak n\u00f6veked\u00e9se. Az eur\u00f3\u00f6vezetben 0,4 sz\u00e1zal\u00e9kkal emelkedett az el\u0151z\u0151 havihoz k\u00e9pest febru\u00e1rban, m\u00edg janu\u00e1rban 6,0 sz\u00e1zal\u00e9kos volt a havi n\u00f6veked\u00e9s, az EU-ban pedig a janu\u00e1ri 5,5 sz\u00e1zal\u00e9kr\u00f3l 0,3 sz\u00e1zal\u00e9kra cs\u00f6kkent febru\u00e1rban a n\u00f6veked\u00e9si \u00fctem.<br \/>\nNagy fordulat k\u00f6vetkezett be a nem \u00e9lelmiszeripari cikkek forgalm\u00e1ban az \u00fczemanyagok kiv\u00e9tel\u00e9vel, ami az eur\u00f3\u00f6vezetben janu\u00e1rban 9,9 sz\u00e1zal\u00e9kkal cs\u00f6kkent havi b\u00e1zison, febru\u00e1rban pedig 6,8 sz\u00e1zal\u00e9kkal emelkedett. Az EU-ban ugyanennek a cikkcsoportnak a forgalma janu\u00e1rban 8,2 sz\u00e1zal\u00e9kkal cs\u00f6kkent havi b\u00e1zison, febru\u00e1rban pedig 6,2 sz\u00e1zal\u00e9kkal emelkedett.<br \/>\n<div class=\"ads-in-post1\"><div id=\"gazdasagportal.hu_fullbanner_wideboard\"><\/div>\r\n<\/div>\nAz \u00fczemanyagok forgalma az eur\u00f3\u00f6vezetben 3,7 sz\u00e1zal\u00e9kkal, az EU-ban 2,4 sz\u00e1zal\u00e9kkal n\u0151tt febru\u00e1rban az el\u0151z\u0151 havihoz k\u00e9pest, m\u00edg janu\u00e1rban az eur\u00f3\u00f6vezetben 0,9 sz\u00e1zal\u00e9kkal cs\u00f6kkent, az EU-ban nem v\u00e1ltozott.<br \/>\nAz egy \u00e9vvel kor\u00e1bbihoz k\u00e9pest Portug\u00e1li\u00e1ban cs\u00f6kkent a legnagyobb m\u00e9rt\u00e9kben, 15,4 sz\u00e1zal\u00e9kkal a kiskereskedelmi forgalom febru\u00e1rban. Szlov\u00e1ki\u00e1ban 14,7 sz\u00e1zal\u00e9kkal maradt el febru\u00e1rban a kiskereskedelmi forgalom az egy \u00e9vvel kor\u00e1bbit\u00f3l, M\u00e1lt\u00e1n pedig 8,9 sz\u00e1zal\u00e9kkal. A legnagyobb \u00e9ves n\u00f6veked\u00e9st Belgiumban regisztr\u00e1lt\u00e1k a kiskereskedelmi forgalomban, 11,0 sz\u00e1zal\u00e9kosat. Ausztri\u00e1ban 5,2 sz\u00e1zal\u00e9kkal, Horv\u00e1torsz\u00e1gban 5,1 sz\u00e1zal\u00e9kkal haladta meg a febru\u00e1ri kiskereskedelmi forgalom az egy \u00e9vvel kor\u00e1bbit.<br \/>\n<a title=\"Hely megnyit\u00e1sa\" href=\"https:\/\/ec.europa.eu\/eurostat\/documents\/2995521\/11563027\/4-12042021-AP-EN.pdf\" target=\"_blank\" rel=\"noopener noreferrer\">https:\/\/ec.europa.eu\/eurostat\/documents\/2995521\/11563027\/4-12042021-AP-EN.pdf<\/a><\/p>\n<p>(MTI)<\/p><div id=\"gazda-1189128624\" class=\"gazda-tartalomban gazda-entity-placement\"><script async src=\"https:\/\/pagead2.googlesyndication.com\/pagead\/js\/adsbygoogle.js\"><\/script>\r\n<ins class=\"adsbygoogle\"\r\n     style=\"display:block\"\r\n     data-ad-format=\"fluid\"\r\n     data-ad-layout-key=\"-6t+ed+2i-1n-4w\"\r\n     data-ad-client=\"ca-pub-1959107119989764\"\r\n     data-ad-slot=\"4008251320\"><\/ins>\r\n<script>\r\n     (adsbygoogle = window.adsbygoogle || []).push({});\r\n<\/script><\/div>\n<p>&nbsp;<\/p>\n","protected":false},"excerpt":{"rendered":"<p>Febru\u00e1rban a v\u00e1rtn\u00e1l j\u00f3val nagyobb m\u00e9rt\u00e9kben n\u0151tt a kiskereskedelmi forgalom az eur\u00f3\u00f6vezetben az Eur\u00f3pai Uni\u00f3 statisztikai hivatala, az Eurostat h\u00e9tf\u0151i jelent\u00e9se alapj\u00e1n.<\/p>\n","protected":false},"author":1001006,"featured_media":0,"comment_status":"closed","ping_status":"open","sticky":false,"template":"","format":"standard","meta":[],"categories":[12,246],"tags":[],"_links":{"self":[{"href":"https:\/\/gazdasagportal.hu\/index.php\/wp-json\/wp\/v2\/posts\/134420"}],"collection":[{"href":"https:\/\/gazdasagportal.hu\/index.php\/wp-json\/wp\/v2\/posts"}],"about":[{"href":"https:\/\/gazdasagportal.hu\/index.php\/wp-json\/wp\/v2\/types\/post"}],"author":[{"embeddable":true,"href":"https:\/\/gazdasagportal.hu\/index.php\/wp-json\/wp\/v2\/users\/1001006"}],"replies":[{"embeddable":true,"href":"https:\/\/gazdasagportal.hu\/index.php\/wp-json\/wp\/v2\/comments?post=134420"}],"version-history":[{"count":1,"href":"https:\/\/gazdasagportal.hu\/index.php\/wp-json\/wp\/v2\/posts\/134420\/revisions"}],"predecessor-version":[{"id":134421,"href":"https:\/\/gazdasagportal.hu\/index.php\/wp-json\/wp\/v2\/posts\/134420\/revisions\/134421"}],"wp:attachment":[{"href":"https:\/\/gazdasagportal.hu\/index.php\/wp-json\/wp\/v2\/media?parent=134420"}],"wp:term":[{"taxonomy":"category","embeddable":true,"href":"https:\/\/gazdasagportal.hu\/index.php\/wp-json\/wp\/v2\/categories?post=134420"},{"taxonomy":"post_tag","embeddable":true,"href":"https:\/\/gazdasagportal.hu\/index.php\/wp-json\/wp\/v2\/tags?post=134420"}],"curies":[{"name":"wp","href":"https:\/\/api.w.org\/{rel}","templated":true}]}}