{"id":134394,"date":"2021-04-10T11:31:10","date_gmt":"2021-04-10T09:31:10","guid":{"rendered":"http:\/\/gazdasagportal.hu\/?p=134394"},"modified":"2021-04-19T12:59:32","modified_gmt":"2021-04-19T10:59:32","slug":"koronavirus-nemet-lap-az-europai-bizottsag-18-milliard-adag-oltoanyag-megrendelesere-keszul","status":"publish","type":"post","link":"https:\/\/gazdasagportal.hu\/index.php\/koronavirus-nemet-lap-az-europai-bizottsag-18-milliard-adag-oltoanyag-megrendelesere-keszul\/","title":{"rendered":"Koronav\u00edrus &#8211; N\u00e9met lap: az Eur\u00f3pai Bizotts\u00e1g 1,8 milli\u00e1rd adag olt\u00f3anyag megrendel\u00e9s\u00e9re k\u00e9sz\u00fcl"},"content":{"rendered":"<p><strong>Megrendelne tov\u00e1bbi 1,8 milli\u00e1rd adagot az \u00faj t\u00edpus\u00fa koronav\u00edrus (SARS-CoV-2) ellen kifejlesztett valamelyik olt\u00f3anyagb\u00f3l az Eur\u00f3pai Bizotts\u00e1g, hogy legyen el\u00e9g vakcina az Eur\u00f3pai Uni\u00f3ban az eml\u00e9keztet\u0151 olt\u00e1sokhoz \u00e9s a gyerekek beolt\u00e1s\u00e1hoz &#8211; jelentette a Die Welt c\u00edm\u0171 n\u00e9met lap p\u00e9nteken.<\/strong><!--more--><\/p>\n<div class=\"ads-in-post1\"><div id=\"gazdasagportal.hu_fullbanner_wideboard\"><\/div>\r\n<\/div>\n<p>    A lap h\u00edrport\u00e1lj\u00e1n k\u00f6z\u00f6lt jelent\u00e9s szerint az \u00e9lelmiszerbiztons\u00e1ggal \u00e9s az eg\u00e9szs\u00e9g\u00fcggyel kapcsolatos uni\u00f3s szakpolitik\u00e1\u00e9rt felel\u0151s f\u0151igazgat\u00f3s\u00e1g vezet\u0151je, Sandra Gallina p\u00e9nteken ismertette a tervet a bizotts\u00e1g vakcinabeszerz\u00e9si tev\u00e9kenys\u00e9g\u00e9t a tag\u00e1llamok r\u00e9sz\u00e9r\u0151l fel\u00fcgyel\u0151 \u00e9s ir\u00e1ny\u00edt\u00f3 test\u00fclet el\u0151tt. Elmondta, hogy megk\u00f6tn\u00e9nek egy keretszerz\u0151d\u00e9st 900 milli\u00f3 adag olt\u00f3anyag lesz\u00e1ll\u00edt\u00e1s\u00e1r\u00f3l, \u00e9s egy k\u00f6tn\u00e9nek egy m\u00e1sik, opci\u00f3s szerz\u0151d\u00e9st is, amely \u00fajabb 900 milli\u00f3 adag megv\u00e1s\u00e1rl\u00e1s\u00e1r\u00f3l sz\u00f3lna.<br \/>\n    Br\u00fcsszel terve szerint az els\u0151 sz\u00e1ll\u00edtm\u00e1nyok m\u00e9g az id\u00e9n \u00e9rkezn\u00e9nek, a rendel\u00e9sek z\u00f6me pedig 2022-ben \u00e9s 2023-ban futna be. Az \u00faj vakcinak\u00e9szlettel a tavaly december v\u00e9g\u00e9n elkezdett els\u0151 olt\u00e1si kamp\u00e1ny ut\u00e1ni eml\u00e9keztet\u0151 olt\u00e1sokat lehetne megoldani, \u00e9s be lehetne oltani az EU-ban \u00e9l\u0151 nagyj\u00e1b\u00f3l 70-80 milli\u00f3 gyereket \u00e9s fiatalkor\u00fat, akikre nem terjed ki az els\u0151 olt\u00e1si kamp\u00e1ny.<br \/>\n    A teljes mennyis\u00e9get egyetlen gy\u00e1rt\u00f3t\u00f3l rendeln\u00e9k meg, m\u00e9gpedig olyan c\u00e9gt\u0151l, amely rendelkezik teljes termel\u00e9si h\u00e1l\u00f3zattal az EU-ban, k\u00e9pes gyorsan teljes\u00edteni a megrendel\u00e9seket, lehet\u0151leg az EU-ban van a k\u00f6zpontja, \u00e9s az \u00fagynevezett h\u00edrviv\u0151 RNS-re (mRNS) alapul\u00f3 vakcin\u00e1t gy\u00e1rt &#8211; \u00edrta a Die Welt, megjegyezve, hogy egyel\u0151re csak az amerikai Pfizer \u00e9s a n\u00e9met BioNTech egy\u00fcttm\u0171k\u00f6d\u00e9se, illetve az amerikai Moderna felelhetne meg a kiv\u00e1laszt\u00e1si felt\u00e9teleknek.<br \/>\n<div class=\"ads-in-post1\"><div id=\"gazdasagportal.hu_fullbanner_wideboard\"><\/div>\r\n<\/div>\n    Az els\u0151 olt\u00e1si kamp\u00e1nyhoz biztos\u00edtott vakcin\u00e1k beszerz\u00e9s\u00e9hez k\u00e9pest szint\u00e9n v\u00e1ltoz\u00e1s, hogy szigor\u00fabb teljes\u00edt\u00e9si felt\u00e9teleket szabn\u00e1nak meg. \u00cdgy negyed\u00e9ves c\u00e9lkit\u0171z\u00e9sek helyett havi szinten kellene r\u00f6gz\u00edteni a sz\u00e1ll\u00edt\u00e1si mennyis\u00e9geket, \u00e9s a gy\u00e1rt\u00f3nak k\u00f6telezetts\u00e9get kellene v\u00e1llalnia a sz\u00e1ll\u00edt\u00e1si menetrend betart\u00e1s\u00e1ra.<br \/>\n    A Die Welt felid\u00e9zte, hogy az els\u0151 olt\u00e1si kamp\u00e1nyra kialak\u00edtott gyakorlat szerint a tag\u00e1llamok megb\u00edz\u00e1s\u00e1b\u00f3l \u00e9s fel\u00fcgyelete alatt tev\u00e9kenyked\u0151 bizotts\u00e1g csup\u00e1n keretszerz\u0151d\u00e9seket k\u00f6t, amelyekkel egy el\u0151re r\u00f6gz\u00edtett mennyis\u00e9g EU-s \u00e9rt\u00e9kes\u00edt\u00e9s\u00e9t garant\u00e1lja a vakcinagy\u00e1rt\u00f3knak. A keret r\u00e9v\u00e9n rendelkez\u00e9sre \u00e1ll\u00f3 k\u00e9sz\u00edtm\u00e9nyek megv\u00e1s\u00e1rl\u00e1s\u00e1r\u00f3l m\u00e1r a tag\u00e1llamok k\u00f6tnek egyedi meg\u00e1llapod\u00e1sokat a gy\u00e1rt\u00f3kkal. A Br\u00fcsszel \u00e1ltal a keretszerz\u0151d\u00e9sekkel biztos\u00edtott mennyis\u00e9get a tag\u00e1llamok f\u0151szab\u00e1ly szerint n\u00e9pess\u00e9gar\u00e1nyosan osztj\u00e1k el egym\u00e1s k\u00f6z\u00f6tt.(MTI)<\/p>\n","protected":false},"excerpt":{"rendered":"<p>Megrendelne tov\u00e1bbi 1,8 milli\u00e1rd adagot az \u00faj t\u00edpus\u00fa koronav\u00edrus (SARS-CoV-2) ellen kifejlesztett valamelyik olt\u00f3anyagb\u00f3l az Eur\u00f3pai Bizotts\u00e1g, hogy legyen el\u00e9g vakcina az Eur\u00f3pai Uni\u00f3ban az eml\u00e9keztet\u0151 olt\u00e1sokhoz \u00e9s a gyerekek beolt\u00e1s\u00e1hoz &#8211; jelentette a Die Welt c\u00edm\u0171 n\u00e9met lap p\u00e9nteken.<\/p>\n","protected":false},"author":1001008,"featured_media":124314,"comment_status":"closed","ping_status":"open","sticky":false,"template":"","format":"standard","meta":[],"categories":[12,427,435],"tags":[],"_links":{"self":[{"href":"https:\/\/gazdasagportal.hu\/index.php\/wp-json\/wp\/v2\/posts\/134394"}],"collection":[{"href":"https:\/\/gazdasagportal.hu\/index.php\/wp-json\/wp\/v2\/posts"}],"about":[{"href":"https:\/\/gazdasagportal.hu\/index.php\/wp-json\/wp\/v2\/types\/post"}],"author":[{"embeddable":true,"href":"https:\/\/gazdasagportal.hu\/index.php\/wp-json\/wp\/v2\/users\/1001008"}],"replies":[{"embeddable":true,"href":"https:\/\/gazdasagportal.hu\/index.php\/wp-json\/wp\/v2\/comments?post=134394"}],"version-history":[{"count":1,"href":"https:\/\/gazdasagportal.hu\/index.php\/wp-json\/wp\/v2\/posts\/134394\/revisions"}],"predecessor-version":[{"id":134395,"href":"https:\/\/gazdasagportal.hu\/index.php\/wp-json\/wp\/v2\/posts\/134394\/revisions\/134395"}],"wp:featuredmedia":[{"embeddable":true,"href":"https:\/\/gazdasagportal.hu\/index.php\/wp-json\/wp\/v2\/media\/124314"}],"wp:attachment":[{"href":"https:\/\/gazdasagportal.hu\/index.php\/wp-json\/wp\/v2\/media?parent=134394"}],"wp:term":[{"taxonomy":"category","embeddable":true,"href":"https:\/\/gazdasagportal.hu\/index.php\/wp-json\/wp\/v2\/categories?post=134394"},{"taxonomy":"post_tag","embeddable":true,"href":"https:\/\/gazdasagportal.hu\/index.php\/wp-json\/wp\/v2\/tags?post=134394"}],"curies":[{"name":"wp","href":"https:\/\/api.w.org\/{rel}","templated":true}]}}