{"id":134383,"date":"2021-04-09T15:05:17","date_gmt":"2021-04-09T13:05:17","guid":{"rendered":"http:\/\/gazdasagportal.hu\/?p=134383"},"modified":"2021-04-09T15:05:17","modified_gmt":"2021-04-09T13:05:17","slug":"elemzok-a-kiskereskedelem-nem-tamogatja-az-elso-negyedevi-gazdasagi-novekedest","status":"publish","type":"post","link":"https:\/\/gazdasagportal.hu\/index.php\/elemzok-a-kiskereskedelem-nem-tamogatja-az-elso-negyedevi-gazdasagi-novekedest\/","title":{"rendered":"Elemz\u0151k: a kiskereskedelem nem t\u00e1mogatja az els\u0151 negyed\u00e9vi gazdas\u00e1gi n\u00f6veked\u00e9st"},"content":{"rendered":"<p><strong>A kiskereskedelem trendszer\u0171 lejtmenetben van \u00e9s a m\u00e1rciusi j\u00e1rv\u00e1ny\u00fcgyi korl\u00e1toz\u00e1sokat is figyelembe v\u00e9ve v\u00e1rhat\u00f3an negat\u00edvan j\u00e1rul hozz\u00e1 a GDP els\u0151 negyed\u00e9vi alakul\u00e1s\u00e1hoz &#8211; \u00edgy komment\u00e1lt\u00e1k az MTI-nek nyilatkoz\u00f3 elemz\u0151k a KSH febru\u00e1ri adatait.<\/strong><!--more--><\/p>\n<div class=\"ads-in-post1\"><div id=\"gazdasagportal.hu_fullbanner_wideboard\"><\/div>\r\n<\/div>\n<p>    A K\u00f6zponti Statisztikai Hivatal (KSH) p\u00e9nteki jelent\u00e9se szerint febru\u00e1rban a nyers adat szerint 5,6 sz\u00e1zal\u00e9kkal, napt\u00e1rhat\u00e1st\u00f3l megtiszt\u00edtva 5,9 sz\u00e1zal\u00e9kkal cs\u00f6kkent a kiskereskedelemi forgalom az el\u0151z\u0151 \u00e9v azonos id\u0151szak\u00e1hoz k\u00e9pest. Janu\u00e1rhoz viszony\u00edtva 1,2 sz\u00e1zal\u00e9kkal m\u00e9rs\u00e9kl\u0151d\u00f6tt a kiskereskedelem forgalm\u00e1nak szezon\u00e1lis \u00e9s napt\u00e1rhat\u00e1st\u00f3l megtiszt\u00edtott volumene.<br \/>\n    Virov\u00e1cz P\u00e9ter, az ING Bank vezet\u0151 elemz\u0151je az MTI-nek k\u00fcld\u00f6tt komment\u00e1rj\u00e1ban lesz\u00f6gezte: a magyarorsz\u00e1gi kiskereskedelem tov\u00e1bbra is trendszer\u0171 lejtmenetben van. A v\u00e1ltoz\u00e1s m\u00f6g\u00f6tt ugyanakkor csak r\u00e9szben jelentkezik a b\u00e1zishat\u00e1s, mivel az el\u0151z\u0151 h\u00f3naphoz k\u00e9pest is cs\u00f6kkent az \u00fczletek forgalma annak ellen\u00e9re, hogy febru\u00e1rban m\u00e9g nem l\u00e9pett \u00e9letbe a szigor\u00fabb j\u00e1rv\u00e1ny\u00fcgyi szab\u00e1lyoz\u00e1s.<br \/>\n    A m\u00e1rciusi j\u00e1rv\u00e1ny\u00fcgyi korl\u00e1toz\u00e1sok v\u00e9lhet\u0151en tov\u00e1bb ronthatt\u00e1k a szektor teljes\u00edtm\u00e9ny\u00e9t. Vagyis az els\u0151 k\u00e9t h\u00f3napban l\u00e1tott 3,9 sz\u00e1zal\u00e9kos \u00e9ves visszaes\u00e9s csak m\u00e9g rosszabb lesz m\u00e1rciussal, \u00edgy v\u00e9lhet\u0151en az els\u0151 negyed\u00e9vben a fogyaszt\u00e1s jelent\u0151s m\u00e9rt\u00e9kben visszafogja majd a GDP-t. Szinte bor\u00edt\u00e9kolhat\u00f3, hogy az el\u0151z\u0151 negyed\u00e9vhez k\u00e9pest az els\u0151 negyed\u00e9vben \u00fajb\u00f3l zsugorodik a GDP &#8211; prognosztiz\u00e1lta.<br \/>\n    Suppan Gergely, a Takar\u00e9kbank vezet\u0151 elemz\u0151je a j\u00e1rv\u00e1ny \u00fajabb hull\u00e1ma \u00e1ltal kiv\u00e1ltott \u00f3vatoss\u00e1ggal, a kiss\u00e9 roml\u00f3 munkaer\u0151piaccal, valamint a p\u00e1nikv\u00e1s\u00e1rl\u00e1s okozta egy \u00e9vvel ezel\u0151tti magas b\u00e1zis hat\u00e1s\u00e1val magyar\u00e1zta, hogy cs\u00f6kkent a kiskereskedelmi forgalom febru\u00e1rban.<br \/>\n    M\u00e1rciusban a nem l\u00e9tfontoss\u00e1g\u00fa \u00fczletek korl\u00e1toz\u00e1sa miatt tov\u00e1bbi visszaes\u00e9s, majd \u00e1prilisban az \u00fczletek \u00fajranyit\u00e1sa miatt ism\u00e9t felpattan\u00e1s v\u00e1rhat\u00f3, v\u00e9lekedett. Hozz\u00e1tette, hogy a b\u00e1zishat\u00e1s miatt az \u00e1prilisi n\u00f6veked\u00e9s kiemelked\u0151 lehet. V\u00e9lem\u00e9nye szerint a j\u00e1rv\u00e1nyhelyzet el\u0151tti szint el\u00e9r\u00e9se a ny\u00e1ri h\u00f3napokban v\u00e1rhat\u00f3 a kiskereskedelemben. A k\u00fclf\u00f6ldiek visszat\u00e9r\u00e9se k\u00e9s\u0151bb m\u00e9g jelent\u0151s lend\u00fcletet adhat.<br \/>\n<div class=\"ads-in-post1\"><div id=\"gazdasagportal.hu_fullbanner_wideboard\"><\/div>\r\n<\/div>\n    Reg\u0151s G\u00e1bor, a Sz\u00e1zadv\u00e9g Gazdas\u00e1gkutat\u00f3 makrogazdas\u00e1gi \u00fczlet\u00e1g\u00e1nak vezet\u0151je is kedvez\u0151tlennek tartja a kiskereskedelmi adatot, mivel az \u00e9ves visszaes\u00e9st magyar\u00e1zza ugyan a b\u00e1zisid\u0151szak p\u00e1nikfelv\u00e1s\u00e1rl\u00e1sokkal felh\u00fazott magas adata, azonban az el\u0151z\u0151 h\u00f3naphoz k\u00e9pest is visszaes\u00e9s k\u00f6vetkezett be. Ezt az elh\u00faz\u00f3d\u00f3 korl\u00e1toz\u00e1sok \u00e9s az ehhez kapcsol\u00f3d\u00f3 \u00e1ll\u00e1sveszt\u00e9sek is okozhatt\u00e1k, de hozz\u00e1j\u00e1rul a v\u00edrust\u00f3l val\u00f3 f\u00e9lelem \u00e9s a harmadik hull\u00e1m felfut\u00e1sa miatti t\u00f6bb otthontart\u00f3zkod\u00e1s, \u00edgy alacsonyabb \u00fczemanyagforgalom is.<br \/>\n    A m\u00e1rcius korl\u00e1toz\u00e1sok tov\u00e1bb cs\u00f6kkenthett\u00e9k a kiskereskedelmi forgalmat, illetve a b\u00e1zisid\u0151szaki adat is kiemelked\u0151en magas volt, \u00edgy az els\u0151 negyed\u00e9vben a fogyaszt\u00e1s v\u00e9lhet\u0151en \u00e9rdemben visszah\u00fazza a gazdas\u00e1g teljes\u00edtm\u00e9ny\u00e9t. Ahhoz, hogy a fogyaszt\u00e1s ism\u00e9t a n\u00f6veked\u00e9s motorj\u00e1v\u00e1 v\u00e1lhasson, a korl\u00e1toz\u00e1sok felold\u00e1s\u00e1ra \u00e9s a j\u00f6vedelmi helyzet javul\u00e1s\u00e1ra van sz\u00fcks\u00e9g &#8211; \u00e1llap\u00edtotta meg Reg\u0151s G\u00e1bor.(MTI)<\/p>\n","protected":false},"excerpt":{"rendered":"<p>A kiskereskedelem trendszer\u0171 lejtmenetben van \u00e9s a m\u00e1rciusi j\u00e1rv\u00e1ny\u00fcgyi korl\u00e1toz\u00e1sokat is figyelembe v\u00e9ve v\u00e1rhat\u00f3an negat\u00edvan j\u00e1rul hozz\u00e1 a GDP els\u0151 negyed\u00e9vi alakul\u00e1s\u00e1hoz &#8211; \u00edgy komment\u00e1lt\u00e1k az MTI-nek nyilatkoz\u00f3 elemz\u0151k a KSH febru\u00e1ri adatait.<\/p>\n","protected":false},"author":1001005,"featured_media":0,"comment_status":"closed","ping_status":"open","sticky":false,"template":"","format":"standard","meta":[],"categories":[19],"tags":[],"_links":{"self":[{"href":"https:\/\/gazdasagportal.hu\/index.php\/wp-json\/wp\/v2\/posts\/134383"}],"collection":[{"href":"https:\/\/gazdasagportal.hu\/index.php\/wp-json\/wp\/v2\/posts"}],"about":[{"href":"https:\/\/gazdasagportal.hu\/index.php\/wp-json\/wp\/v2\/types\/post"}],"author":[{"embeddable":true,"href":"https:\/\/gazdasagportal.hu\/index.php\/wp-json\/wp\/v2\/users\/1001005"}],"replies":[{"embeddable":true,"href":"https:\/\/gazdasagportal.hu\/index.php\/wp-json\/wp\/v2\/comments?post=134383"}],"version-history":[{"count":1,"href":"https:\/\/gazdasagportal.hu\/index.php\/wp-json\/wp\/v2\/posts\/134383\/revisions"}],"predecessor-version":[{"id":134384,"href":"https:\/\/gazdasagportal.hu\/index.php\/wp-json\/wp\/v2\/posts\/134383\/revisions\/134384"}],"wp:attachment":[{"href":"https:\/\/gazdasagportal.hu\/index.php\/wp-json\/wp\/v2\/media?parent=134383"}],"wp:term":[{"taxonomy":"category","embeddable":true,"href":"https:\/\/gazdasagportal.hu\/index.php\/wp-json\/wp\/v2\/categories?post=134383"},{"taxonomy":"post_tag","embeddable":true,"href":"https:\/\/gazdasagportal.hu\/index.php\/wp-json\/wp\/v2\/tags?post=134383"}],"curies":[{"name":"wp","href":"https:\/\/api.w.org\/{rel}","templated":true}]}}