{"id":134379,"date":"2021-04-09T12:56:07","date_gmt":"2021-04-09T10:56:07","guid":{"rendered":"http:\/\/gazdasagportal.hu\/?p=134379"},"modified":"2021-04-21T14:46:35","modified_gmt":"2021-04-21T12:46:35","slug":"elemzok-folytatodhat-az-inflacio-gyorsulasa","status":"publish","type":"post","link":"https:\/\/gazdasagportal.hu\/index.php\/elemzok-folytatodhat-az-inflacio-gyorsulasa\/","title":{"rendered":"Elemz\u0151k: folytat\u00f3dhat az infl\u00e1ci\u00f3 gyorsul\u00e1sa"},"content":{"rendered":"<p><strong>Megfelelt a v\u00e1rakoz\u00e1soknak az infl\u00e1ci\u00f3 m\u00e1rciusi emelked\u00e9se, \u00e9s a vil\u00e1gpiaci olaj\u00e1rak valamint a doh\u00e1nyterm\u00e9kek j\u00f6ved\u00e9ki ad\u00f3j\u00e1nak emelked\u00e9se miatt a dr\u00e1gul\u00e1s tov\u00e1bbi gyorsul\u00e1s\u00e1ra sz\u00e1m\u00edtanak az MTI-nek nyilatkoz\u00f3 piaci elemz\u0151k.<\/strong><!--more--><\/p>\n<div class=\"ads-in-post1\"><div id=\"gazdasagportal.hu_fullbanner_wideboard\"><\/div>\r\n<\/div>\n<p>    A K\u00f6zponti Statisztikai Hivatal (KSH) p\u00e9nteken kiadott jelent\u00e9se szerint m\u00e1rciusban a fogyaszt\u00f3i \u00e1rak \u00e1tlagosan 3,7 sz\u00e1zal\u00e9kkal magasabbak voltak az egy \u00e9vvel kor\u00e1bbin\u00e1l. Az \u00fczemanyagok \u00e1ra 6,6 sz\u00e1zal\u00e9kkal lett magasabb, mint febru\u00e1rban volt \u00e9s 17,7 sz\u00e1zal\u00e9kkal emelkedett tavaly m\u00e1rcius \u00f3ta. A doh\u00e1ny\u00e1ruk 17,5 sz\u00e1zal\u00e9kkal dr\u00e1gultak egy \u00e9v alatt.<br \/>\n     Suppan Gergely, a Takar\u00e9kbank vezet\u0151 elemz\u0151je az MTI-nek k\u00fcld\u00f6tt  komment\u00e1rj\u00e1ban megjegyezte: a piaci v\u00e1rakoz\u00e1soknak megfelel\u0151en &#8211; b\u00e1r a Takar\u00e9kbank el\u0151rejelz\u00e9s\u00e9t\u0151l kiss\u00e9 elmaradva &#8211; gyorsult a fogyaszt\u00f3i \u00e1rak n\u00f6veked\u00e9se m\u00e1rciusban. A meglepet\u00e9st az \u00e9lelmiszer\u00e1rak \u00e9s a szolg\u00e1ltat\u00e1sok \u00e1rainak v\u00e1rtn\u00e1l m\u00e9rs\u00e9keltebb n\u00f6veked\u00e9se okozta.<br \/>\n    Az MNB \u00e1ltal kiemelten figyelt ad\u00f3sz\u0171rt maginfl\u00e1ci\u00f3 3,4 sz\u00e1zal\u00e9kos volt, \u00edgy a k\u00f6vetkez\u0151 h\u00f3napokban nem v\u00e1rhat\u00f3 az egyhetes jegybanki bet\u00e9t kamat\u00e1nak emel\u00e9se, ugyanakkor az infl\u00e1ci\u00f3 tavaszi h\u00f3napokban v\u00e1rhat\u00f3 megugr\u00e1sa miatt laz\u00edt\u00e1sra sem lehet sz\u00e1m\u00edtani. Az infl\u00e1ci\u00f3s kock\u00e1zatok jelent\u0151s n\u00f6veked\u00e9se miatt az \u00e9v m\u00e1sodik fel\u00e9ben kisebb szigor\u00edt\u00e1sra ker\u00fclhet sor &#8211; v\u00e9lekedett.<br \/>\n<div class=\"ads-in-post1\"><div id=\"gazdasagportal.hu_fullbanner_wideboard\"><\/div>\r\n<\/div>\n    \u00c1prilisban az \u00fczemanyag\u00e1rak egy \u00e9vvel ezel\u0151tti alacsony b\u00e1zis\u00e1ra, az \u00fczemanyag\u00e1rak idei emelked\u00e9se \u00e9s a doh\u00e1nyterm\u00e9kek j\u00f6ved\u00e9ki ad\u00f3j\u00e1nak tov\u00e1bbi emel\u00e9se miatt 5 sz\u00e1zal\u00e9k f\u00f6l\u00e9 ugorhat az infl\u00e1ci\u00f3, majd m\u00e1jusban is 5 sz\u00e1zal\u00e9k k\u00f6zel\u00e9ben maradhat. A Takar\u00e9kbank progn\u00f3zisa szerint  a ny\u00e1ri h\u00f3napokban az  infl\u00e1ci\u00f3 visszaesik a tolerancia s\u00e1v fels\u0151 sz\u00e9le, azaz 4 sz\u00e1zal\u00e9k al\u00e1. \u00cdgy id\u00e9n 3,9-4,0 sz\u00e1zal\u00e9kos \u00e1tlagos infl\u00e1ci\u00f3ra sz\u00e1m\u00edt Suppan Gergely.<br \/>\n    Virov\u00e1cz P\u00e9ter, Az ING Bank vezet\u0151 elemz\u0151je szerint az emelked\u0151 infl\u00e1ci\u00f3 m\u00f6g\u00f6tt komoly meglepet\u00e9s nem h\u00faz\u00f3dik meg. Az egyes t\u00e9teleket vizsg\u00e1lva a v\u00e1rakoz\u00e1soknak nagyj\u00e1b\u00f3l megfelel\u0151 a m\u00e1rciusi infl\u00e1ci\u00f3s profil. Az infl\u00e1ci\u00f3 emelked\u00e9se egy\u00e9rtelm\u0171en a maginfl\u00e1ci\u00f3s kos\u00e1ron k\u00edv\u00fcli t\u00e9telek (els\u0151sorban az \u00fczemanyagok) k\u00f6vetkezm\u00e9nye, \u00edgy nem meglep\u0151, hogy \u00f6sszess\u00e9g\u00e9ben a maginfl\u00e1ci\u00f3, vagyis a volatilis t\u00e9telekt\u0151l megtiszt\u00edtott mutat\u00f3 enyh\u00e9n cs\u00f6kkent.<br \/>\n    A m\u00e1rciusi adat \u00e9rdemben nem m\u00f3dos\u00edtja az idei infl\u00e1ci\u00f3s kil\u00e1t\u00e1sokat. A k\u00f6vetkez\u0151 h\u00f3napokban az infl\u00e1ci\u00f3 tov\u00e1bbi jelent\u0151s er\u0151s\u00f6d\u00e9sre sz\u00e1m\u00edt Virov\u00e1cz P\u00e9ter a b\u00e1zishat\u00e1sok \u00e9s az \u00fajranyit\u00e1ssal egy\u00fcttj\u00e1r\u00f3 keresleti sokk k\u00f6vetkezt\u00e9ben. V\u00e1rakoz\u00e1sa szerint ak\u00e1r 5 sz\u00e1zal\u00e9k f\u00f6l\u00e9 is emelkedhet a mutat\u00f3 \u00e1tmenetileg. Az \u00e9v eg\u00e9sz\u00e9t tekintve 4 sz\u00e1zal\u00e9kos \u00e1tlagos infl\u00e1ci\u00f3val sz\u00e1mol.<br \/>\n    Reg\u0151s G\u00e1bor, a Sz\u00e1zadv\u00e9g Gazdas\u00e1gkutat\u00f3 makrogazdas\u00e1gi \u00fczlet\u00e1g\u00e1nak vezet\u0151je azt emelte ki, hogy az infl\u00e1ci\u00f3 m\u00e1rciusi gyorsul\u00e1s\u00e1ban az \u00fczemanyag\u00e1rak \u00e9s a doh\u00e1nyterm\u00e9kek \u00e1remelked\u00e9se mellett fontos szerepet j\u00e1tszik a b\u00e1zishat\u00e1s is: a tavaly tavaszi korl\u00e1toz\u00e1sok idej\u00e9n a kereslet visszaes\u00e9se miatt az olaj\u00e1rak cs\u00f6kkentek, \u00edgy a benzin\u00e1r is alacsonyabb volt. Arra is felh\u00edvta a figyelmet, hogy az alapfolyamatokat le\u00edr\u00f3 maginfl\u00e1ci\u00f3 n\u00e9mileg cs\u00f6kkent ugyan, de tov\u00e1bbra is a jegybanki c\u00e9ls\u00e1v teteje k\u00f6r\u00fcl \u00e1llt. Kit\u00e9rt arra is, hogy sok term\u00e9k vagy szolg\u00e1ltat\u00e1s az adott id\u0151szakban nem volt el\u00e9rhet\u0151, ebb\u0151l a szempontb\u00f3l a m\u00e1rciusi adat csal\u00f3ka lehet.<br \/>\n<div class=\"ads-in-post1\"><div id=\"gazdasagportal.hu_fullbanner_wideboard\"><\/div>\r\n<\/div>\n     A k\u00f6vetkez\u0151 1-2 h\u00f3napban a b\u00e1zishat\u00e1sok miatt n\u00f6vekv\u0151 infl\u00e1ci\u00f3val sz\u00e1mol a szak\u00e9rt\u0151, ezt k\u00f6vet\u0151en pedig a nyit\u00e1s nyom\u00e1n bek\u00f6vetkez\u0151 \u00e1remelked\u00e9sek hat\u00e1rozz\u00e1k majd meg a p\u00e9nzroml\u00e1s \u00fctem\u00e9t. A bez\u00e1rni k\u00e9nyszer\u00fclt l\u00e9tes\u00edtm\u00e9nyek egy r\u00e9sze cs\u0151dbe megy, teh\u00e1t a kereslet magasabb, m\u00edg a k\u00edn\u00e1lat alacsonyabb  lesz, ami felfel\u00e9 h\u00fazza majd az \u00e1rakat, magyar\u00e1zta. Erre az MNB-nek a be\u00e9rkez\u0151 adatok f\u00fcggv\u00e9ny\u00e9ben kell majd reag\u00e1lnia, kiemelt figyelmet ford\u00edtva a tart\u00f3s tendenci\u00e1kra, szemben az \u00e1tmeneti hat\u00e1sokkal, mint az olaj\u00e1remelked\u00e9s &#8211; z\u00e1rta komment\u00e1rj\u00e1t Reg\u0151s G\u00e1bor.(MTI)<\/p>\n","protected":false},"excerpt":{"rendered":"<p>Megfelelt a v\u00e1rakoz\u00e1soknak az infl\u00e1ci\u00f3 m\u00e1rciusi emelked\u00e9se, \u00e9s a vil\u00e1gpiaci olaj\u00e1rak valamint a doh\u00e1nyterm\u00e9kek j\u00f6ved\u00e9ki ad\u00f3j\u00e1nak emelked\u00e9se miatt a dr\u00e1gul\u00e1s tov\u00e1bbi gyorsul\u00e1s\u00e1ra sz\u00e1m\u00edtanak az MTI-nek nyilatkoz\u00f3 piaci elemz\u0151k.<\/p>\n","protected":false},"author":1001005,"featured_media":21620,"comment_status":"closed","ping_status":"open","sticky":false,"template":"","format":"standard","meta":[],"categories":[19,436],"tags":[],"_links":{"self":[{"href":"https:\/\/gazdasagportal.hu\/index.php\/wp-json\/wp\/v2\/posts\/134379"}],"collection":[{"href":"https:\/\/gazdasagportal.hu\/index.php\/wp-json\/wp\/v2\/posts"}],"about":[{"href":"https:\/\/gazdasagportal.hu\/index.php\/wp-json\/wp\/v2\/types\/post"}],"author":[{"embeddable":true,"href":"https:\/\/gazdasagportal.hu\/index.php\/wp-json\/wp\/v2\/users\/1001005"}],"replies":[{"embeddable":true,"href":"https:\/\/gazdasagportal.hu\/index.php\/wp-json\/wp\/v2\/comments?post=134379"}],"version-history":[{"count":1,"href":"https:\/\/gazdasagportal.hu\/index.php\/wp-json\/wp\/v2\/posts\/134379\/revisions"}],"predecessor-version":[{"id":134380,"href":"https:\/\/gazdasagportal.hu\/index.php\/wp-json\/wp\/v2\/posts\/134379\/revisions\/134380"}],"wp:featuredmedia":[{"embeddable":true,"href":"https:\/\/gazdasagportal.hu\/index.php\/wp-json\/wp\/v2\/media\/21620"}],"wp:attachment":[{"href":"https:\/\/gazdasagportal.hu\/index.php\/wp-json\/wp\/v2\/media?parent=134379"}],"wp:term":[{"taxonomy":"category","embeddable":true,"href":"https:\/\/gazdasagportal.hu\/index.php\/wp-json\/wp\/v2\/categories?post=134379"},{"taxonomy":"post_tag","embeddable":true,"href":"https:\/\/gazdasagportal.hu\/index.php\/wp-json\/wp\/v2\/tags?post=134379"}],"curies":[{"name":"wp","href":"https:\/\/api.w.org\/{rel}","templated":true}]}}