{"id":134364,"date":"2021-04-08T15:55:34","date_gmt":"2021-04-08T13:55:34","guid":{"rendered":"http:\/\/gazdasagportal.hu\/?p=134364"},"modified":"2021-04-08T15:22:41","modified_gmt":"2021-04-08T13:22:41","slug":"az-elmult-heten-novekedett-az-elso-alkalommal-munkanelkuli-segelyert-folyamodok-szama-az-egyesult-allamokban","status":"publish","type":"post","link":"https:\/\/gazdasagportal.hu\/index.php\/az-elmult-heten-novekedett-az-elso-alkalommal-munkanelkuli-segelyert-folyamodok-szama-az-egyesult-allamokban\/","title":{"rendered":"Az elm\u00falt h\u00e9ten n\u00f6vekedett az els\u0151 alkalommal munkan\u00e9lk\u00fcli seg\u00e9ly\u00e9rt folyamod\u00f3k sz\u00e1ma az Egyes\u00fclt \u00c1llamokban"},"content":{"rendered":"<p><strong>Az elm\u00falt h\u00e9ten a v\u00e1rt cs\u00f6kken\u00e9s helyett n\u0151tt az el\u0151z\u0151 hetihez k\u00e9pest az els\u0151 alkalommal munkan\u00e9lk\u00fcli seg\u00e9ly\u00e9rt folyamod\u00f3k sz\u00e1ma az Egyes\u00fclt \u00c1llamokban a washingtoni munka\u00fcgyi miniszt\u00e9rium cs\u00fct\u00f6rt\u00f6ki jelent\u00e9se alapj\u00e1n.<\/strong><!--more--><\/p>\n<div class=\"ads-in-post1\"><div id=\"gazdasagportal.hu_fullbanner_wideboard\"><\/div>\r\n<\/div>\n<p>    Az elm\u00falt h\u00e9ten szezon\u00e1lis kiigaz\u00edt\u00e1ssal 744 ezren folyamodtak els\u0151 alkalommal munkan\u00e9lk\u00fcli seg\u00e9ly\u00e9rt az Egyes\u00fclt \u00c1llamokban, t\u00f6bben az el\u0151z\u0151 heti 728 ezern\u00e9l \u00e9s t\u00f6bben a v\u00e1rt 680 ezen\u00e9l.<br \/>\n    Az els\u0151 alkalommal beny\u00fajtott munkan\u00e9lk\u00fcli seg\u00e9lyk\u00e9relmek n\u00e9gy heti mozg\u00f3\u00e1tlaga az elm\u00falt h\u00e9ten 723 ezerre emelkedett az el\u0151z\u0151 heti 721 ezerr\u0151l.<br \/>\n    A seg\u00e9lyk\u00e9relmek sz\u00e1ma m\u00e1r sorban a hetedik hete tart\u00f3zkodik 800 ezer alatt \u00e9s a m\u00e1sodik hete emelkedik a 11. h\u00e9ten 658 ezern\u00e9l el\u00e9rt idei m\u00e9lyponthoz k\u00e9pest.<br \/>\n    A heti munkan\u00e9lk\u00fcli seg\u00e9lyk\u00e9relmek sz\u00e1ma a tavaly \u00e1prilis 2-i h\u00e9ten \u00e9rte el cs\u00facspontj\u00e1t 6,867 milli\u00f3n.<br \/>\n    A 800 ezer alatti heti seg\u00e9lyk\u00e9relmek sz\u00e1ma a munkaer\u0151piaci helyzet javul\u00e1s\u00e1t jelzi azzal egy\u00fctt, hogy az elm\u00falt h\u00e9ten publik\u00e1lt adatok szerint m\u00e1rciusban 916 ezerrel n\u0151tt a nem mez\u0151gazdas\u00e1gi \u00e1gazatokban foglalkoztatottak sz\u00e1ma, h\u00e9t h\u00f3napja a legnagyobb sz\u00e1mban. A febru\u00e1rban regisztr\u00e1lt \u00e1ll\u00e1shirdet\u00e9sek sz\u00e1ma pedig k\u00e9t \u00e9ve a legmagasabb szintet \u00e9rte el.<br \/>\n<div class=\"ads-in-post1\"><div id=\"gazdasagportal.hu_fullbanner_wideboard\"><\/div>\r\n<\/div>\n    Az ell\u00e1t\u00e1sban r\u00e9szes\u00fcl\u0151 munkan\u00e9lk\u00fcliek sz\u00e1ma a m\u00e1rcius 27-i h\u00e9ten az el\u0151z\u0151 hetihez k\u00e9pest 16 ezerrel 3,734 milli\u00f3ra cs\u00f6kkent, ami egy \u00e9ve, a 2020. m\u00e1rcius 21-i h\u00e9t \u00f3ta a legalacsonyabb sz\u00e1m.<br \/>\n    Az ell\u00e1t\u00e1sban r\u00e9szes\u00fcl\u0151 munkan\u00e9lk\u00fcliek sz\u00e1ma a tavaly m\u00e1jus 21-i h\u00e9ten \u00e9rte el cs\u00facspontj\u00e1t 24,912 milli\u00f3n.<br \/>\nhttps:\/\/www.dol.gov\/ui\/data.pdf<br \/>\n(MTI)<\/p>\n","protected":false},"excerpt":{"rendered":"<p>Az elm\u00falt h\u00e9ten a v\u00e1rt cs\u00f6kken\u00e9s helyett n\u0151tt az el\u0151z\u0151 hetihez k\u00e9pest az els\u0151 alkalommal munkan\u00e9lk\u00fcli seg\u00e9ly\u00e9rt folyamod\u00f3k sz\u00e1ma az Egyes\u00fclt \u00c1llamokban a washingtoni munka\u00fcgyi miniszt\u00e9rium cs\u00fct\u00f6rt\u00f6ki jelent\u00e9se alapj\u00e1n.<\/p>\n","protected":false},"author":1001006,"featured_media":0,"comment_status":"closed","ping_status":"open","sticky":false,"template":"","format":"standard","meta":[],"categories":[246],"tags":[],"_links":{"self":[{"href":"https:\/\/gazdasagportal.hu\/index.php\/wp-json\/wp\/v2\/posts\/134364"}],"collection":[{"href":"https:\/\/gazdasagportal.hu\/index.php\/wp-json\/wp\/v2\/posts"}],"about":[{"href":"https:\/\/gazdasagportal.hu\/index.php\/wp-json\/wp\/v2\/types\/post"}],"author":[{"embeddable":true,"href":"https:\/\/gazdasagportal.hu\/index.php\/wp-json\/wp\/v2\/users\/1001006"}],"replies":[{"embeddable":true,"href":"https:\/\/gazdasagportal.hu\/index.php\/wp-json\/wp\/v2\/comments?post=134364"}],"version-history":[{"count":1,"href":"https:\/\/gazdasagportal.hu\/index.php\/wp-json\/wp\/v2\/posts\/134364\/revisions"}],"predecessor-version":[{"id":134365,"href":"https:\/\/gazdasagportal.hu\/index.php\/wp-json\/wp\/v2\/posts\/134364\/revisions\/134365"}],"wp:attachment":[{"href":"https:\/\/gazdasagportal.hu\/index.php\/wp-json\/wp\/v2\/media?parent=134364"}],"wp:term":[{"taxonomy":"category","embeddable":true,"href":"https:\/\/gazdasagportal.hu\/index.php\/wp-json\/wp\/v2\/categories?post=134364"},{"taxonomy":"post_tag","embeddable":true,"href":"https:\/\/gazdasagportal.hu\/index.php\/wp-json\/wp\/v2\/tags?post=134364"}],"curies":[{"name":"wp","href":"https:\/\/api.w.org\/{rel}","templated":true}]}}