{"id":134354,"date":"2021-04-08T12:00:42","date_gmt":"2021-04-08T10:00:42","guid":{"rendered":"http:\/\/gazdasagportal.hu\/?p=134354"},"modified":"2021-04-08T12:00:42","modified_gmt":"2021-04-08T10:00:42","slug":"varga-mihaly-a-masodik-negyedevben-ketszamjegyu-novekedes-varhato","status":"publish","type":"post","link":"https:\/\/gazdasagportal.hu\/index.php\/varga-mihaly-a-masodik-negyedevben-ketszamjegyu-novekedes-varhato\/","title":{"rendered":"Varga Mih\u00e1ly: a m\u00e1sodik negyed\u00e9vben k\u00e9tsz\u00e1mjegy\u0171 n\u00f6veked\u00e9s v\u00e1rhat\u00f3"},"content":{"rendered":"<p><strong>A gazdas\u00e1g kil\u00e1bal\u00e1sa gyors \u00fctemben val\u00f3sulhat meg, a m\u00e1sodik negyed\u00e9vt\u0151l k\u00e9tsz\u00e1mjegy\u0171 n\u00f6veked\u00e9sre, az id\u00e9n \u00e9ves szinten 4 sz\u00e1zal\u00e9kos, j\u00f6v\u0151re pedig 5 sz\u00e1zal\u00e9kot meghalad\u00f3 b\u0151v\u00fcl\u00e9sre lehet sz\u00e1m\u00edtani &#8211; mondta Varga Mih\u00e1ly p\u00e9nz\u00fcgyminiszter a C\u00e9gvezet\u0151k Cs\u00facstal\u00e1lkoz\u00f3ja &#8211; 2021 konferenci\u00e1n cs\u00fct\u00f6rt\u00f6k\u00f6n.<\/strong><!--more--><\/p>\n<div class=\"ads-in-post1\"><div id=\"gazdasagportal.hu_fullbanner_wideboard\"><\/div>\r\n<\/div>\n<p>    A t\u00e1rcavezet\u0151 t\u00e1j\u00e9koztatta a c\u00e9gvezet\u0151ket arr\u00f3l, hogy a k\u00f6vetkez\u0151 \u00e9vi k\u00f6lts\u00e9gvet\u00e9st szok\u00e1s szerint &#8211; m\u00e1r hetedik alkalommal &#8211; az id\u00e9n is m\u00e1jus elej\u00e9n terjesztik a parlament el\u00e9. A 2022-es tervezetben cs\u00f6kken\u0151 hi\u00e1nyp\u00e1ly\u00e1val sz\u00e1molnak, illetve a v\u00e9dekez\u00e9s k\u00f6lts\u00e9gei mellett tov\u00e1bbra is biztos\u00edtj\u00e1k a gazdas\u00e1g \u00fajraind\u00edt\u00e1si alapot &#8211; ismertette, \u00e9s utalt egy \u00faj alap esetleges l\u00e9trehoz\u00e1s\u00e1ra, amelyn\u00e9l uni\u00f3s hozz\u00e1j\u00e1rul\u00e1sra lesz sz\u00fcks\u00e9g.<br \/>\n    A gazdas\u00e1g gyors vissza\u00e1ll\u00e1s\u00e1t a n\u00f6veked\u00e9si p\u00e1ly\u00e1ra a korm\u00e1ny az ad\u00f3t\u00f6rv\u00e9nyek m\u00f3dos\u00edt\u00e1s\u00e1val is seg\u00edteni k\u00edv\u00e1nja &#8211; h\u00fazta al\u00e1 Varga Mih\u00e1ly, aki arra is kit\u00e9rt, hogy a v\u00e1ltoztat\u00e1sok c\u00e9lja ez\u00fattal sem az, hogy min\u00e9l t\u00f6bb ad\u00f3t szedjenek be, hanem a min\u0151s\u00e9gi v\u00e1ltoz\u00e1s.<br \/>\n    K\u00f6z\u00f6lte, hogy m\u00f3dos\u00edtani fogj\u00e1k a cs\u0151d- \u00e9s felsz\u00e1mol\u00e1si elj\u00e1r\u00e1sok szab\u00e1lyait, ugyanis ezeknek a folyamatoknak az elh\u00faz\u00f3d\u00e1sa a piac sok szerepl\u0151j\u00e9nek h\u00e1tr\u00e1nyt okoz.<br \/>\n    Varga Mih\u00e1ly elmondta, hogy a j\u00e1rv\u00e1ny miatti v\u00e1ls\u00e1g \u00faj ir\u00e1nyokat is kijel\u00f6lt a korm\u00e1ny gazdas\u00e1gpolitik\u00e1ja sz\u00e1m\u00e1ra, az eg\u00e9szs\u00e9g\u00fcgyi eszk\u00f6z\u00f6k hi\u00e1nya r\u00e1vil\u00e1g\u00edtott a glob\u00e1lis ell\u00e1t\u00e1si l\u00e1nc s\u00e9r\u00fcl\u00e9kenys\u00e9g\u00e9re, \u00e9ppen ez\u00e9rt er\u0151s\u00edteni kell Magyarorsz\u00e1g \u00f6nell\u00e1t\u00e1s\u00e1t t\u00f6bb ter\u00fcleten is.<br \/>\n    A nagyv\u00e1llalati beruh\u00e1z\u00e1si t\u00e1mogat\u00e1son \u00e9s az \u00faj eg\u00e9szs\u00e9gipari t\u00e1mogat\u00e1son kereszt\u00fcl 220 milli\u00e1rd forint \u00e1llami hozz\u00e1j\u00e1rul\u00e1ssal t\u00f6bb mint 450 milli\u00e1rd forint \u00e9rt\u00e9k\u0171 fejleszt\u00e9s val\u00f3sult meg vagy indult el &#8211; t\u00e1j\u00e9koztatott.<br \/>\n<div class=\"ads-in-post1\"><div id=\"gazdasagportal.hu_fullbanner_wideboard\"><\/div>\r\n<\/div>\n    A t\u00e1rcavezet\u0151 \u00f6rvendetesnek nevezte, hogy a GDP-ar\u00e1nyos beruh\u00e1z\u00e1si r\u00e1ta Magyarorsz\u00e1gon tavaly a kr\u00edzis ellen\u00e9re igen magas, 28 sz\u00e1zal\u00e9k volt, amivel Magyarorsz\u00e1g a 3. legjobb helyre ker\u00fclt az Eur\u00f3pai Uni\u00f3ban. Azt is hozz\u00e1tette, hogy a tavalyi r\u00e1ford\u00edt\u00e1sok hat\u00e1sa hamarosan meg fog l\u00e1tszani a gazdas\u00e1gi adatokban.<br \/>\n    A korm\u00e1ny minden forr\u00e1st biztos\u00edtott, ami az eg\u00e9szs\u00e9g v\u00e9delm\u00e9hez sz\u00fcks\u00e9ges volt, ezen k\u00edv\u00fcl a p\u00e9nzek 80 sz\u00e1zal\u00e9k\u00e1t a gazdas\u00e1g \u00e1llapot\u00e1nak jav\u00edt\u00e1s\u00e1ra &#8211; munkahelyek megtart\u00e1s\u00e1ra, exportkapacit\u00e1s n\u00f6vel\u00e9s\u00e9re, \u00faj beruh\u00e1z\u00e1sok t\u00e1mogat\u00e1s\u00e1ra &#8211; k\u00f6lt\u00f6tte &#8211; \u00edgy fogalmazott a p\u00e9nz\u00fcgyminiszter.<br \/>\n    Varga Mih\u00e1ly eml\u00e9keztetett arra, hogy a k\u00f6lts\u00e9gvet\u00e9s fedezte a v\u00e9dekez\u00e9s k\u00f6lts\u00e9geit, az \u00e1llamad\u00f3ss\u00e1g uni\u00f3s \u00e1tlag alatt van, a hi\u00e1ny pedig uni\u00f3s szinten \u00e1ll, a hitelmin\u0151s\u00edt\u0151k pedig b\u00edznak az orsz\u00e1gban.<br \/>\n    A korm\u00e1ny megszor\u00edt\u00e1sok helyett munkahely-teremt\u00e9ssel, gazdas\u00e1gi fejleszt\u00e9sekkel \u00e9s a csal\u00e1dok t\u00e1mogat\u00e1s\u00e1val, ad\u00f3emel\u00e9sek helyett ad\u00f3cs\u00f6kkent\u00e9ssel kezeli a v\u00e1ls\u00e1got &#8211; \u00f6sszegezte Varga Mih\u00e1ly.<br \/>\n    A p\u00e9nz\u00fcgyminiszter arra is kit\u00e9rt, hogy az Eur\u00f3p\u00e1ban egyed\u00fcl\u00e1ll\u00f3 magyar hitelmorat\u00f3riummal 1,6 milli\u00f3 lakoss\u00e1gi \u00e9s f\u00e9lmilli\u00f3 v\u00e1llalati \u00fcgyf\u00e9l \u00e9lt; a teljes hitel\u00e1llom\u00e1ny 42 sz\u00e1zal\u00e9k\u00e1t \u00e9rintette az int\u00e9zked\u00e9s.(MTI)<\/p>\n","protected":false},"excerpt":{"rendered":"<p>A gazdas\u00e1g kil\u00e1bal\u00e1sa gyors \u00fctemben val\u00f3sulhat meg, a m\u00e1sodik negyed\u00e9vt\u0151l k\u00e9tsz\u00e1mjegy\u0171 n\u00f6veked\u00e9sre, az id\u00e9n \u00e9ves szinten 4 sz\u00e1zal\u00e9kos, j\u00f6v\u0151re pedig 5 sz\u00e1zal\u00e9kot meghalad\u00f3 b\u0151v\u00fcl\u00e9sre lehet sz\u00e1m\u00edtani &#8211; mondta Varga Mih\u00e1ly p\u00e9nz\u00fcgyminiszter a C\u00e9gvezet\u0151k Cs\u00facstal\u00e1lkoz\u00f3ja &#8211; 2021 konferenci\u00e1n cs\u00fct\u00f6rt\u00f6k\u00f6n.<\/p>\n","protected":false},"author":1001006,"featured_media":0,"comment_status":"closed","ping_status":"open","sticky":false,"template":"","format":"standard","meta":[],"categories":[19],"tags":[],"_links":{"self":[{"href":"https:\/\/gazdasagportal.hu\/index.php\/wp-json\/wp\/v2\/posts\/134354"}],"collection":[{"href":"https:\/\/gazdasagportal.hu\/index.php\/wp-json\/wp\/v2\/posts"}],"about":[{"href":"https:\/\/gazdasagportal.hu\/index.php\/wp-json\/wp\/v2\/types\/post"}],"author":[{"embeddable":true,"href":"https:\/\/gazdasagportal.hu\/index.php\/wp-json\/wp\/v2\/users\/1001006"}],"replies":[{"embeddable":true,"href":"https:\/\/gazdasagportal.hu\/index.php\/wp-json\/wp\/v2\/comments?post=134354"}],"version-history":[{"count":1,"href":"https:\/\/gazdasagportal.hu\/index.php\/wp-json\/wp\/v2\/posts\/134354\/revisions"}],"predecessor-version":[{"id":134355,"href":"https:\/\/gazdasagportal.hu\/index.php\/wp-json\/wp\/v2\/posts\/134354\/revisions\/134355"}],"wp:attachment":[{"href":"https:\/\/gazdasagportal.hu\/index.php\/wp-json\/wp\/v2\/media?parent=134354"}],"wp:term":[{"taxonomy":"category","embeddable":true,"href":"https:\/\/gazdasagportal.hu\/index.php\/wp-json\/wp\/v2\/categories?post=134354"},{"taxonomy":"post_tag","embeddable":true,"href":"https:\/\/gazdasagportal.hu\/index.php\/wp-json\/wp\/v2\/tags?post=134354"}],"curies":[{"name":"wp","href":"https:\/\/api.w.org\/{rel}","templated":true}]}}