{"id":13434,"date":"2013-08-08T20:46:30","date_gmt":"2013-08-08T18:46:30","guid":{"rendered":"http:\/\/stockportal.hu\/?p=13434"},"modified":"2013-08-08T20:46:36","modified_gmt":"2013-08-08T18:46:36","slug":"ferenc-papa-szigoritotta-a-vatikan-penzugyi-ellenorzeset","status":"publish","type":"post","link":"https:\/\/gazdasagportal.hu\/index.php\/ferenc-papa-szigoritotta-a-vatikan-penzugyi-ellenorzeset\/","title":{"rendered":"Ferenc p\u00e1pa szigor\u00edtotta a Vatik\u00e1n p\u00e9nz\u00fcgyi ellen\u0151rz\u00e9s\u00e9t"},"content":{"rendered":"<p><strong>A p\u00e9nzmos\u00e1s, a terrorizmus finansz\u00edroz\u00e1sa \u00e9s a t\u00f6megpuszt\u00edt\u00f3 fegyverek elterjed\u00e9se ellen \u00e9s ezek megel\u0151z\u00e9se \u00e9rdek\u00e9ben Ferenc p\u00e1pa cs\u00fct\u00f6rt\u00f6k\u00f6n saj\u00e1t kezdem\u00e9nyez\u00e9s\u00e9re (motu proprio) apostoli levelet adott ki, amellyel tov\u00e1bb szigor\u00edtotta az IOR vatik\u00e1ni bank \u00e9s a t\u00f6bbi szentsz\u00e9ki p\u00e9nz\u00fcgyi int\u00e9zm\u00e9ny feletti ellen\u0151rz\u00e9st.<!--more--><\/strong><\/p>\n<p>A Vatik\u00e1n honlapj\u00e1n olaszul megjelent n\u00e9gypontos p\u00e1pai dokumentum \u00fajabb el\u0151rel\u00e9p\u00e9st jelent a nemzetk\u00f6zi p\u00e9nz\u00fcgyi el\u0151\u00edr\u00e1sokhoz val\u00f3 csatlakoz\u00e1s ter\u00e9n &#8211; hangoztatta a szentsz\u00e9ki sajt\u00f3k\u00f6zpontnak az apostoli levelet k\u00eds\u00e9r\u0151 k\u00f6zlem\u00e9nye.<br \/>\nFerenc p\u00e1pa az el\u0151dje, XVI. Benedek \u00e1ltal 2010. december 30-\u00e1n a p\u00e9nzmos\u00e1s \u00e9s a terrorizmus finansz\u00edroz\u00e1sa ellen kiadott motu proprio rendelkez\u00e9s\u00e9hez csatlakozott \u00e9s tov\u00e1bb er\u0151s\u00edtette a vatik\u00e1ni P\u00e9nz\u00fcgyi Inform\u00e1ci\u00f3s Hat\u00f3s\u00e1g (AIF) hat\u00e1sk\u00f6r\u00e9t. Ez mostant\u00f3l m\u00e9g szigor\u00fabb ellen\u0151rz\u00e9st jelent az IOR vatik\u00e1ni bank \u00e9s az Apostoli Sz\u00e9k Vagyonkezel\u0151s\u00e9ge (Apsa) tev\u00e9kenys\u00e9ge felett. Ezzel egy id\u0151ben az ellen\u0151rz\u00e9st a Szentsz\u00e9k \u00e9s Vatik\u00e1nv\u00e1ros minden m\u00e1s p\u00e9nz\u00fcgyi-gazdas\u00e1gi tev\u00e9kenys\u00e9get v\u00e9gz\u0151 int\u00e9zm\u00e9ny\u00e9re is kiterjesztett\u00e9k.<br \/>\n\u00cdgy a Vatik\u00e1n teljes\u00edtette az Eur\u00f3pa Tan\u00e1cs P\u00e9nzmos\u00e1s Elleni Bizotts\u00e1ga \u00fatmutat\u00e1sait &#8211; hangs\u00falyozta a szentsz\u00e9ki k\u00f6zlem\u00e9ny.<br \/>\n\u00dajdons\u00e1got jelent, hogy a p\u00e9nz\u00fcgyi ellen\u0151rz\u00e9s az esetleges szab\u00e1lytalans\u00e1gok megel\u0151z\u00e9s\u00e9re is kiterjed. Ezenk\u00edv\u00fcl Ferenc p\u00e1pa egy \u00fagynevezett p\u00e9nz\u00fcgyi biztons\u00e1gi tan\u00e1csot is fel\u00e1ll\u00edtott Peter Brian Wells prel\u00e1tusnak, a szentsz\u00e9ki \u00e1llamtitk\u00e1rs\u00e1g \u00e1ltal\u00e1nos \u00fcgyeivel megb\u00edzott tan\u00e1csos\u00e1nak a vezet\u00e9s\u00e9vel. A n\u00e9gyhavonta \u00f6ssze\u00fcl\u0151 bizotts\u00e1g tagjai k\u00f6z\u00f6tt helyet kapott Antoine Camilleri vatik\u00e1ni k\u00fcl\u00fcgyminiszter-helyettes, Luis Angel Vallejo Balda, az Apsa titk\u00e1ra, Nicola Picardi vatik\u00e1ni \u00fcgy\u00e9sz \u00e9s Domenico Giano, a vatik\u00e1ni csend\u0151rs\u00e9g parancsnoka.<br \/>\nA m\u00e1rciusban megv\u00e1lasztott Ferenc p\u00e1pa j\u00fanius 26-\u00e1n bizotts\u00e1got \u00e1ll\u00edtott fel az IOR m\u0171k\u00f6d\u00e9s\u00e9nek \u00e1tvil\u00e1g\u00edt\u00e1s\u00e1ra. Ezt j\u00falius 19-\u00e9n egy vil\u00e1giakb\u00f3l \u00e1ll\u00f3 \u00fajabb bizotts\u00e1g kinevez\u00e9se k\u00f6vette a vatik\u00e1ni int\u00e9zm\u00e9nyek gazdas\u00e1gi m\u0171k\u00f6d\u00e9s\u00e9nek \u00e1tvizsg\u00e1l\u00e1s\u00e1ra. J\u00falius 31-\u00e9n az IOR honlapot nyitott a vatik\u00e1ni bank p\u00e9nz\u00fcgyi m\u00e9rlegeinek k\u00f6zl\u00e9s\u00e9re.(MTI)<\/p>\n","protected":false},"excerpt":{"rendered":"<p>A p\u00e9nzmos\u00e1s, a terrorizmus finansz\u00edroz\u00e1sa \u00e9s a t\u00f6megpuszt\u00edt\u00f3 fegyverek elterjed\u00e9se ellen \u00e9s ezek megel\u0151z\u00e9se \u00e9rdek\u00e9ben Ferenc p\u00e1pa cs\u00fct\u00f6rt\u00f6k\u00f6n saj\u00e1t kezdem\u00e9nyez\u00e9s\u00e9re (motu proprio) apostoli levelet adott ki, amellyel tov\u00e1bb szigor\u00edtotta az IOR vatik\u00e1ni bank \u00e9s a t\u00f6bbi szentsz\u00e9ki p\u00e9nz\u00fcgyi int\u00e9zm\u00e9ny feletti ellen\u0151rz\u00e9st.<\/p>\n","protected":false},"author":1,"featured_media":0,"comment_status":"open","ping_status":"closed","sticky":false,"template":"","format":"standard","meta":[],"categories":[12],"tags":[],"_links":{"self":[{"href":"https:\/\/gazdasagportal.hu\/index.php\/wp-json\/wp\/v2\/posts\/13434"}],"collection":[{"href":"https:\/\/gazdasagportal.hu\/index.php\/wp-json\/wp\/v2\/posts"}],"about":[{"href":"https:\/\/gazdasagportal.hu\/index.php\/wp-json\/wp\/v2\/types\/post"}],"author":[{"embeddable":true,"href":"https:\/\/gazdasagportal.hu\/index.php\/wp-json\/wp\/v2\/users\/1"}],"replies":[{"embeddable":true,"href":"https:\/\/gazdasagportal.hu\/index.php\/wp-json\/wp\/v2\/comments?post=13434"}],"version-history":[{"count":3,"href":"https:\/\/gazdasagportal.hu\/index.php\/wp-json\/wp\/v2\/posts\/13434\/revisions"}],"predecessor-version":[{"id":13452,"href":"https:\/\/gazdasagportal.hu\/index.php\/wp-json\/wp\/v2\/posts\/13434\/revisions\/13452"}],"wp:attachment":[{"href":"https:\/\/gazdasagportal.hu\/index.php\/wp-json\/wp\/v2\/media?parent=13434"}],"wp:term":[{"taxonomy":"category","embeddable":true,"href":"https:\/\/gazdasagportal.hu\/index.php\/wp-json\/wp\/v2\/categories?post=13434"},{"taxonomy":"post_tag","embeddable":true,"href":"https:\/\/gazdasagportal.hu\/index.php\/wp-json\/wp\/v2\/tags?post=13434"}],"curies":[{"name":"wp","href":"https:\/\/api.w.org\/{rel}","templated":true}]}}