{"id":134328,"date":"2021-04-07T12:03:11","date_gmt":"2021-04-07T10:03:11","guid":{"rendered":"http:\/\/gazdasagportal.hu\/?p=134328"},"modified":"2021-04-07T12:03:11","modified_gmt":"2021-04-07T10:03:11","slug":"a-kopint-tarki-iden-45-szazalekos-gdp-novekedest-var","status":"publish","type":"post","link":"https:\/\/gazdasagportal.hu\/index.php\/a-kopint-tarki-iden-45-szazalekos-gdp-novekedest-var\/","title":{"rendered":"A Kopint-T\u00e1rki id\u00e9n 4,5 sz\u00e1zal\u00e9kos GDP-n\u00f6veked\u00e9st v\u00e1r"},"content":{"rendered":"<p><strong>Kor\u00e1bbi progn\u00f3zis\u00e1n\u00e1l gyorsabb n\u00f6veked\u00e9sre sz\u00e1m\u00edt id\u00e9n a Kopint-T\u00e1rki: a kutat\u00f3int\u00e9zet a j\u00e1rv\u00e1ny\u00fcgyi korl\u00e1toz\u00e1sok old\u00e1s\u00e1b\u00f3l ad\u00f3d\u00f3 m\u00e1sodik f\u00e9l\u00e9vi \u00e9l\u00e9nk\u00fcl\u00e9snek k\u00f6sz\u00f6nhet\u0151en a brutt\u00f3 hazai term\u00e9k (GDP) \u00e9l\u00e9nk, 4,5 sz\u00e1zal\u00e9kos emelked\u00e9s\u00e9vel sz\u00e1mol szerd\u00e1n kiadott legfrissebb konjunkt\u00farajelent\u00e9s\u00e9ben, szemben a decemberben el\u0151rejelzett 3,5 sz\u00e1zal\u00e9kkal.<\/strong><!--more--><\/p>\n<div class=\"ads-in-post1\"><div id=\"gazdasagportal.hu_fullbanner_wideboard\"><\/div>\r\n<\/div>\n<p>    Pal\u00f3cz \u00c9va, az int\u00e9zet vez\u00e9rigazgat\u00f3ja online sajt\u00f3t\u00e1j\u00e9koztat\u00f3n ismertette: a 2021-es n\u00f6veked\u00e9st r\u00e9szben b\u00e1zishat\u00e1s eredm\u00e9nyezi, a m\u00e1sodik negyed\u00e9vben 10 sz\u00e1zal\u00e9k k\u00f6r\u00fcli visszapattan\u00e1s j\u00f6het. A tavaly a m\u00e1sodik negyed\u00e9vi visszaes\u00e9s 13,6 sz\u00e1zal\u00e9kos volt \u00e9ves \u00f6sszehasonl\u00edt\u00e1sban. Hozz\u00e1tette, hogy a GDP cs\u00f6kken\u00e9s\u00e9nek \u00fcteme az \u00e9v h\u00e1tral\u00e9v\u0151 r\u00e9sz\u00e9ben nem fokoz\u00f3dott tavaly, az \u00e9ves cs\u00f6kken\u00e9s a negyedik negyed\u00e9vre 3,5 sz\u00e1zal\u00e9kra m\u00e9rs\u00e9kl\u0151d\u00f6tt az \u00e1llami \u00e9s h\u00e1ztart\u00e1si beruh\u00e1z\u00e1sok megl\u00f3dul\u00e1sa nyom\u00e1n \u00e9s a nagyon kedvez\u0151 \u00e1ruk\u00fclkereskedelmi m\u00e9rlegnek k\u00f6sz\u00f6nhet\u0151en. 2022-ben az ideivel azonos, 4,5 sz\u00e1zal\u00e9kos GDP-n\u00f6veked\u00e9st v\u00e1rnak. Az idei progn\u00f3zist arra \u00e9p\u00edtik, hogy nem lesz \u00fajabb jelent\u0151s, a tavaly tavaszihoz hasonl\u00f3 lez\u00e1r\u00e1s.<br \/>\n    A tavalyi 3,3 sz\u00e1zal\u00e9kos fogyaszt\u00f3i \u00e1rindex ut\u00e1n id\u00e9n enn\u00e9l magasabb, 3,7 sz\u00e1zal\u00e9kos infl\u00e1ci\u00f3t v\u00e1r a Kopint-T\u00e1rki, 2022-ben 3,5 sz\u00e1zal\u00e9kost. Pal\u00f3cz \u00c9va hangs\u00falyozta, el\u0151rejelz\u00e9s\u00fck szerint a magyar infl\u00e1ci\u00f3 nem fog elszabadulni. A tavalyi infl\u00e1ci\u00f3t az \u00e9lelmiszerek \u00e1r\u00e1nak emelked\u00e9se okozta, id\u00e9n a piaci szolg\u00e1ltat\u00e1sok \u00e1r\u00e1nak viszonylag magas szintje okoz bizonytalans\u00e1got, ugyanakkor az emelked\u0151 ad\u00f3tartalom miatt az \u00e9lvezeti cikkek vehetik \u00e1t az \u00e1remelked\u00e9s motorj\u00e1t &#8211; fejtette ki.<br \/>\n<div class=\"ads-in-post2\"><script async src=\"https:\/\/pagead2.googlesyndication.com\/pagead\/js\/adsbygoogle.js\"><\/script>\r\n<ins class=\"adsbygoogle\"\r\n     style=\"display:block\"\r\n     data-ad-format=\"fluid\"\r\n     data-ad-layout-key=\"-6t+ed+2i-1n-4w\"\r\n     data-ad-client=\"ca-pub-1959107119989764\"\r\n     data-ad-slot=\"4008251320\"><\/ins>\r\n<script>\r\n     (adsbygoogle = window.adsbygoogle || []).push({});\r\n<\/script><\/div>\n    Az ipart a j\u00e1rv\u00e1ny \u0151szi felfut\u00e1sa csak enyh\u00e9n \u00e9rintette, \u00edgy a brutt\u00f3 termel\u00e9s a harmadik negyed\u00e9vi szel\u00edd cs\u00f6kken\u00e9s ut\u00e1n a negyedik negyed\u00e9vben csaknem 3 sz\u00e1zal\u00e9kkal b\u0151v\u00fclt, az id\u00e9n pedig jelent\u0151s, 7,5 sz\u00e1zal\u00e9kos b\u0151v\u00fcl\u00e9st v\u00e1rnak &#8211; ismertette. Kit\u00e9rt arra, hogy az \u00e9p\u00edt\u0151ipar a 2020. harmadik negyed\u00e9vi dr\u00e1mai visszaes\u00e9s a negyedik negyed\u00e9vben er\u0151teljesen m\u00e9rs\u00e9kl\u0151d\u00f6tt, majd id\u00e9n janu\u00e1rban k\u00e9tsz\u00e1mjegy\u0171 n\u00f6veked\u00e9sbe fordult. Az id\u00e9n m\u00e1r a lak\u00e1s\u00e9p\u00edt\u00e9st \u00e9s -fel\u00faj\u00edt\u00e1st t\u00e1mogat\u00f3 int\u00e9zked\u00e9sek hat\u00e1sa is l\u00e1that\u00f3 lesz, \u00edgy az \u00e1gazat kibocs\u00e1t\u00e1sa 10 sz\u00e1zal\u00e9k k\u00f6r\u00fcli, esetleg magasabb \u00fctemben n\u0151het. 2021-ben a beruh\u00e1z\u00e1sok \u00e9l\u00e9nk, 8 sz\u00e1zal\u00e9kos n\u00f6veked\u00e9s\u00e9re sz\u00e1m\u00edt az int\u00e9zet, amely azt\u00e1n j\u00f6v\u0151re k\u00e9tsz\u00e1mjegy\u0171v\u00e9 v\u00e1lhat.<br \/>\n    Az \u00e9v tov\u00e1bbi r\u00e9sz\u00e9ben a nomin\u00e1lis keresetek lassul\u00e1sra sz\u00e1m\u00edtanak, de az \u00e9ves \u00fctem \u00edgy is meghaladhatja a 7 sz\u00e1zal\u00e9kot. Az \u00e9ves \u00e1tlagos munkan\u00e9lk\u00fclis\u00e9gi r\u00e1ta aligha lesz a tavalyi 4,1 sz\u00e1zal\u00e9k\u00e1l sokkal alacsonyabb.<br \/>\n    Kit\u00e9rt arra: a koronav\u00edrus-j\u00e1rv\u00e1ny k\u00f6vetkezm\u00e9nyei megakasztott\u00e1k az \u00e1llamad\u00f3ss\u00e1g 2010-2011 \u00f3ta visszaes\u0151 trendj\u00e9t. A maastrichti szeml\u00e9let\u0171 brutt\u00f3 \u00e1llamad\u00f3ss\u00e1g 2020 v\u00e9g\u00e9n az el\u0151z\u0151 \u00e9vin\u00e9l 15 sz\u00e1zal\u00e9kponttal magasabb, a GDP 80,4 sz\u00e1zal\u00e9ka volt, 2021 v\u00e9g\u00e9n pedig 81 sz\u00e1zal\u00e9k k\u00f6r\u00fcl prognosztiz\u00e1lhat\u00f3. A k\u00f6lts\u00e9gvet\u00e9si hi\u00e1ny a GDP 6,5 sz\u00e1zal\u00e9ka lehet id\u00e9n, 2022-ben 5,0 sz\u00e1zal\u00e9k.<br \/>\n<div class=\"ads-in-post1\"><div id=\"gazdasagportal.hu_fullbanner_wideboard\"><\/div>\r\n<\/div>\n    Nagy Katalin, a Kopint Konjunkt\u00farakutat\u00e1si Alap\u00edtv\u00e1ny \u00fcgyvezet\u0151 igazgat\u00f3ja elmondta: az eur\u00f3z\u00f3na a tavalyi 6,6 sz\u00e1zal\u00e9kos visszaes\u00e9s ut\u00e1n az id\u00e9n 4-5 sz\u00e1zal\u00e9kkal b\u0151v\u00fclhet, amiben a fisk\u00e1lis \u00f6szt\u00f6nz\u0151knek m\u00e9g mindig nagy szerep\u00fck van. A k\u00f6z\u00e9p-kelet-eur\u00f3pai orsz\u00e1gok eset\u00e9ben 4 sz\u00e1zal\u00e9k k\u00f6r\u00fcli n\u00f6veked\u00e9st v\u00e1rnak id\u00e9nre. \u00d3vatosan optimist\u00e1k, mert nagyok a kock\u00e1zatok &#8211; mondta, \u00e9s ide sorolta az olt\u00e1sok  \u00fctem\u00e9t, annak hat\u00e1s\u00e1t a nemzetk\u00f6zi turizmusra. 2021 &#8222;csiki-csuki&#8221; lesz m\u00e9g, sokan lefel\u00e9 korrig\u00e1lj\u00e1k az el\u0151rejelz\u00e9seket. Azt sem lehet tudni, hogy a j\u00f6vedelemt\u00e1mogat\u00e1sok hogyan \u00e9rintik a fogyaszt\u00e1st, valamint hosszabb t\u00e1von az \u00e1llamh\u00e1ztart\u00e1sok elad\u00f3sod\u00e1sa is kock\u00e1zat.<br \/>\n    Ismertet\u00e9se szerint a glob\u00e1lis GDP 5-6 sz\u00e1zal\u00e9kkal n\u0151het id\u00e9n, kiss\u00e9 \u00e9l\u00e9nk\u00fcl\u0151 infl\u00e1ci\u00f3 mellett. Tavaly a glob\u00e1lis kibocs\u00e1t\u00e1s mintegy 3,4 sz\u00e1zal\u00e9kkal cs\u00f6kkent, ami a m\u00e1sodik vil\u00e1gh\u00e1bor\u00fa \u00f3ta a legnagyobb visszaes\u00e9st jelenti. Ezzel egy\u00fctt a visszaes\u00e9s nem volt olyan m\u00e9rt\u00e9k\u0171, mint ahogyan azt kor\u00e1bban v\u00e1rt\u00e1k.(MTI)<\/p>\n","protected":false},"excerpt":{"rendered":"<p>Kor\u00e1bbi progn\u00f3zis\u00e1n\u00e1l gyorsabb n\u00f6veked\u00e9sre sz\u00e1m\u00edt id\u00e9n a Kopint-T\u00e1rki: a kutat\u00f3int\u00e9zet a j\u00e1rv\u00e1ny\u00fcgyi korl\u00e1toz\u00e1sok old\u00e1s\u00e1b\u00f3l ad\u00f3d\u00f3 m\u00e1sodik f\u00e9l\u00e9vi \u00e9l\u00e9nk\u00fcl\u00e9snek k\u00f6sz\u00f6nhet\u0151en a brutt\u00f3 hazai term\u00e9k (GDP) \u00e9l\u00e9nk, 4,5 sz\u00e1zal\u00e9kos emelked\u00e9s\u00e9vel sz\u00e1mol szerd\u00e1n kiadott legfrissebb konjunkt\u00farajelent\u00e9s\u00e9ben, szemben a decemberben el\u0151rejelzett 3,5 sz\u00e1zal\u00e9kkal.<\/p>\n","protected":false},"author":1001006,"featured_media":0,"comment_status":"closed","ping_status":"open","sticky":false,"template":"","format":"standard","meta":[],"categories":[19],"tags":[],"_links":{"self":[{"href":"https:\/\/gazdasagportal.hu\/index.php\/wp-json\/wp\/v2\/posts\/134328"}],"collection":[{"href":"https:\/\/gazdasagportal.hu\/index.php\/wp-json\/wp\/v2\/posts"}],"about":[{"href":"https:\/\/gazdasagportal.hu\/index.php\/wp-json\/wp\/v2\/types\/post"}],"author":[{"embeddable":true,"href":"https:\/\/gazdasagportal.hu\/index.php\/wp-json\/wp\/v2\/users\/1001006"}],"replies":[{"embeddable":true,"href":"https:\/\/gazdasagportal.hu\/index.php\/wp-json\/wp\/v2\/comments?post=134328"}],"version-history":[{"count":1,"href":"https:\/\/gazdasagportal.hu\/index.php\/wp-json\/wp\/v2\/posts\/134328\/revisions"}],"predecessor-version":[{"id":134329,"href":"https:\/\/gazdasagportal.hu\/index.php\/wp-json\/wp\/v2\/posts\/134328\/revisions\/134329"}],"wp:attachment":[{"href":"https:\/\/gazdasagportal.hu\/index.php\/wp-json\/wp\/v2\/media?parent=134328"}],"wp:term":[{"taxonomy":"category","embeddable":true,"href":"https:\/\/gazdasagportal.hu\/index.php\/wp-json\/wp\/v2\/categories?post=134328"},{"taxonomy":"post_tag","embeddable":true,"href":"https:\/\/gazdasagportal.hu\/index.php\/wp-json\/wp\/v2\/tags?post=134328"}],"curies":[{"name":"wp","href":"https:\/\/api.w.org\/{rel}","templated":true}]}}