{"id":134326,"date":"2021-04-07T10:51:02","date_gmt":"2021-04-07T08:51:02","guid":{"rendered":"http:\/\/gazdasagportal.hu\/?p=134326"},"modified":"2021-04-07T10:51:02","modified_gmt":"2021-04-07T08:51:02","slug":"hosszabb-nyitvatartassal-es-szamos-intezkedessel-segiti-az-aldi-a-biztonsagos-bevasarlast","status":"publish","type":"post","link":"https:\/\/gazdasagportal.hu\/index.php\/hosszabb-nyitvatartassal-es-szamos-intezkedessel-segiti-az-aldi-a-biztonsagos-bevasarlast\/","title":{"rendered":"Hosszabb nyitvatart\u00e1ssal \u00e9s sz\u00e1mos int\u00e9zked\u00e9ssel seg\u00edti az ALDI a biztons\u00e1gos bev\u00e1s\u00e1rl\u00e1st"},"content":{"rendered":"<p><strong><\/strong><\/p>\n<p style=\"font-weight: 400;\"><strong>Az ALDI Magyarorsz\u00e1g t\u00f6bbek k\u00f6z\u00f6tt az \u00fczletek bej\u00e1rat\u00e1n\u00e1l kihelyezett k\u00e9zfert\u0151tlen\u00edt\u0151kkel, gyakori fert\u0151tlen\u00edt\u00e9ssel \u00e9s sz\u00e9les k\u00f6r\u0171 t\u00e1j\u00e9koztat\u00e1ssal vigy\u00e1z v\u00e1s\u00e1rl\u00f3i eg\u00e9szs\u00e9g\u00e9re. Az \u00e1ruh\u00e1zl\u00e1nc a bev\u00e1s\u00e1rl\u00f3kocsik \u00e9s -kosarak sz\u00e1m\u00e1nak korl\u00e1toz\u00e1s\u00e1val, valamint munkat\u00e1rsai seg\u00edts\u00e9g\u00e9vel gondoskodik arr\u00f3l, hogy mindig legfeljebb annyi v\u00e1s\u00e1rl\u00f3 tart\u00f3zkodjon \u00fczleteiben, amennyit a hat\u00e1lyos jogszab\u00e1ly lehet\u0151v\u00e9 tesz. Az \u00fczletl\u00e1nc hosszabb nyitvatart\u00e1sra t\u00e9r majd \u00e1t, ami hozz\u00e1j\u00e1rul a v\u00e1s\u00e1rl\u00f3sz\u00e1m egyenletesebb eloszl\u00e1s\u00e1hoz.<\/strong><\/p>\n<p><!--more--><\/p>\n<div class=\"ads-in-post1\"><div id=\"gazdasagportal.hu_fullbanner_wideboard\"><\/div>\r\n<\/div>\n<p style=\"font-weight: 400;\">\n<p style=\"font-weight: 400;\">Az ALDI\u00a0Magyarorsz\u00e1g \u00c9lelmiszer Bt. a\u00a0pand\u00e9mi\u00e1s\u00a0id\u0151szakban kiemelt figyelmet ford\u00edt v\u00e1s\u00e1rl\u00f3i \u00e9s munkat\u00e1rsai eg\u00e9szs\u00e9g\u00e9nek v\u00e9delm\u00e9re, egy\u00fattal term\u00e9szetesen ezen a ter\u00fcleten is mindenben eleget tesz a jogszab\u00e1lyi el\u0151\u00edr\u00e1soknak. Az \u00e1ruh\u00e1zl\u00e1nc a koronav\u00edrus 2020-as els\u0151 hull\u00e1ma sor\u00e1n az orsz\u00e1gos \u00e9lelmiszer-l\u00e1ncok k\u00f6z\u00fcl\u00a0els\u0151k\u00e9nt szerelt fel\u00a0plexi v\u00e9d\u0151falat kassz\u00e1in\u00e1l, t\u00e1j\u00e9koztat\u00f3 t\u00e1bl\u00e1kat \u00e9s padl\u00f3matric\u00e1kat helyezett ki a v\u00e1s\u00e1rl\u00f3k k\u00f6z\u00f6tti biztons\u00e1gos t\u00e1vols\u00e1gtart\u00e1s megk\u00f6nny\u00edt\u00e9se \u00e9rdek\u00e9ben, k\u00e9zfert\u0151tlen\u00edt\u0151ket helyezett el \u00fczletei bej\u00e1ratain\u00e1l, a l\u00e1tv\u00e1nyp\u00e9ks\u00e9gekn\u00e9l pedig f\u00e9m fog\u00f3eszk\u00f6zzel \u00e9s kihelyezett keszty\u0171kkel seg\u00edtette el\u0151 a term\u00e9kek higi\u00e9nikusabb v\u00e1s\u00e1rl\u00e1s\u00e1t.<\/p>\n<p style=\"font-weight: 400;\">Ezeket az int\u00e9zked\u00e9seket a v\u00e1llalat tov\u00e1bbra is fenntartja: minden \u00e1ruh\u00e1z bej\u00e1rat\u00e1n\u00e1l tov\u00e1bbra is rendelkez\u00e9sre \u00e1llnak a k\u00e9zfert\u0151tlen\u00edt\u0151k \u00e9s pap\u00edrt\u00f6rl\u0151k, A v\u00e1s\u00e1rl\u00f3k kiz\u00e1r\u00f3lag az orrot \u00e9s a sz\u00e1jat is eltakar\u00f3 maszkban l\u00e9phetnek az \u00fczletbe, a maszk haszn\u00e1lat\u00e1t az \u00e1ruh\u00e1zi dolgoz\u00f3k ellen\u0151rzik. Az \u00e1ruh\u00e1zl\u00e1nc tov\u00e1bbra is arra k\u00e9ri v\u00e1s\u00e1rl\u00f3it, hogy lehet\u0151leg egyed\u00fcl \u00e9rkezzenek, \u00e9s k\u00e9szp\u00e9nz helyett bankk\u00e1rty\u00e1val fizessenek.<\/p>\n<p style=\"font-weight: 400;\">A 2021. \u00e1prilis 7-t\u0151l \u00e9rv\u00e9nyes hat\u00e1rozat szerint, az \u00fczletekben az ott foglalkoztatottakon k\u00edv\u00fcl 10 m2-enk\u00e9nt egy v\u00e1s\u00e1rl\u00f3 tart\u00f3zkodhat, amibe nem sz\u00e1m\u00edt bele a kiskor\u00fa gyermek, illetve a 65 \u00e9v feletti \u00e9s a fogyat\u00e9kkal \u00e9l\u0151 szem\u00e9ly seg\u00edt\u0151je. Az ALDI \u00fczletek jellemz\u0151en 900 \u00e9s 1100 n\u00e9gyzetm\u00e9ter k\u00f6z\u00f6tti elad\u00f3t\u00e9rrel rendelkeznek, vagyis egyszerre 90-110 vev\u0151 tart\u00f3zkodhat az adott \u00e1ruh\u00e1z ter\u00fclet\u00e9n. Egyes \u00fczletek m\u00e9rete a standard m\u00e9rett\u0151l elt\u00e9rhet, ami term\u00e9szetesen befoly\u00e1solja a benn tart\u00f3zkodhat\u00f3 v\u00e1s\u00e1rl\u00f3k sz\u00e1m\u00e1t. A v\u00e1llalat ez\u00e9rt a v\u00e1s\u00e1rl\u00f3kat a bej\u00e1ratn\u00e1l elhelyezett plak\u00e1tokon t\u00e1j\u00e9koztatja az adott \u00fczletre vonatkoz\u00f3 maxim\u00e1lis v\u00e1s\u00e1rl\u00f3sz\u00e1mr\u00f3l. A l\u00e9tsz\u00e1mot a v\u00e1llalat az \u00fczletek bej\u00e1ratn\u00e1l kihelyezett bev\u00e1s\u00e1rl\u00f3kocsik, illetve kosarak sz\u00e1m\u00e1nak korl\u00e1toz\u00e1s\u00e1val fogja ir\u00e1ny\u00edtani: ha a v\u00e1s\u00e1rl\u00f3k az \u00fczlet el\u0151tt nem tal\u00e1lnak bev\u00e1s\u00e1rl\u00f3kocsit, illetve az el\u0151t\u00e9rben kosarat, akkor az adott \u00e1ruh\u00e1z el\u00e9rte a jogszab\u00e1lyban meghat\u00e1rozott maxim\u00e1lis v\u00e1s\u00e1rl\u00f3i l\u00e9tsz\u00e1mot. A beenged\u00e9st az \u00fczlet dolgoz\u00f3i, illetve a vagyon\u0151r\u00f6k fogj\u00e1k ir\u00e1ny\u00edtani.<\/p><div id=\"gazda-3355952332\" class=\"gazda-tartalomban gazda-entity-placement\"><script async src=\"https:\/\/pagead2.googlesyndication.com\/pagead\/js\/adsbygoogle.js\"><\/script>\r\n<ins class=\"adsbygoogle\"\r\n     style=\"display:block\"\r\n     data-ad-format=\"fluid\"\r\n     data-ad-layout-key=\"-6t+ed+2i-1n-4w\"\r\n     data-ad-client=\"ca-pub-1959107119989764\"\r\n     data-ad-slot=\"4008251320\"><\/ins>\r\n<script>\r\n     (adsbygoogle = window.adsbygoogle || []).push({});\r\n<\/script><\/div>\n<div class=\"ads-in-post1\"><div id=\"gazdasagportal.hu_fullbanner_wideboard\"><\/div>\r\n<\/div>\n<p style=\"font-weight: 400;\">Az ALDI egy\u00fattal 2021. \u00e1prilis 7-t\u0151l meghosszabb\u00edtja magyarorsz\u00e1gi \u00fczleteinek nyitvatart\u00e1s\u00e1t: ezent\u00fal a legt\u00f6bb ALDI \u00e1ruh\u00e1z h\u00e9tk\u00f6znap \u00e9s szombaton reggel 7:00-t\u0151l este 21:00 \u00f3r\u00e1ig, m\u00edg n\u00e9h\u00e1ny \u00fczlet reggel 6:30-t\u00f3l este 21:00-ig tart nyitva, vas\u00e1rnap pedig minden \u00fczlet egys\u00e9gesen reggel 7:00 \u00e9s este 19.00 \u00f3ra k\u00f6z\u00f6tt v\u00e1rja a v\u00e1s\u00e1rl\u00f3kat.<\/p>\n<p style=\"font-weight: 400;\">\u201eAz ALDI eddig is sz\u00e1mos int\u00e9zked\u00e9st vezetett be v\u00e1s\u00e1rl\u00f3i \u00e9s munkat\u00e1rsai eg\u00e9szs\u00e9gmeg\u0151rz\u00e9s\u00e9nek \u00e9rdek\u00e9ben. Tov\u00e1bbra is kiemelt figyelmet ford\u00edtunk a higi\u00e9niai folyamatok betart\u00e1s\u00e1ra. A meghosszabb\u00edtott nyitvatart\u00e1s tervezhet\u0151bb\u00e9 teszi a bev\u00e1s\u00e1rl\u00e1st, illetve a v\u00e1s\u00e1rl\u00f3i l\u00e9tsz\u00e1m egyenletesebb eloszl\u00e1s\u00e1t, egy\u00fattal hozz\u00e1j\u00e1rul majd a munkat\u00e1rsak leterhelts\u00e9g\u00e9nek cs\u00f6kkent\u00e9s\u00e9hez\u201d \u2013 mondta Bernhard Haider, az ALDI Magyarorsz\u00e1g \u00c9lelmiszer Bt. orsz\u00e1gos \u00fcgyvezet\u0151 igazgat\u00f3ja.<\/p>\n<p style=\"font-weight: 400;\">A v\u00e1llalat sz\u00e1mos platformon, \u00edgy a sajt\u00f3ban, \u00e1ruh\u00e1zai bej\u00e1rat\u00e1n\u00e1l, honlapj\u00e1n \u00e9s a k\u00f6z\u00f6ss\u00e9gi m\u00e9dia csatorn\u00e1kon t\u00e1j\u00e9koztatja a v\u00e1s\u00e1rl\u00f3kat az \u00faj szab\u00e1lyokr\u00f3l \u00e9s a megv\u00e1ltozott nyitvatart\u00e1sr\u00f3l.<\/p>\n<p style=\"font-weight: 400;\">\n<p style=\"font-weight: 400;\"><strong>Az ALDI-r\u00f3l<\/strong><\/p>\n<p style=\"font-weight: 400;\">Az ALDI a diszkont filoz\u00f3fia megalkot\u00f3jak\u00e9nt kiv\u00e1l\u00f3 min\u0151s\u00e9g\u0171 \u00e9lelmiszereket \u00e9s non-food term\u00e9keket biztos\u00edt v\u00e1s\u00e1rl\u00f3i sz\u00e1m\u00e1ra a lehet\u0151 legkedvez\u0151bb \u00e1ron. Az ALDI Magyarorsz\u00e1g \u00c9lelmiszer Bt. 2008-ban nyitotta meg h\u00e1l\u00f3zat\u00e1nak els\u0151 \u00e1ruh\u00e1z\u00e1t Magyarorsz\u00e1gon, jelenleg orsz\u00e1gszerte 147 \u00fczlettel van jelen a magyar kiskereskedelemben \u00e9s t\u00f6bb mint 4200 f\u0151t foglalkoztat. A v\u00e1llalat ALDI UTAZ\u00c1S m\u00e1rkan\u00e9v alatt egy\u00e9ni \u00e9s csoportos utaz\u00e1sok, sz\u00e1ll\u00e1sok sz\u00e9les k\u00f6r\u00e9t k\u00edn\u00e1lja online platformon, tov\u00e1bb\u00e1 \u00f6t \u00fczlet\u00e9nek parkol\u00f3j\u00e1ban diszkont benzinkutakat \u00fczemeltet. Az ALDI mind a biatorb\u00e1gyi logisztikai k\u00f6zpontj\u00e1nak, mind pedig boltjainak teljes \u00e1ramszolg\u00e1ltat\u00e1s\u00e1t z\u00f6ld\u00e1rammal biztos\u00edtja, tov\u00e1bb\u00e1 kl\u00edmav\u00e9delmi projektek t\u00e1mogat\u00e1s\u00e1val ellent\u00e9telezi az operat\u00edv m\u0171k\u00f6d\u00e9s\u00e9b\u0151l sz\u00e1rmaz\u00f3 \u00fcvegh\u00e1zhat\u00e1s\u00fa-g\u00e1zkibocs\u00e1t\u00e1s\u00e1t, \u00edgy karbonsemleges m\u0171k\u00f6d\u00e9s\u0171. A v\u00e1llalatr\u00f3l b\u0151vebb inform\u00e1ci\u00f3 a\u00a0www.aldi.hu\u00a0honlapon tal\u00e1lhat\u00f3.<\/p>\n","protected":false},"excerpt":{"rendered":"<p>Az ALDI Magyarorsz\u00e1g t\u00f6bbek k\u00f6z\u00f6tt az \u00fczletek bej\u00e1rat\u00e1n\u00e1l kihelyezett k\u00e9zfert\u0151tlen\u00edt\u0151kkel, gyakori fert\u0151tlen\u00edt\u00e9ssel \u00e9s sz\u00e9les k\u00f6r\u0171 t\u00e1j\u00e9koztat\u00e1ssal vigy\u00e1z v\u00e1s\u00e1rl\u00f3i eg\u00e9szs\u00e9g\u00e9re. Az \u00e1ruh\u00e1zl\u00e1nc a bev\u00e1s\u00e1rl\u00f3kocsik \u00e9s -kosarak sz\u00e1m\u00e1nak korl\u00e1toz\u00e1s\u00e1val, valamint munkat\u00e1rsai seg\u00edts\u00e9g\u00e9vel gondoskodik arr\u00f3l, hogy mindig legfeljebb annyi v\u00e1s\u00e1rl\u00f3 tart\u00f3zkodjon \u00fczleteiben, amennyit a hat\u00e1lyos jogszab\u00e1ly lehet\u0151v\u00e9 tesz. Az \u00fczletl\u00e1nc hosszabb nyitvatart\u00e1sra t\u00e9r majd \u00e1t, ami hozz\u00e1j\u00e1rul a &#8230;<\/p>\n","protected":false},"author":1001006,"featured_media":0,"comment_status":"closed","ping_status":"open","sticky":false,"template":"","format":"standard","meta":[],"categories":[19,427],"tags":[],"_links":{"self":[{"href":"https:\/\/gazdasagportal.hu\/index.php\/wp-json\/wp\/v2\/posts\/134326"}],"collection":[{"href":"https:\/\/gazdasagportal.hu\/index.php\/wp-json\/wp\/v2\/posts"}],"about":[{"href":"https:\/\/gazdasagportal.hu\/index.php\/wp-json\/wp\/v2\/types\/post"}],"author":[{"embeddable":true,"href":"https:\/\/gazdasagportal.hu\/index.php\/wp-json\/wp\/v2\/users\/1001006"}],"replies":[{"embeddable":true,"href":"https:\/\/gazdasagportal.hu\/index.php\/wp-json\/wp\/v2\/comments?post=134326"}],"version-history":[{"count":1,"href":"https:\/\/gazdasagportal.hu\/index.php\/wp-json\/wp\/v2\/posts\/134326\/revisions"}],"predecessor-version":[{"id":134327,"href":"https:\/\/gazdasagportal.hu\/index.php\/wp-json\/wp\/v2\/posts\/134326\/revisions\/134327"}],"wp:attachment":[{"href":"https:\/\/gazdasagportal.hu\/index.php\/wp-json\/wp\/v2\/media?parent=134326"}],"wp:term":[{"taxonomy":"category","embeddable":true,"href":"https:\/\/gazdasagportal.hu\/index.php\/wp-json\/wp\/v2\/categories?post=134326"},{"taxonomy":"post_tag","embeddable":true,"href":"https:\/\/gazdasagportal.hu\/index.php\/wp-json\/wp\/v2\/tags?post=134326"}],"curies":[{"name":"wp","href":"https:\/\/api.w.org\/{rel}","templated":true}]}}