{"id":134310,"date":"2021-04-06T15:06:01","date_gmt":"2021-04-06T13:06:01","guid":{"rendered":"http:\/\/gazdasagportal.hu\/?p=134310"},"modified":"2021-04-06T15:06:01","modified_gmt":"2021-04-06T13:06:01","slug":"javitott-idei-vilaggazdasagi-novekedesi-elorejelzesen-az-imf","status":"publish","type":"post","link":"https:\/\/gazdasagportal.hu\/index.php\/javitott-idei-vilaggazdasagi-novekedesi-elorejelzesen-az-imf\/","title":{"rendered":"Jav\u00edtott idei vil\u00e1ggazdas\u00e1gi n\u00f6veked\u00e9si el\u0151rejelz\u00e9s\u00e9n az IMF"},"content":{"rendered":"<p><strong>Az IMF \u00e1ltal eddig v\u00e1rtn\u00e1l is nagyobb lend\u00fcletet vesz id\u00e9n a vil\u00e1ggazdas\u00e1g, r\u00e9szben a gazdas\u00e1g\u00f6szt\u00f6nz\u0151 k\u00f6lts\u00e9gvet\u00e9si \u00e9s jegybanki monet\u00e1ris int\u00e9zked\u00e9seknek, illetve a t\u00f6meges olt\u00e1sok megkezd\u00e9s\u00e9nek a hat\u00e1s\u00e1ra.<\/strong><!--more--><\/p>\n<div class=\"ads-in-post1\"><div id=\"gazdasagportal.hu_fullbanner_wideboard\"><\/div>\r\n<\/div>\n<p>    A Nemzetk\u00f6zi Valutaalap (IMF) kedden kiadott, Vil\u00e1ggazdas\u00e1gi kil\u00e1t\u00e1sok, 2021 \u00e1prilis (World Economic Outlook, WEO april 2021) c\u00edm\u0171 tanulm\u00e1ny\u00e1nak janu\u00e1ri adatokat aktualiz\u00e1l\u00f3 \u00e1prilisi el\u0151rejelz\u00e9se szerint id\u00e9n a glob\u00e1lis gazdas\u00e1g 6 sz\u00e1zal\u00e9kkal n\u0151het a janu\u00e1rban v\u00e1rt 5,5 sz\u00e1zal\u00e9kkal szemben, a j\u00f6v\u0151 \u00e9vi GDP-n\u00f6veked\u00e9si adatot a jelent\u00e9s \u00f6ssze\u00e1ll\u00edt\u00f3i 4,2 sz\u00e1zal\u00e9kr\u00f3l 4,4 sz\u00e1zal\u00e9kra jav\u00edtott\u00e1k.<br \/>\n    Tavaly 3,3 sz\u00e1zal\u00e9kkal zsugorodott a glob\u00e1lis gazdas\u00e1g.<br \/>\n    A dokumentum ugyanakkor arra figyelmeztetett, hogy a kil\u00e1t\u00e1sokat nagyban befoly\u00e1solhatja, hogy milyen sikeresen n\u0151 a beoltotts\u00e1g a vil\u00e1gon. Krisztalina Georgieva, az IMF vez\u00e9rigazgat\u00f3ja a minap azt mondta, hogy sz\u00e9lesedik a r\u00e9s a lakoss\u00e1g\u00e1t gyorsan beoltani k\u00e9pes gazdag orsz\u00e1gok \u00e9s a sz\u00fcks\u00e9ges forr\u00e1sok sz\u0171k\u00e9ben l\u00e9v\u0151 szeg\u00e9nyebb orsz\u00e1gok k\u00f6z\u00f6tt.<br \/>\n    Janu\u00e1ri becsl\u00e9s\u00e9hez k\u00e9pest 0,8 sz\u00e1zal\u00e9kponttal, 4,3 sz\u00e1zal\u00e9kr\u00f3l 5,1 sz\u00e1zal\u00e9kra jav\u00edtotta a fejlett orsz\u00e1gok idei \u00e9vi \u00e9s 0,5 sz\u00e1zal\u00e9kponttal, 3,1 sz\u00e1zal\u00e9kr\u00f3l 3,6 sz\u00e1zal\u00e9kra a j\u00f6v\u0151 \u00e9vi n\u00f6veked\u00e9s\u00e9re vonatkoz\u00f3 v\u00e1rakoz\u00e1s\u00e1t a valutaalap. Az orsz\u00e1gcsoport hazai \u00f6sszterm\u00e9ke (GDP) 4,7 sz\u00e1zal\u00e9kkal cs\u00f6kkent tavaly.<br \/>\n    Az eur\u00f3\u00f6vezetben a tavalyi 6,6 sz\u00e1zal\u00e9kos GDP-cs\u00f6kken\u00e9s ut\u00e1n id\u00e9n 4,4 sz\u00e1zal\u00e9kos n\u00f6veked\u00e9st v\u00e1r az IMF, 0,2 sz\u00e1zal\u00e9kponttal magasabbat a janu\u00e1ri progn\u00f3zisban jelzettn\u00e9l, 2022-ben pedig 3,8 sz\u00e1zal\u00e9kos n\u00f6veked\u00e9st, szint\u00e9n 0,2 sz\u00e1zal\u00e9kponttal magasabbat.<br \/>\n<div class=\"ads-in-post1\"><div id=\"gazdasagportal.hu_fullbanner_wideboard\"><\/div>\r\n<\/div>\n    Az idei n\u00e9metorsz\u00e1gi n\u00f6veked\u00e9si progn\u00f3zis\u00e1t 0,1 sz\u00e1zal\u00e9kponttal jav\u00edtotta az IMF 3,6 sz\u00e1zal\u00e9k n\u00f6veked\u00e9sre, a j\u00f6v\u0151 \u00e9vit pedig 3,4 sz\u00e1zal\u00e9kra a janu\u00e1rban becs\u00fclt 3,1 sz\u00e1zal\u00e9kr\u00f3l. A n\u00e9met GDP tavaly 4,9 sz\u00e1zal\u00e9kkal cs\u00f6kkent.<br \/>\n    R\u00e9szben az amerikai kongresszus \u00e1ltal m\u00e1rcius elej\u00e9n j\u00f3v\u00e1hagyott \u00fajabb, ez\u00fattal 1900 milli\u00e1rd doll\u00e1ros gazdas\u00e1g\u00f6szt\u00f6nz\u0151 csomag hat\u00e1s\u00e1ra az IMF j\u00f3csk\u00e1n jav\u00edtott az Egyes\u00fclt \u00c1llamok idei \u00e9s j\u00f6v\u0151 \u00e9vi GDP-n\u00f6veked\u00e9si kil\u00e1t\u00e1s\u00e1n. Az ideit a janu\u00e1ri 5,1 sz\u00e1zal\u00e9kr\u00f3l 6,4 sz\u00e1zal\u00e9kra, a j\u00f6v\u0151 \u00e9vit pedig 2,5 sz\u00e1zal\u00e9kr\u00f3l 3,5 sz\u00e1zal\u00e9kra v\u00e1ltoztatt\u00e1k. Tavaly 3,5 sz\u00e1zal\u00e9kkal cs\u00f6kkent az amerikai GDP.<br \/>\n    A fejl\u0151d\u0151 orsz\u00e1gokban 6,7 sz\u00e1zal\u00e9kos n\u00f6veked\u00e9st v\u00e1r az id\u00e9n az IMF \u00e9s 5,0 sz\u00e1zal\u00e9kos n\u00f6veked\u00e9st j\u00f6v\u0151re. Az idei progn\u00f3zist 0,4 sz\u00e1zal\u00e9kponttal megemelte, a j\u00f6v\u0151 \u00e9vin viszont nem v\u00e1ltoztatott. Az orsz\u00e1gcsoport GDP-je 2,2 sz\u00e1zal\u00e9kkal cs\u00f6kkent tavaly.<br \/>\n    K\u00edna idei n\u00f6veked\u00e9si el\u0151rejelz\u00e9s\u00e9t 0,3 sz\u00e1zal\u00e9kponttal 8,4 sz\u00e1zal\u00e9kra jav\u00edtotta az IMF, a j\u00f6v\u0151 \u00e9vi becsl\u00e9s\u00e9n viszont nem v\u00e1ltoztatott, tov\u00e1bbra is 5,6 sz\u00e1zal\u00e9kos b\u0151v\u00fcl\u00e9st v\u00e1r. K\u00edna gazdas\u00e1g\u00e1nak teljes\u00edtm\u00e9nye 2,3 sz\u00e1zal\u00e9kkal n\u0151tt tavaly.<br \/>\n<div class=\"ads-in-post2\"><script async src=\"https:\/\/pagead2.googlesyndication.com\/pagead\/js\/adsbygoogle.js\"><\/script>\r\n<ins class=\"adsbygoogle\"\r\n     style=\"display:block\"\r\n     data-ad-format=\"fluid\"\r\n     data-ad-layout-key=\"-6t+ed+2i-1n-4w\"\r\n     data-ad-client=\"ca-pub-1959107119989764\"\r\n     data-ad-slot=\"4008251320\"><\/ins>\r\n<script>\r\n     (adsbygoogle = window.adsbygoogle || []).push({});\r\n<\/script><\/div>\n    India gazdas\u00e1ga az id\u00e9n 12,5 sz\u00e1zal\u00e9kkal n\u00f6vekedhet, 1 sz\u00e1zal\u00e9kponttal gyorsabb \u00fctemben a janu\u00e1ri progn\u00f3zisn\u00e1l, j\u00f6v\u0151re pedig 6,9 sz\u00e1zal\u00e9kkal, 0,1 sz\u00e1zal\u00e9kponttal nagyobb \u00fctemben. India hazai \u00f6sszterm\u00e9ke 8,0 sz\u00e1zal\u00e9kkal cs\u00f6kkent tavaly.<br \/>\n    A vil\u00e1gkereskedelmi forgalom tavaly 8,5 sz\u00e1zal\u00e9kkal cs\u00f6kkent, az id\u00e9n az IMF progn\u00f3zisa szerint 8,4 sz\u00e1zal\u00e9kkal, j\u00f6v\u0151re 6,5 sz\u00e1zal\u00e9kkal n\u0151. Az idei forgalom 0,3 sz\u00e1zal\u00e9kpontos, a j\u00f6v\u0151 \u00e9vi pedig 0,2 sz\u00e1zal\u00e9kpontos n\u00f6vel\u00e9s a janu\u00e1ri becsl\u00e9shez k\u00e9pest.<br \/>\n    A Brent, a Dubai Fateh, \u00e9s az amerikai WTI nyersolajak \u00e1r\u00e1nak \u00e1tlaga 41,29 doll\u00e1r volt tavaly. Az id\u00e9n 58,52 doll\u00e1r, j\u00f6v\u0151re pedig 54,83 doll\u00e1r lesz. A tavalyi olaj\u00e1r 32,7 sz\u00e1zal\u00e9kkal volt alacsonyabb az el\u0151z\u0151 \u00e9vin\u00e9l. Az id\u00e9n 41,7 sz\u00e1zal\u00e9kkal emelkedik az olaj\u00e1r, ami a janu\u00e1rban becs\u00fclth\u00f6z k\u00e9pest 20,5 sz\u00e1zal\u00e9kponttal magasabb n\u00f6veked\u00e9s. J\u00f6v\u0151re 6,3 sz\u00e1zal\u00e9kkal lesz alacsonyabb az olaj\u00e1r, ami 3,9 sz\u00e1zal\u00e9kpontos lefel\u00e9 m\u00f3dos\u00edt\u00e1s a janu\u00e1rban jelzetthez k\u00e9pest.<br \/>\n    Az IMF a fejlett orsz\u00e1gokban 1,6 sz\u00e1zal\u00e9kos infl\u00e1ci\u00f3t v\u00e1r az id\u00e9n \u00e9s 1,7 sz\u00e1zal\u00e9kosat j\u00f6v\u0151re. Az idei infl\u00e1ci\u00f3s el\u0151rejelz\u00e9s\u00e9t 0,3 sz\u00e1zal\u00e9kponttal, a j\u00f6v\u0151 \u00e9vit 0,2 sz\u00e1zal\u00e9kponttal m\u00f3dos\u00edtotta felfel\u00e9.<br \/>\n<div class=\"ads-in-post1\"><div id=\"gazdasagportal.hu_fullbanner_wideboard\"><\/div>\r\n<\/div>\n    A fejl\u0151d\u0151 orsz\u00e1gokban az id\u00e9n 4,9 sz\u00e1zal\u00e9kos, j\u00f6v\u0151re pedig 4,4 sz\u00e1zal\u00e9kos infl\u00e1ci\u00f3ra sz\u00e1m\u00edt az IMF, az id\u00e9n 0,7 sz\u00e1zal\u00e9kponttal, j\u00f6v\u0151re 0,2 sz\u00e1zal\u00e9kponttal magasabbra a janu\u00e1rban jelzettn\u00e9l.<br \/>\n    Tavaly a fejlett orsz\u00e1gokban 0,7 sz\u00e1zal\u00e9kkal, a fejl\u0151d\u0151 orsz\u00e1gokban 5,1 sz\u00e1zal\u00e9kkal emelkedtek a fogyaszt\u00f3i \u00e1rak.(MTI)<\/p>\n","protected":false},"excerpt":{"rendered":"<p>Az IMF \u00e1ltal eddig v\u00e1rtn\u00e1l is nagyobb lend\u00fcletet vesz id\u00e9n a vil\u00e1ggazdas\u00e1g, r\u00e9szben a gazdas\u00e1g\u00f6szt\u00f6nz\u0151 k\u00f6lts\u00e9gvet\u00e9si \u00e9s jegybanki monet\u00e1ris int\u00e9zked\u00e9seknek, illetve a t\u00f6meges olt\u00e1sok megkezd\u00e9s\u00e9nek a hat\u00e1s\u00e1ra.<\/p>\n","protected":false},"author":1001006,"featured_media":0,"comment_status":"closed","ping_status":"open","sticky":false,"template":"","format":"standard","meta":[],"categories":[246],"tags":[],"_links":{"self":[{"href":"https:\/\/gazdasagportal.hu\/index.php\/wp-json\/wp\/v2\/posts\/134310"}],"collection":[{"href":"https:\/\/gazdasagportal.hu\/index.php\/wp-json\/wp\/v2\/posts"}],"about":[{"href":"https:\/\/gazdasagportal.hu\/index.php\/wp-json\/wp\/v2\/types\/post"}],"author":[{"embeddable":true,"href":"https:\/\/gazdasagportal.hu\/index.php\/wp-json\/wp\/v2\/users\/1001006"}],"replies":[{"embeddable":true,"href":"https:\/\/gazdasagportal.hu\/index.php\/wp-json\/wp\/v2\/comments?post=134310"}],"version-history":[{"count":1,"href":"https:\/\/gazdasagportal.hu\/index.php\/wp-json\/wp\/v2\/posts\/134310\/revisions"}],"predecessor-version":[{"id":134311,"href":"https:\/\/gazdasagportal.hu\/index.php\/wp-json\/wp\/v2\/posts\/134310\/revisions\/134311"}],"wp:attachment":[{"href":"https:\/\/gazdasagportal.hu\/index.php\/wp-json\/wp\/v2\/media?parent=134310"}],"wp:term":[{"taxonomy":"category","embeddable":true,"href":"https:\/\/gazdasagportal.hu\/index.php\/wp-json\/wp\/v2\/categories?post=134310"},{"taxonomy":"post_tag","embeddable":true,"href":"https:\/\/gazdasagportal.hu\/index.php\/wp-json\/wp\/v2\/tags?post=134310"}],"curies":[{"name":"wp","href":"https:\/\/api.w.org\/{rel}","templated":true}]}}