{"id":134255,"date":"2021-04-01T17:13:07","date_gmt":"2021-04-01T15:13:07","guid":{"rendered":"http:\/\/gazdasagportal.hu\/?p=134255"},"modified":"2021-04-01T17:13:07","modified_gmt":"2021-04-01T15:13:07","slug":"a-koronavirus-jarvany-ellenere-is-rendkivul-kiegyensulyozott-maradt-az-uzletkotesi-kedv-a-kozep-kelet-europai-regioban","status":"publish","type":"post","link":"https:\/\/gazdasagportal.hu\/index.php\/a-koronavirus-jarvany-ellenere-is-rendkivul-kiegyensulyozott-maradt-az-uzletkotesi-kedv-a-kozep-kelet-europai-regioban\/","title":{"rendered":"A koronav\u00edrus-j\u00e1rv\u00e1ny ellen\u00e9re is rendk\u00edv\u00fcl kiegyens\u00falyozott maradt az \u00fczletk\u00f6t\u00e9si kedv a k\u00f6z\u00e9p-kelet-eur\u00f3pai r\u00e9gi\u00f3ban"},"content":{"rendered":"<p><strong>A Mazars \u00e9s a Mergermarket k\u00f6z\u00f6s idei jelent\u00e9se alapj\u00e1n csak \u00e1tmeneti zavart okozott a k\u00f6z\u00e9p-kelet-eur\u00f3pai (CEE) orsz\u00e1gok \u00f6sszeolvad\u00e1si \u00e9s felv\u00e1s\u00e1rl\u00e1si (M&amp;A) piac\u00e1n a koronav\u00edrus-j\u00e1rv\u00e1ny, miut\u00e1n az \u00fczletk\u00f6t\u00e9si kedv az \u00e9v m\u00e1sodik fel\u00e9ben ism\u00e9t fellend\u00fclt. A \u201eCEE L\u00e1tk\u00e9p: K\u00fclf\u00f6ldi befektet\u00e9sek\u201d c\u00edm\u0171 jelent\u00e9s 2020\/2021-es kiad\u00e1sa \u00e1tfog\u00f3 k\u00e9pet ad az elm\u00falt \u00e9vben megval\u00f3sult region\u00e1lis v\u00e1llalati \u00f6sszeolvad\u00e1sokr\u00f3l \u00e9s felv\u00e1s\u00e1rl\u00e1sokr\u00f3l, valamint betekint\u00e9st ny\u00fajt a k\u00f6vetkez\u0151 h\u00f3napok kih\u00edv\u00e1saiba \u00e9s lehet\u0151s\u00e9geibe. A tanulm\u00e1ny szerint a magyar keresked\u00e9si piac megtartotta az egy \u00e9vvel kor\u00e1bbi lend\u00fclet\u00e9t, az \u00f6sszes\u00edtett \u00fcgylet\u00e9rt\u00e9k csaknem a nyolcszoros\u00e1ra n\u0151tt.<\/strong><!--more--><\/p>\n<div class=\"ads-in-post1\"><div id=\"gazdasagportal.hu_fullbanner_wideboard\"><\/div>\r\n<\/div>\n<p>2019-hez k\u00e9pest tavaly 11 sz\u00e1zal\u00e9kkal, \u00f6sszesen 42,3 milli\u00e1rd eur\u00f3ra n\u0151tt az \u00fcgyletek \u00f6ssz\u00e9rt\u00e9ke a CEE-r\u00e9gi\u00f3ban m\u00e9g \u00fagy is, hogy k\u00f6zben a tranzakci\u00f3k darabsz\u00e1ma (648) 16 sz\u00e1zal\u00e9kos cs\u00f6kken\u00e9st mutatott. Az \u00fcgylet\u00e9rt\u00e9kek n\u00f6veked\u00e9si m\u00e9rt\u00e9ke a vil\u00e1gj\u00e1rv\u00e1ny ellen\u00e9re is jelzi a r\u00e9gi\u00f3 tart\u00f3s vonzerej\u00e9t a mega\u00fczletek ir\u00e1nt \u00e9rdekl\u0151d\u0151 befektet\u0151k k\u00f6r\u00e9ben. Ha figyelmen k\u00edv\u00fcl hagyjuk Oroszorsz\u00e1got, a r\u00e9gi\u00f3 legnagyobb gazdas\u00e1g\u00e1t, akkor 2020-ban az \u00e9ves \u00fcgylet\u00e9rt\u00e9kek 28 sz\u00e1zal\u00e9kkal n\u00f6vekedtek.<\/p>\n<p>A nemzetk\u00f6zi befektet\u0151k sz\u00e1m\u00e1ra tov\u00e1bbra is vonz\u00f3 a r\u00e9gi\u00f3: a kor\u00e1bbi \u00e9vekkel \u00f6sszhangban a teljes \u00fcgylet\u00e9rt\u00e9k 49 sz\u00e1zal\u00e9k\u00e1t tett\u00e9k ki, \u00f6sszesen 23,9 milli\u00e1rd eur\u00f3 befektet\u00e9s\u00e9vel. Fabrice Demarigny, a Mazars p\u00e9nz\u00fcgyi tan\u00e1csad\u00e1s\u00e9rt felel\u0151s nemzetk\u00f6zi vezet\u0151je kiemeli, hogy<em> \u201eglob\u00e1lis szinten a CEE-orsz\u00e1gok meg\u00edt\u00e9l\u00e9se stabil. A r\u00e9gi\u00f3ba tov\u00e1bbra is er\u0151s \u00e9s egyenletes a befektet\u00e9sek be\u00e1raml\u00e1sa a vil\u00e1g minden pontj\u00e1r\u00f3l.\u201d<\/em><\/p><div id=\"gazda-2673893467\" class=\"gazda-tartalomban gazda-entity-placement\"><script async src=\"https:\/\/pagead2.googlesyndication.com\/pagead\/js\/adsbygoogle.js\"><\/script>\r\n<ins class=\"adsbygoogle\"\r\n     style=\"display:block\"\r\n     data-ad-format=\"fluid\"\r\n     data-ad-layout-key=\"-6t+ed+2i-1n-4w\"\r\n     data-ad-client=\"ca-pub-1959107119989764\"\r\n     data-ad-slot=\"4008251320\"><\/ins>\r\n<script>\r\n     (adsbygoogle = window.adsbygoogle || []).push({});\r\n<\/script><\/div>\n<p>A magyar keresked\u00e9si piac 2020-ban is megtartotta egy \u00e9vvel kor\u00e1bbi lend\u00fclet\u00e9t \u00f6sszesen 31 \u00fczletk\u00f6t\u00e9ssel, amely hasonl\u00f3 a 2019-es mennyis\u00e9ghez. Ugyanakkor az \u00f6sszes\u00edtett \u00fcgylet\u00e9rt\u00e9k csaknem a nyolcszoros\u00e1ra n\u0151tt: a tavalyel\u0151tti 378 milli\u00f3 eur\u00f3val szemben 2020-ban el\u00e9rte a 3 milli\u00e1rd eur\u00f3t. A magyar \u00e9rdekelts\u00e9g\u0171 tranzakci\u00f3k k\u00f6z\u00fcl kiemelkedett a h\u00e1rom \u00e1llami tulajdon\u00fa hitelez\u0151, a Budapest Bank, az MKB Bank \u00e9s a Takar\u00e9kbank f\u00fazi\u00f3s meg\u00e1llapod\u00e1sa, mely az eg\u00e9sz CEE-r\u00e9gi\u00f3t tekintve a negyedik legnagyobb nyilv\u00e1noss\u00e1gra hozott \u00fcgylet lett az el\u0151z\u0151 \u00e9vben.<\/p>\n<div class=\"ads-in-post1\"><div id=\"gazdasagportal.hu_fullbanner_wideboard\"><\/div>\r\n<\/div>\nBenedek Zolt\u00e1n, a Mazars partnere kiemelte: a belf\u00f6ldi M&amp;A szektor meglehet\u0151sen akt\u00edvnak sz\u00e1m\u00edt. A k\u00fcl\u00f6n\u00f6sen \u00e9l\u00e9nk \u00e1gazatok k\u00f6z\u00e9 tartozik Magyarorsz\u00e1gon az informatika, az eg\u00e9szs\u00e9g\u00fcgy \u00e9s a meg\u00fajul\u00f3 energiaforr\u00e1sok. Benedek Zolt\u00e1n arra sz\u00e1m\u00edt, hogy a k\u00f6vetkez\u0151 id\u0151szakban t\u00f6bb befektet\u00e9si, besz\u00e1ll\u00e1si lehet\u0151s\u00e9g bukkan fel a piacon, olyan bajba jutott \u00e1gazatokban, mint a kiskereskedelem \u00e9s az idegenforgalom, de a logisztika is az \u00e9rdekl\u0151d\u00e9s k\u00f6z\u00e9ppontj\u00e1ba ker\u00fclhet.<\/p>\n<p>A mag\u00e1nt\u0151ke (private equity) tov\u00e1bbra is rendk\u00edv\u00fcl akt\u00edv volt 2020-ban: a nyilv\u00e1noss\u00e1gra hozott kiv\u00e1s\u00e1rl\u00e1sok 40 sz\u00e1zal\u00e9kos \u00e9ves emelked\u00e9ssel 3,9 milli\u00e1rd eur\u00f3ra n\u0151ttek. A private equity-k az \u00e9rt\u00e9kes\u00edt\u00e9sben is j\u00f3l teljes\u00edtettek: 2019-hez k\u00e9pest ezek a tranzakci\u00f3k 11 sz\u00e1zal\u00e9kos n\u00f6veked\u00e9ssel el\u00e9rt\u00e9k a 8,1 milli\u00e1rd eur\u00f3s \u00e9rt\u00e9ket.<\/p>\n<p><em>&#8222;A Covid-19 val\u00f3j\u00e1ban t\u00f6bb lehet\u0151s\u00e9get teremt a mag\u00e1nt\u0151ke \u00e9s a p\u00e9nz\u00fcgyi befektet\u0151k sz\u00e1m\u00e1ra, mert \u00e1ltal\u00e1ban elegend\u0151 likvidit\u00e1ssal \u00e9s HR-er\u0151forr\u00e1ssal rendelkeznek az akviz\u00edci\u00f3k v\u00e9grehajt\u00e1s\u00e1hoz&#8221;<\/em> &#8211; k\u00f6z\u00f6lte Luk\u00e1\u0161 Hrubo\u0148, a Mazars Csehorsz\u00e1g tranzakci\u00f3s tan\u00e1csad\u00e1si vezet\u0151je.<\/p>\n<p>A koronav\u00edrus elleni vakcin\u00e1k elterjed\u00e9se 2021 m\u00e1sodik fel\u00e9re rem\u00e9lhet\u0151leg stabilabb \u00fczletk\u00f6t\u00e9si k\u00f6rnyezetet eredm\u00e9nyez majd. Azonban a j\u00e1rv\u00e1ny \u00faj hull\u00e1mai, a nemzetk\u00f6zi vit\u00e1k \u00e9s a v\u00e1ratlan gazdas\u00e1gi sokkok kock\u00e1zata mindig fenn\u00e1ll.<\/p>\n<div class=\"ads-in-post2\"><script async src=\"https:\/\/pagead2.googlesyndication.com\/pagead\/js\/adsbygoogle.js\"><\/script>\r\n<ins class=\"adsbygoogle\"\r\n     style=\"display:block\"\r\n     data-ad-format=\"fluid\"\r\n     data-ad-layout-key=\"-6t+ed+2i-1n-4w\"\r\n     data-ad-client=\"ca-pub-1959107119989764\"\r\n     data-ad-slot=\"4008251320\"><\/ins>\r\n<script>\r\n     (adsbygoogle = window.adsbygoogle || []).push({});\r\n<\/script><\/div>\nMindazon\u00e1ltal Michel Kiviatkowski, a Mazars p\u00e9nz\u00fcgyi tan\u00e1csad\u00e1sok\u00e9rt felel\u0151s k\u00f6z\u00e9p-kelet-eur\u00f3pai vezet\u0151je pozit\u00edv \u00e9vre sz\u00e1m\u00edt a t\u00e9rs\u00e9g eset\u00e9ben, mely \u201e<em>remek\u00fcl \u00e1tv\u00e9szelte 2020-at, \u00e9s mivel versenyel\u0151nyei egyre ink\u00e1bb el\u0151t\u00e9rbe ker\u00fclnek, ez\u00e9rt a CEE-r\u00e9gi\u00f3 j\u00f3 helyzetben van, hogy az M&amp;A egyik glob\u00e1lis k\u00f6zpontja legyen.\u201d<\/em><\/p>\n<p>A tanulm\u00e1ny tov\u00e1bbi fontos meg\u00e1llap\u00edt\u00e1sai:<\/p>\n<p>&#8211;\u00a0\u00a0\u00a0\u00a0\u00a0\u00a0\u00a0\u00a0\u00a0 Tov\u00e1bbra is n\u00e9gy orsz\u00e1g uralja a piacot.\u00a0 Az \u00fcgylet\u00e9rt\u00e9k szempontj\u00e1b\u00f3l az els\u0151 n\u00e9gy orsz\u00e1g ugyanaz maradt, mint 2019-ben: Oroszorsz\u00e1g, Lengyelorsz\u00e1g, Csehorsz\u00e1g \u00e9s Ausztria. Az \u00e9v t\u00edz legjelent\u0151sebb tranzakci\u00f3ja k\u00f6z\u00fcl n\u00e9gy is a r\u00e9gi\u00f3 legnagyobb piac\u00e1n, Oroszorsz\u00e1gban j\u00f6tt l\u00e9tre. Mindek\u00f6zben az elm\u00falt \u00e9v legnagyobb \u00fczlet\u00e9t Ausztri\u00e1ban, a legtehet\u0151sebb CEE-orsz\u00e1gban k\u00f6t\u00f6tt\u00e9k. A meg\u00e1llapod\u00e1s eredm\u00e9nyek\u00e9nt az osztr\u00e1k olajipari v\u00e1llalat, az OMV 36 sz\u00e1zal\u00e9kr\u00f3l 75 sz\u00e1zal\u00e9kra n\u00f6velte a r\u00e9szesed\u00e9s\u00e9t a Borealis petrolk\u00e9miai v\u00e1llalatban 5,712 milli\u00e1rd eur\u00f3\u00e9rt.<\/p>\n<p>&#8211;\u00a0\u00a0\u00a0\u00a0\u00a0\u00a0\u00a0\u00a0\u00a0 A technol\u00f3giai szektor vir\u00e1gzik a vil\u00e1gj\u00e1rv\u00e1ny k\u00f6zepette. A k\u00f6z\u00e9p-kelet-eur\u00f3pai r\u00e9gi\u00f3ban l\u00e9trej\u00f6tt meg\u00e1llapod\u00e1sok t\u00falnyom\u00f3 t\u00f6bbs\u00e9g\u00e9t ebben az ipar\u00e1gban k\u00f6t\u00f6tt\u00e9k: az 57 tranzakci\u00f3 \u00e9rt\u00e9ke el\u00e9rte a 2,5 milli\u00e1rd eur\u00f3t, ami nagys\u00e1grendben 12 sz\u00e1zal\u00e9kos, \u00e9rt\u00e9kben pedig 34 sz\u00e1zal\u00e9kos \u00e9ves n\u00f6veked\u00e9st jelent. A bej\u00f6v\u0151 \u00fcgyletek \u00e9rt\u00e9k\u00e9t tekintve az energia \u00e9s a k\u00f6z\u00fczemi szolg\u00e1ltat\u00e1sok tov\u00e1bbra is \u0151rzik vezet\u0151 hely\u00fcket 9,1 milli\u00e1rd eur\u00f3s \u00f6ssz\u00e9rt\u00e9kkel, mely 20 sz\u00e1zal\u00e9kos \u00e9ves n\u00f6veked\u00e9snek felel meg.<\/p>\n<p>&#8211;\u00a0\u00a0\u00a0 \u00a0\u00a0\u00a0\u00a0\u00a0\u00a0N\u00f6vekszik a t\u00e9rs\u00e9gen bel\u00fcli \u00fcgyletek sz\u00e1ma. A r\u00e9gi\u00f3n bel\u00fcli hat\u00e1rokon \u00e1tny\u00fal\u00f3 tranzakci\u00f3k a teljes \u00e9rt\u00e9k 13 sz\u00e1zal\u00e9k\u00e1t tett\u00e9k ki. Ez \u00f6sszess\u00e9g\u00e9ben 6 sz\u00e1zal\u00e9kos n\u00f6veked\u00e9st jelent az elm\u00falt \u00f6t \u00e9v eredm\u00e9nyeit tekintve cs\u00facstart\u00f3 2019-hez k\u00e9pest.<\/p>\n<div class=\"ads-in-post1\"><div id=\"gazdasagportal.hu_fullbanner_wideboard\"><\/div>\r\n<\/div>\nA teljes jelent\u00e9s let\u00f6lthet\u0151 innen: https:\/\/eng.mazars.hu\/content\/download\/1041672\/54330554\/version\/\/file\/Investing%20in%20CEE%202020_21.pdf<\/p>\n<p>&nbsp;<\/p>\n<p><strong>A Mazars-r\u00f3l<\/strong><\/p>\n<p>A Mazars olyan nemzetk\u00f6zi, integr\u00e1lt \u00e9s f\u00fcggetlen szervezet, amely a k\u00f6nyvvizsg\u00e1lat, a sz\u00e1mvitel, valamint az ad\u00f3-, p\u00e9nz\u00fcgyi, jogi* \u00e9s \u00fczleti tan\u00e1csad\u00e1s ter\u00fclet\u00e9n ny\u00fajt szolg\u00e1ltat\u00e1sokat \u00fcgyfeleinek. A Mazars a vil\u00e1g t\u00f6bb mint 90 orsz\u00e1g\u00e1ban van jelen: 42 000 szakember tud\u00e1s\u00e1ra t\u00e1maszkodva \u2013 26 000 f\u0151 az integr\u00e1lt partners\u00e9gben \u00e9s 16 000 f\u0151 a Mazars North America Alliance keret\u00e9ben \u2013 seg\u00edti \u00fcgyfeleit fejl\u0151d\u00e9s\u00fck minden szakasz\u00e1ban.<\/p>\n<p>A Magyarorsz\u00e1gon 1991 \u00f3ta jelen l\u00e9v\u0151 Mazars az egyik vezet\u0151 hazai k\u00f6nyvvizsg\u00e1l\u00f3 \u00e9s tan\u00e1csad\u00f3 v\u00e1llalat. 150 magasan k\u00e9pzett \u00e9s elk\u00f6telezett szakemberrel teljes k\u00f6r\u0171 szolg\u00e1ltat\u00e1st ny\u00fajt \u00fcgyfeleinek valamennyi \u00e1gazatban. A p\u00e9nz\u00fcgyi \u00e9s a banki szektorban ugyan\u00fagy, mint az iparban \u00e9s a szolg\u00e1ltat\u00e1sok ter\u00fclet\u00e9n. \u00dcgyf\u00e9lportf\u00f3li\u00f3j\u00e1ban a t\u0151zsd\u00e9n jegyzett, nemzetk\u00f6zi nagyv\u00e1llalatok hazai le\u00e1nyv\u00e1llalatai mellett megtal\u00e1lhat\u00f3k a magyar kis- \u00e9s k\u00f6z\u00e9pv\u00e1llalatok is.<\/p>\n<p>*Ahol ezt a helyi szab\u00e1lyoz\u00e1s lehet\u0151v\u00e9 teszi.<\/p>\n<p>www.mazars.hu<\/p>\n","protected":false},"excerpt":{"rendered":"<p>A Mazars \u00e9s a Mergermarket k\u00f6z\u00f6s idei jelent\u00e9se alapj\u00e1n csak \u00e1tmeneti zavart okozott a k\u00f6z\u00e9p-kelet-eur\u00f3pai (CEE) orsz\u00e1gok \u00f6sszeolvad\u00e1si \u00e9s felv\u00e1s\u00e1rl\u00e1si (M&amp;A) piac\u00e1n a koronav\u00edrus-j\u00e1rv\u00e1ny, miut\u00e1n az \u00fczletk\u00f6t\u00e9si kedv az \u00e9v m\u00e1sodik fel\u00e9ben ism\u00e9t fellend\u00fclt. A \u201eCEE L\u00e1tk\u00e9p: K\u00fclf\u00f6ldi befektet\u00e9sek\u201d c\u00edm\u0171 jelent\u00e9s 2020\/2021-es kiad\u00e1sa \u00e1tfog\u00f3 k\u00e9pet ad az elm\u00falt \u00e9vben megval\u00f3sult region\u00e1lis v\u00e1llalati \u00f6sszeolvad\u00e1sokr\u00f3l \u00e9s felv\u00e1s\u00e1rl\u00e1sokr\u00f3l, &#8230;<\/p>\n","protected":false},"author":1001006,"featured_media":0,"comment_status":"closed","ping_status":"open","sticky":false,"template":"","format":"standard","meta":[],"categories":[19],"tags":[],"_links":{"self":[{"href":"https:\/\/gazdasagportal.hu\/index.php\/wp-json\/wp\/v2\/posts\/134255"}],"collection":[{"href":"https:\/\/gazdasagportal.hu\/index.php\/wp-json\/wp\/v2\/posts"}],"about":[{"href":"https:\/\/gazdasagportal.hu\/index.php\/wp-json\/wp\/v2\/types\/post"}],"author":[{"embeddable":true,"href":"https:\/\/gazdasagportal.hu\/index.php\/wp-json\/wp\/v2\/users\/1001006"}],"replies":[{"embeddable":true,"href":"https:\/\/gazdasagportal.hu\/index.php\/wp-json\/wp\/v2\/comments?post=134255"}],"version-history":[{"count":1,"href":"https:\/\/gazdasagportal.hu\/index.php\/wp-json\/wp\/v2\/posts\/134255\/revisions"}],"predecessor-version":[{"id":134256,"href":"https:\/\/gazdasagportal.hu\/index.php\/wp-json\/wp\/v2\/posts\/134255\/revisions\/134256"}],"wp:attachment":[{"href":"https:\/\/gazdasagportal.hu\/index.php\/wp-json\/wp\/v2\/media?parent=134255"}],"wp:term":[{"taxonomy":"category","embeddable":true,"href":"https:\/\/gazdasagportal.hu\/index.php\/wp-json\/wp\/v2\/categories?post=134255"},{"taxonomy":"post_tag","embeddable":true,"href":"https:\/\/gazdasagportal.hu\/index.php\/wp-json\/wp\/v2\/tags?post=134255"}],"curies":[{"name":"wp","href":"https:\/\/api.w.org\/{rel}","templated":true}]}}