{"id":134210,"date":"2021-03-31T09:56:19","date_gmt":"2021-03-31T07:56:19","guid":{"rendered":"http:\/\/gazdasagportal.hu\/?p=134210"},"modified":"2021-04-21T14:47:54","modified_gmt":"2021-04-21T12:47:54","slug":"nagy-a-baj-soha-ennyien-nem-haltak-meg-egy-nap-alatt-koronavirusban","status":"publish","type":"post","link":"https:\/\/gazdasagportal.hu\/index.php\/nagy-a-baj-soha-ennyien-nem-haltak-meg-egy-nap-alatt-koronavirusban\/","title":{"rendered":"Nagy a baj: Soha ennyien nem haltak meg egy nap alatt koronav\u00edrusban"},"content":{"rendered":"<p><strong>Meghalt 302, t\u00f6bbs\u00e9g\u00e9ben id\u0151s, kr\u00f3nikus beteg, \u00e9s \u00fajabb 6700 magyar \u00e1llampolg\u00e1rn\u00e1l mutatt\u00e1k ki a koronav\u00edrus-fert\u0151z\u00e9st &#8211; k\u00f6z\u00f6lte a koronavirus.gov.hu szerd\u00e1n, kiemelve: eddig 2 011 029 embert oltottak be Magyarorsz\u00e1gon, k\u00f6z\u00fcl\u00fck 753 187-en m\u00e1r a m\u00e1sodik adagot is megkapt\u00e1k.<\/strong><!--more--><\/p>\n<div class=\"ads-in-post1\"><div id=\"gazdasagportal.hu_fullbanner_wideboard\"><\/div>\r\n<\/div>\n<p>    A korm\u00e1nyzati port\u00e1lon azt \u00edrt\u00e1k: 652 433-ra n\u0151tt a Magyarorsz\u00e1gon azonos\u00edtott fert\u0151z\u00f6ttek sz\u00e1ma. Az elhunytak\u00e9 20 737-re emelkedett, a gy\u00f3gyultak sz\u00e1ma 406 935.<br \/>\n    Az akt\u00edv fert\u0151z\u00f6ttek sz\u00e1ma 224 761-re n\u0151tt. K\u00f3rh\u00e1zban 12 346 koronav\u00edrusos beteget \u00e1polnak, k\u00f6z\u00fcl\u00fck 1492-en vannak l\u00e9legeztet\u0151g\u00e9pen.<br \/>\n    Hat\u00f3s\u00e1gi h\u00e1zi karant\u00e9nban 55 287-en vannak, a mintav\u00e9telek sz\u00e1ma 4 609 152-re n\u0151tt.<br \/>\n    Kiemelt\u00e9k, hogy az olt\u00e1si program rendben, \u00fctemezetten folyik, vesz\u00e9lyeztetetts\u00e9g\u00fck miatt tov\u00e1bbra is a regisztr\u00e1lt id\u0151sek olt\u00e1sa van el\u00f6l a sorban. A k\u00f3rh\u00e1zi olt\u00f3pontokon Pfizer- \u00e9s Szputnyik vakcin\u00e1val, a h\u00e1ziorvosokn\u00e1l Sinopharm-, AstraZeneca- \u00e9s Moderna-vakcin\u00e1val folytat\u00f3dik az olt\u00e1s.<br \/>\n    Cs\u00fct\u00f6rt\u00f6k\u00f6n elkezd\u0151dik a m\u00e1r kor\u00e1bban regisztr\u00e1lt \u00f3vodai \u00e9s iskolai dolgoz\u00f3k kamp\u00e1nyszer\u0171 olt\u00e1sa is, az \u00e9rintettek m\u00e1r megkapt\u00e1k a beh\u00edv\u00f3 SMS-t.<br \/>\n<div class=\"ads-in-post2\"><script async src=\"https:\/\/pagead2.googlesyndication.com\/pagead\/js\/adsbygoogle.js\"><\/script>\r\n<ins class=\"adsbygoogle\"\r\n     style=\"display:block\"\r\n     data-ad-format=\"fluid\"\r\n     data-ad-layout-key=\"-6t+ed+2i-1n-4w\"\r\n     data-ad-client=\"ca-pub-1959107119989764\"\r\n     data-ad-slot=\"4008251320\"><\/ins>\r\n<script>\r\n     (adsbygoogle = window.adsbygoogle || []).push({});\r\n<\/script><\/div>\n    Szerd\u00e1n \u00fajabb 250 ezer Szputnyik vakcina \u00e9rkezett Magyarorsz\u00e1gra.<br \/>\n    Mint \u00edrt\u00e1k, a koronav\u00edrus-j\u00e1rv\u00e1ny harmadik hull\u00e1ma Eur\u00f3pa-szerte er\u0151sebbnek bizonyul az eddigiekn\u00e9l. A drasztikusan emelked\u0151 betegsz\u00e1m miatt a korm\u00e1ny szigor\u00edtotta a v\u00e9delmi int\u00e9zked\u00e9seket.<br \/>\n    A hat\u00e1lyban l\u00e9v\u0151 int\u00e9zked\u00e9sek k\u00f6z\u00f6tt megeml\u00edtett\u00e9k, hogy a maszkvisel\u00e9s a lakott ter\u00fcleten bel\u00fcl valamennyi utc\u00e1n, k\u00f6zter\u00fcleten k\u00f6telez\u0151, a m\u00e1sik embert\u0151l lehet\u0151s\u00e9g szerint legal\u00e1bb m\u00e1sf\u00e9l m\u00e9ter v\u00e9d\u0151t\u00e1vols\u00e1got kell tartani.<br \/>\n    A munkav\u00e9gz\u00e9s lehets\u00e9ges, de ahol lehet, otthoni munkav\u00e9gz\u00e9st javasolnak. Az \u00e1llamigazgat\u00e1sban otthoni munkav\u00e9gz\u00e9s rendelhet\u0151 el, kiv\u00e9ve a v\u00e9dekez\u00e9sben k\u00f6zrem\u0171k\u00f6d\u0151k eset\u00e9ben &#8211; tett\u00e9k hozz\u00e1.<br \/>\n    A kij\u00e1r\u00e1si tilalom tov\u00e1bbra is \u00e9rv\u00e9nyben van este 8 \u00f3ra \u00e9s reggel 5 \u00f3ra k\u00f6z\u00f6tt.<br \/>\n    Az \u00fczleteket be kell z\u00e1rni, kiv\u00e9ve az \u00e9lelmiszer\u00fczleteket, a patik\u00e1kat, a benzinkutakat, a drog\u00e9ri\u00e1kat, a doh\u00e1nyboltokat, valamint a gazdas\u00e1gi, mez\u0151gazdas\u00e1gi \u00e9s erd\u00e9szeti tev\u00e9kenys\u00e9ghez n\u00e9lk\u00fcl\u00f6zhetetlen anyagokat \u00e9s eszk\u00f6z\u00f6ket \u00e1rus\u00edt\u00f3 \u00fczleteket, tov\u00e1bb\u00e1 az \u00e1llateledelt, takarm\u00e1nyt forgalmaz\u00f3 \u00fczleteket \u00e9s a piacokat, termel\u0151i piacokat.<br \/>\n<div class=\"ads-in-post1\"><div id=\"gazdasagportal.hu_fullbanner_wideboard\"><\/div>\r\n<\/div>\n    Minden szolg\u00e1ltat\u00e1s sz\u00fcnetel, kiv\u00e9ve a mag\u00e1neg\u00e9szs\u00e9g\u00fcgyi, szoci\u00e1lis, p\u00e9nz\u00fcgyi, postai \u00e9s j\u00e1rm\u0171szerviz-szolg\u00e1ltat\u00e1sokat.<br \/>\n    Az \u00e9ttermekben ugyanakkor tov\u00e1bbra is van lehet\u0151s\u00e9g elviteles v\u00e1s\u00e1rl\u00e1sra.<br \/>\n    A szabadt\u00e9ri sporttev\u00e9kenys\u00e9g lehets\u00e9ges, ahol tarthat\u00f3 a m\u00e1sf\u00e9l m\u00e9teres t\u00e1vols\u00e1g. Megengedettek az igazolt sportol\u00f3k edz\u00e9sei, a meccsek kiz\u00e1r\u00f3lag z\u00e1rt kapuk m\u00f6g\u00f6tt lehets\u00e9gesek.<br \/>\n    Szigor\u00edtj\u00e1k a hat\u00e1r\u00e1tl\u00e9p\u00e9st, de a tranzit- \u00e9s teherforgalmat nem korl\u00e1tozz\u00e1k.<br \/>\n    A korm\u00e1ny kiterjeszti a b\u00e9rt\u00e1mogat\u00e1st \u00e9s az ad\u00f3kedvezm\u00e9nyeket azokra a szektorokra, amelyeknek be kell z\u00e1rniuk.<br \/>\n    Hangs\u00falyozt\u00e1k, hogy a rend\u0151rs\u00e9g szigor\u00faan ellen\u0151rzi a szab\u00e1lyok betart\u00e1s\u00e1t, p\u00e9nzb\u00edrs\u00e1got szabhat ki, \u00e9s azokat a helyeket, ahol nem tartj\u00e1k be az el\u0151\u00edr\u00e1sokat, bez\u00e1rja. A katon\u00e1k az orsz\u00e1g t\u00f6bb v\u00e1ros\u00e1ban t\u00e1mogatj\u00e1k a rend\u0151r\u00f6k munk\u00e1j\u00e1t \u00e9s a k\u00f3rh\u00e1zban tehermentes\u00edtik az eg\u00e9szs\u00e9g\u00fcgyi dolgoz\u00f3kat.<br \/>\n    &#8222;Az \u00fajraind\u00edt\u00e1st akkor tudjuk megkezdeni, ha 2,5 milli\u00f3 ember be lesz oltva&#8221; &#8211; emelt\u00e9k ki, hozz\u00e1t\u00e9ve, hogy akkor is csak fokozatos l\u00e9p\u00e9sekben. Az err\u0151l sz\u00f3l\u00f3 korm\u00e1nyrendelet szombaton jelent meg a Magyar K\u00f6zl\u00f6nyben.<br \/>\n    &#8222;A j\u00e1rv\u00e1nyb\u00f3l egyed\u00fcl a v\u00e9d\u0151olt\u00e1s jelenti a kivezet\u0151 utat. A harmadik hull\u00e1m kezdete \u00f3ta \u00fajabb egymilli\u00f3val n\u0151tt a regisztr\u00e1ltak sz\u00e1ma, de m\u00e9g \u00edgy is sokan vannak, akik nem jelentkeztek. Az id\u0151seket k\u00fcl\u00f6n\u00f6sen k\u00e9rj\u00fck, hogy aki m\u00e9g nem tette meg, regisztr\u00e1ljon a v\u00e9d\u0151olt\u00e1sra a www.vakcinainfo.gov.hu honlapon&#8221; &#8211; \u00edrt\u00e1k a k\u00f6zlem\u00e9nyben.<br \/>\n    Hozz\u00e1tett\u00e9k, hogy azok a regisztr\u00e1ltak, akik m\u00e9g olt\u00e1sra v\u00e1rnak, ellen\u0151rizhetik, hogy regisztr\u00e1ci\u00f3juk milyen st\u00e1tuszban van. A Nemzeti Eg\u00e9szs\u00e9gbiztos\u00edt\u00e1si Alapkezel\u0151 egy internetes fel\u00fcletet nyitott erre a c\u00e9lra.<br \/>\n<div class=\"ads-in-post2\"><script async src=\"https:\/\/pagead2.googlesyndication.com\/pagead\/js\/adsbygoogle.js\"><\/script>\r\n<ins class=\"adsbygoogle\"\r\n     style=\"display:block\"\r\n     data-ad-format=\"fluid\"\r\n     data-ad-layout-key=\"-6t+ed+2i-1n-4w\"\r\n     data-ad-client=\"ca-pub-1959107119989764\"\r\n     data-ad-slot=\"4008251320\"><\/ins>\r\n<script>\r\n     (adsbygoogle = window.adsbygoogle || []).push({});\r\n<\/script><\/div>\n    Felh\u00edvt\u00e1k a figyelmet arra, hogy a j\u00e1rv\u00e1ny rendk\u00edv\u00fcl intenz\u00edven terjed, a brit v\u00edrusmut\u00e1ns t\u00f6bb embert k\u00e9pes fert\u0151zni, ez\u00e9rt az \u00e1ltal\u00e1nos higi\u00e9niai szab\u00e1lyok betart\u00e1sa tov\u00e1bbra is elengedhetetlen.<br \/>\n    Az operat\u00edv t\u00f6rzs \u00e9s az olt\u00e1si munkacsoport m\u00f3dos\u00edtotta az olt\u00e1si strat\u00e9gi\u00e1t, hogy min\u00e9l el\u0151bb min\u00e9l t\u00f6bb ember kapja meg az els\u0151 olt\u00e1s\u00e1t &#8211; \u00edrt\u00e1k. Hozz\u00e1tett\u00e9k: minden rendelkez\u00e9sre \u00e1ll\u00f3 \u00e9s be\u00e9rkez\u0151 vakcinasz\u00e1ll\u00edtm\u00e1nyt teljes mennyis\u00e9gben \u00e9s miel\u0151bb igyekeznek bekapcsolni az olt\u00e1sba.<br \/>\n    Mind az \u00f6t Magyarorsz\u00e1gon alkalmazott vakcina hat\u00e1sos \u00e9s biztons\u00e1gos, \u00e9s v\u00e9delmet ad a koronav\u00edrus-fert\u0151z\u00e9s s\u00falyos lefoly\u00e1sa ellen &#8211; emelt\u00e9k ki.<br \/>\n    A korm\u00e1ny az eg\u00e9szs\u00e9g\u00fcgyi v\u00e9dekez\u00e9s fenntart\u00e1sa mellett tov\u00e1bbi csal\u00e1dv\u00e9delmi int\u00e9zked\u00e9seken dolgozik, \u00e9s elind\u00edtotta a gazdas\u00e1g-\u00fajraind\u00edt\u00e1si akci\u00f3tervet.<br \/>\n<div class=\"ads-in-post1\"><div id=\"gazdasagportal.hu_fullbanner_wideboard\"><\/div>\r\n<\/div>\n    Az oldal t\u00e9rk\u00e9pe szerint eddig Budapesten (122 847) \u00e9s Pest megy\u00e9ben (91 757) regisztr\u00e1lt\u00e1k a legt\u00f6bb fert\u0151z\u00f6ttet. Ezt k\u00f6veti Gy\u0151r-Moson-Sopron (37 034), Borsod-Aba\u00faj-Zempl\u00e9n (36 114) \u00e9s Hajd\u00fa-Bihar megye (34 585). A fert\u0151z\u00e9sben legkev\u00e9sb\u00e9 \u00e9rintett megye Zala (14 320), illetve Tolna megye (14 307).(MTI)<\/p>\n","protected":false},"excerpt":{"rendered":"<p>Meghalt 302, t\u00f6bbs\u00e9g\u00e9ben id\u0151s, kr\u00f3nikus beteg, \u00e9s \u00fajabb 6700 magyar \u00e1llampolg\u00e1rn\u00e1l mutatt\u00e1k ki a koronav\u00edrus-fert\u0151z\u00e9st &#8211; k\u00f6z\u00f6lte a koronavirus.gov.hu szerd\u00e1n, kiemelve: eddig 2 011 029 embert oltottak be Magyarorsz\u00e1gon, k\u00f6z\u00fcl\u00fck 753 187-en m\u00e1r a m\u00e1sodik adagot is megkapt\u00e1k.<\/p>\n","protected":false},"author":1001007,"featured_media":125817,"comment_status":"closed","ping_status":"open","sticky":false,"template":"","format":"standard","meta":[],"categories":[4,427,436],"tags":[],"_links":{"self":[{"href":"https:\/\/gazdasagportal.hu\/index.php\/wp-json\/wp\/v2\/posts\/134210"}],"collection":[{"href":"https:\/\/gazdasagportal.hu\/index.php\/wp-json\/wp\/v2\/posts"}],"about":[{"href":"https:\/\/gazdasagportal.hu\/index.php\/wp-json\/wp\/v2\/types\/post"}],"author":[{"embeddable":true,"href":"https:\/\/gazdasagportal.hu\/index.php\/wp-json\/wp\/v2\/users\/1001007"}],"replies":[{"embeddable":true,"href":"https:\/\/gazdasagportal.hu\/index.php\/wp-json\/wp\/v2\/comments?post=134210"}],"version-history":[{"count":2,"href":"https:\/\/gazdasagportal.hu\/index.php\/wp-json\/wp\/v2\/posts\/134210\/revisions"}],"predecessor-version":[{"id":134212,"href":"https:\/\/gazdasagportal.hu\/index.php\/wp-json\/wp\/v2\/posts\/134210\/revisions\/134212"}],"wp:featuredmedia":[{"embeddable":true,"href":"https:\/\/gazdasagportal.hu\/index.php\/wp-json\/wp\/v2\/media\/125817"}],"wp:attachment":[{"href":"https:\/\/gazdasagportal.hu\/index.php\/wp-json\/wp\/v2\/media?parent=134210"}],"wp:term":[{"taxonomy":"category","embeddable":true,"href":"https:\/\/gazdasagportal.hu\/index.php\/wp-json\/wp\/v2\/categories?post=134210"},{"taxonomy":"post_tag","embeddable":true,"href":"https:\/\/gazdasagportal.hu\/index.php\/wp-json\/wp\/v2\/tags?post=134210"}],"curies":[{"name":"wp","href":"https:\/\/api.w.org\/{rel}","templated":true}]}}