{"id":134202,"date":"2021-03-31T06:57:37","date_gmt":"2021-03-31T04:57:37","guid":{"rendered":"http:\/\/gazdasagportal.hu\/?p=134202"},"modified":"2021-03-30T23:59:16","modified_gmt":"2021-03-30T21:59:16","slug":"2021-es-a-beren-kivuli-juttatasok-mi-varhato-a-piacon-adougyi-szempontbol","status":"publish","type":"post","link":"https:\/\/gazdasagportal.hu\/index.php\/2021-es-a-beren-kivuli-juttatasok-mi-varhato-a-piacon-adougyi-szempontbol\/","title":{"rendered":"2021 \u00e9s a b\u00e9ren k\u00edv\u00fcli juttat\u00e1sok: mi v\u00e1rhat\u00f3 a piacon ad\u00f3\u00fcgyi szempontb\u00f3l?"},"content":{"rendered":"<p><strong>Van egy \u00f6r\u00f6k k\u00e9rd\u00e9s, ami a legt\u00f6bb munk\u00e1ltat\u00f3t \u00e9s munkav\u00e1llal\u00f3t foglalkoztatja: a jogszab\u00e1lyi \u00e9s ad\u00f3z\u00e1si k\u00f6rnyezet aktu\u00e1lis v\u00e1ltoz\u00e1sai t\u00fckr\u00e9ben hogyan n\u00f6velhet\u0151k a nett\u00f3 juttat\u00e1sok az azokhoz sz\u00fcks\u00e9ges r\u00e1ford\u00edt\u00e1sok minimaliz\u00e1l\u00e1sa mellett? A k\u00f6vetkez\u0151kben Dr. B\u00e1konyi L\u00e1szl\u00f3 ad\u00f3jogi szak\u00e9rt\u0151 elemzi a b\u00e9ren k\u00edv\u00fcli juttat\u00e1sok, azon bel\u00fcl is a cafeteria-piac idei \u00e9vre kirajzol\u00f3d\u00f3 trendjeit.<\/strong><!--more--><\/p>\n<div class=\"ads-in-post1\"><div id=\"gazdasagportal.hu_fullbanner_wideboard\"><\/div>\r\n<\/div>\n<p>A cafeteri\u00e1ban rejl\u0151 lehet\u0151s\u00e9geink naprak\u00e9sz ismerete sokat seg\u00edthet abban, hogy megtal\u00e1ljuk a minden \u00e9rintett sz\u00e1m\u00e1ra legkedvez\u0151bb v\u00e1laszt a fentiekben eml\u00edtett k\u00e9rd\u00e9sre, hiszen a j\u00e1rv\u00e1ny k\u00f6vetkezt\u00e9ben kialakult gazdas\u00e1gi helyzet kezel\u00e9s\u00e9re kidolgozott korm\u00e1nyzati l\u00e9p\u00e9sek a cafeteria-szab\u00e1lyokat is \u00e9rintett\u00e9k: n\u00f6vekv\u0151 keret\u00f6sszegeket \u00e9s a szoci\u00e1lis hozz\u00e1j\u00e1rul\u00e1si ad\u00f3 m\u00e9rs\u00e9kl\u00e9s\u00e9t. Ut\u00f3bbi k\u00f6ztehert\u0151l a SZ\u00c9P-K\u00e1rtya \u00e1tmenetileg (2021. j\u00falius\u00e1ig) mentes\u00fclt is.<\/p>\n<p>&nbsp;<\/p><div id=\"gazda-622998021\" class=\"gazda-tartalomban gazda-entity-placement\"><script async src=\"https:\/\/pagead2.googlesyndication.com\/pagead\/js\/adsbygoogle.js\"><\/script>\r\n<ins class=\"adsbygoogle\"\r\n     style=\"display:block\"\r\n     data-ad-format=\"fluid\"\r\n     data-ad-layout-key=\"-6t+ed+2i-1n-4w\"\r\n     data-ad-client=\"ca-pub-1959107119989764\"\r\n     data-ad-slot=\"4008251320\"><\/ins>\r\n<script>\r\n     (adsbygoogle = window.adsbygoogle || []).push({});\r\n<\/script><\/div>\n<p><strong>Az Erzs\u00e9bet-utalv\u00e1ny ut\u00e1n<\/strong><\/p>\n<p>A 2019-ben megsz\u0171nt Erzs\u00e9bet-utalv\u00e1ny hely\u00e9re a cafeteria-piacon 2020-ban a Nemzeti Utalv\u00e1ny l\u00e9pett. Piaci szerep\u00e9t a SZ\u00c9P-K\u00e1rtya mellett az alapozza meg, hogy a pand\u00e9mia okozta neh\u00e9zs\u00e9gek sokak sz\u00e1m\u00e1ra a kor\u00e1bban jellemz\u0151en negyed\u00e9vente egyszer, vend\u00e9gl\u00e1t\u00e1sra, sz\u00e1ll\u00e1sra \u00e9s szabadid\u0151re ford\u00edtott, nagyobb \u00f6sszegek \u00fajratervez\u00e9s\u00e9t, \u00e1tmeneti \u00e1t\u00fctemez\u00e9s\u00e9t is megk\u00f6vetelt\u00e9k, el\u0151t\u00e9rbe helyezve a mindennapi v\u00e1s\u00e1rl\u00e1sok (pl. m\u0171szaki cikkek, ruh\u00e1zat, lakberendez\u00e9s) rendszeres, kisebb \u00f6sszeg\u0171 kiad\u00e1sokban realiz\u00e1lt fedez\u00e9s\u00e9t.<\/p>\n<p>Jellemz\u0151 trend, hogy a virtu\u00e1lis p\u00e9nzt\u00e1rc\u00e1kban, k\u00e1rty\u00e1n t\u00e1rolt, ink\u00e1bb a tartal\u00e9kok k\u00e9pz\u00e9s\u00e9t c\u00e9lz\u00f3 b\u00e9ren k\u00edv\u00fcli juttat\u00e1sok n\u00e9pszer\u0171s\u00e9ge valamelyest cs\u00f6kkent a pap\u00edralap\u00fa, azonnal, k\u00f6vethet\u0151 m\u00f3don felhaszn\u00e1lhat\u00f3 utalv\u00e1nyok jav\u00e1ra. Ha mindezekhez hozz\u00e1vessz\u00fck m\u00e9g azt a t\u00e9nyt is, hogy a jellemz\u0151en SZ\u00c9P-k\u00e1rty\u00e1val fedezett k\u00f6lt\u00e9sek egy jelent\u0151s r\u00e9sze a j\u00e1rv\u00e1ny\u00fcgyi helyzettel \u00f6sszef\u00fcgg\u0151 int\u00e9zked\u00e9sek ok\u00e1n lassan egy \u00e9ve nem vehet\u0151 ig\u00e9nybe, \u00e9rthet\u0151, hogy egyre nagyobb n\u00e9pszer\u0171s\u00e9gre tesznek szert azok a juttat\u00e1si form\u00e1k, melyekkel a mindennapi \u00e9lethez sz\u00fcks\u00e9ges kiad\u00e1sok is fedezhet\u0151k.<\/p>\n<div class=\"ads-in-post2\"><script async src=\"https:\/\/pagead2.googlesyndication.com\/pagead\/js\/adsbygoogle.js\"><\/script>\r\n<ins class=\"adsbygoogle\"\r\n     style=\"display:block\"\r\n     data-ad-format=\"fluid\"\r\n     data-ad-layout-key=\"-6t+ed+2i-1n-4w\"\r\n     data-ad-client=\"ca-pub-1959107119989764\"\r\n     data-ad-slot=\"4008251320\"><\/ins>\r\n<script>\r\n     (adsbygoogle = window.adsbygoogle || []).push({});\r\n<\/script><\/div>\n&nbsp;<\/p>\n<p><strong>A munkab\u00e9rek kifizet\u00e9se a kor\u00e1bbi \u00e9vekhez k\u00e9pest kedvez\u0151bb\u00e9 v\u00e1lik az idei \u00e9vben<\/strong><\/p>\n<p>\u201c<em>2021. febru\u00e1r 1-t\u0151l 4%-kal emelkedett a hat\u00e1lyos minim\u00e1lb\u00e9r \u00f6sszege, melynek v\u00e1ltoz\u00e1sa az annak \u00f6sszeg\u00e9hez kapcsol\u00f3d\u00f3 egy\u00e9b hozz\u00e1j\u00e1rul\u00e1sokat is \u00e9rinti; a b\u00e9ren k\u00edv\u00fcli \u00e9s ad\u00f3mentes juttat\u00e1sokkal azonban a munkab\u00e9rbe \u00e9p\u00edtett fizet\u00e9semel\u00e9sek tov\u00e1bbra sem versenyezhetnek ebb\u0151l a szempontb\u00f3l.<\/em>\u201d &#8211; fogalmaz Dr. B\u00e1konyi L\u00e1szl\u00f3 ad\u00f3jogi szak\u00e9rt\u0151.<\/p>\n<p>K\u00fcl\u00f6n \u00e9rdemes kiemeln\u00fcnk ebben a mez\u0151nyben az aj\u00e1nd\u00e9kutalv\u00e1nyokat, melyek 2021-ben \u00e9vente egyszer a minim\u00e1lb\u00e9r 10 sz\u00e1zal\u00e9k\u00e1ig, vagyis szem\u00e9lyenk\u00e9nt 16 700 forintig csek\u00e9ly \u00e9rt\u00e9k\u0171 juttat\u00e1sk\u00e9nt adhat\u00f3ak a munkav\u00e1llal\u00f3knak, illetve azok hozz\u00e1tartoz\u00f3inak, amit &#8211; k\u00e9szp\u00e9nzre nem v\u00e1lthat\u00f3 utalv\u00e1nyk\u00e9nt &#8211; \u00edgy mind\u00f6ssze 37,76 sz\u00e1zal\u00e9kos ad\u00f3 terhel.<\/p>\n<p>&nbsp;<\/p>\n<p><strong>A kedvezm\u00e9nyes ad\u00f3z\u00e1s\u00fa b\u00e9ren k\u00edv\u00fcli juttat\u00e1sok v\u00e1rhat\u00f3 el\u0151nyei<\/strong><\/p>\n<p>Ad\u00f3\u00fcgyi megfontol\u00e1sokb\u00f3l mindenk\u00e9ppen a legjobb v\u00e1laszok egyike a sz\u00e9les k\u00f6rben felhaszn\u00e1lhat\u00f3 aj\u00e1nd\u00e9kutalv\u00e1nyok be\u00e9p\u00edt\u00e9se a c\u00e9gek juttat\u00e1si csomagj\u00e1ba, de sz\u00e1mos m\u00e1s \u00e9rv is sz\u00f3l ezek ig\u00e9nybev\u00e9tele mellett. Munkav\u00e1llal\u00f3ink \u00e9rdekeit szem el\u0151tt tartva kiemelten fontos, hogy az \u00e1ltalunk v\u00e1lasztott szolg\u00e1ltat\u00f3 k\u00edn\u00e1lata \u00e9s felhaszn\u00e1l\u00e1si felt\u00e9telei illeszkedjenek munkav\u00e1llal\u00f3ink ig\u00e9nyeihez \u00e9s c\u00e9ljaihoz.<\/p>\n<div class=\"ads-in-post1\"><div id=\"gazdasagportal.hu_fullbanner_wideboard\"><\/div>\r\n<\/div>\nA j\u00e1rv\u00e1nyhelyzet k\u00f6vetkezt\u00e9ben megv\u00e1ltozott, fentiekben m\u00e1r eml\u00edtett priorit\u00e1sok ok\u00e1n sokak sz\u00e1m\u00e1ra a kor\u00e1bbin\u00e1l l\u00e9nyegesen komolyabb \u00e9rt\u00e9ket k\u00e9pviselnek jelenleg a h\u00e9tk\u00f6znapi kiad\u00e1sokra \u00e9s a jellemz\u0151en t\u00e1rgyi eszk\u00f6z\u00f6kre ford\u00edthat\u00f3, pap\u00edralap\u00fa utalv\u00e1nyok \u2013 az eml\u00edtett Nemzeti Utalv\u00e1ny p\u00e9ld\u00e1ul \u00e9lelmiszerre, m\u0171szaki cikkre, pap\u00edr-\u00edr\u00f3szerre, lakberendez\u00e9sre, k\u00f6nyvre, sajt\u00f3term\u00e9kre, ruh\u00e1zatra, cip\u0151re, vegyi \u00e1rura, sz\u00e9ps\u00e9g\u00e1pol\u00e1sra, eg\u00e9szs\u00e9gmeg\u0151rz\u00e9sre, sportfelszerel\u00e9sre \u00e9s j\u00e1t\u00e9kra is ford\u00edthat\u00f3.<\/p>\n<p>Sok csal\u00e1dban megv\u00e1ltozott, \u00e1trendez\u0151d\u00f6tt a kor\u00e1bbi szereposzt\u00e1s, \u00edgy sokak sz\u00e1m\u00e1ra jelent komoly term\u00e9kel\u0151nyt, ha ezek a juttat\u00e1sok, vagy legal\u00e1bb ezek egy r\u00e9sze \u00e1truh\u00e1zhat\u00f3, vagy tov\u00e1bbadhat\u00f3. A csek\u00e9ly \u00e9rt\u00e9k\u0171 aj\u00e1nd\u00e9k el\u0151nye, hogy k\u00f6zvetlen\u00fcl a k\u00f6zeli hozz\u00e1tartoz\u00f3k r\u00e9sz\u00e9re is k\u00e9rhet\u0151, \u00edgy a munkav\u00e1llal\u00f3k csal\u00e1dja, szerettei is r\u00e9szes\u00fclhetnek az utalv\u00e1ny ny\u00fajtotta biztons\u00e1gb\u00f3l \u00e9s k\u00e9nyelemb\u0151l.<\/p>\n<p>A fentieket \u00f6sszegezve elmondhat\u00f3, hogy az ad\u00f3\u00fcgyi szempontb\u00f3l egy\u00e9rtelm\u0171en j\u00f3 megold\u00e1st jelent\u0151 utalv\u00e1nyok r\u00e1ad\u00e1sul egyszerre t\u00e1mogathatj\u00e1k a bev\u00e1lt\u00f3helyek fennmarad\u00e1s\u00e1t \u00e9s kisz\u00e1m\u00edthat\u00f3 m\u0171k\u00f6d\u00e9s\u00e9t, a munkav\u00e1llal\u00f3k \u00e1ltal\u00e1nos helyzet\u00e9t, \u00e9s eredm\u00e9nyezhetik a gazdas\u00e1gi mutat\u00f3k javul\u00e1s\u00e1t, mik\u00f6zben a munkaad\u00f3k \u00e9s a munkav\u00e1llal\u00f3k el\u00e9gedetts\u00e9g\u00e9t is biztos\u00edthatj\u00e1k.<\/p>\n","protected":false},"excerpt":{"rendered":"<p>Van egy \u00f6r\u00f6k k\u00e9rd\u00e9s, ami a legt\u00f6bb munk\u00e1ltat\u00f3t \u00e9s munkav\u00e1llal\u00f3t foglalkoztatja: a jogszab\u00e1lyi \u00e9s ad\u00f3z\u00e1si k\u00f6rnyezet aktu\u00e1lis v\u00e1ltoz\u00e1sai t\u00fckr\u00e9ben hogyan n\u00f6velhet\u0151k a nett\u00f3 juttat\u00e1sok az azokhoz sz\u00fcks\u00e9ges r\u00e1ford\u00edt\u00e1sok minimaliz\u00e1l\u00e1sa mellett? A k\u00f6vetkez\u0151kben Dr. B\u00e1konyi L\u00e1szl\u00f3 ad\u00f3jogi szak\u00e9rt\u0151 elemzi a b\u00e9ren k\u00edv\u00fcli juttat\u00e1sok, azon bel\u00fcl is a cafeteria-piac idei \u00e9vre kirajzol\u00f3d\u00f3 trendjeit.<\/p>\n","protected":false},"author":1001006,"featured_media":0,"comment_status":"closed","ping_status":"open","sticky":false,"template":"","format":"standard","meta":[],"categories":[19],"tags":[],"_links":{"self":[{"href":"https:\/\/gazdasagportal.hu\/index.php\/wp-json\/wp\/v2\/posts\/134202"}],"collection":[{"href":"https:\/\/gazdasagportal.hu\/index.php\/wp-json\/wp\/v2\/posts"}],"about":[{"href":"https:\/\/gazdasagportal.hu\/index.php\/wp-json\/wp\/v2\/types\/post"}],"author":[{"embeddable":true,"href":"https:\/\/gazdasagportal.hu\/index.php\/wp-json\/wp\/v2\/users\/1001006"}],"replies":[{"embeddable":true,"href":"https:\/\/gazdasagportal.hu\/index.php\/wp-json\/wp\/v2\/comments?post=134202"}],"version-history":[{"count":1,"href":"https:\/\/gazdasagportal.hu\/index.php\/wp-json\/wp\/v2\/posts\/134202\/revisions"}],"predecessor-version":[{"id":134203,"href":"https:\/\/gazdasagportal.hu\/index.php\/wp-json\/wp\/v2\/posts\/134202\/revisions\/134203"}],"wp:attachment":[{"href":"https:\/\/gazdasagportal.hu\/index.php\/wp-json\/wp\/v2\/media?parent=134202"}],"wp:term":[{"taxonomy":"category","embeddable":true,"href":"https:\/\/gazdasagportal.hu\/index.php\/wp-json\/wp\/v2\/categories?post=134202"},{"taxonomy":"post_tag","embeddable":true,"href":"https:\/\/gazdasagportal.hu\/index.php\/wp-json\/wp\/v2\/tags?post=134202"}],"curies":[{"name":"wp","href":"https:\/\/api.w.org\/{rel}","templated":true}]}}