{"id":134200,"date":"2021-03-31T04:34:34","date_gmt":"2021-03-31T02:34:34","guid":{"rendered":"http:\/\/gazdasagportal.hu\/?p=134200"},"modified":"2021-03-30T23:49:07","modified_gmt":"2021-03-30T21:49:07","slug":"lehet-hogy-egy-kinai-laboratoriumbol-szabadult-rank-a-koronavirus-a-who-ezt-az-elmeletet-is-kivizsgalna","status":"publish","type":"post","link":"https:\/\/gazdasagportal.hu\/index.php\/lehet-hogy-egy-kinai-laboratoriumbol-szabadult-rank-a-koronavirus-a-who-ezt-az-elmeletet-is-kivizsgalna\/","title":{"rendered":"Lehet, hogy egy k\u00ednai laborat\u00f3riumb\u00f3l szabadult r\u00e1nk a koronav\u00edrus? A WHO ezt az elm\u00e9letet is kivizsg\u00e1ln\u00e1"},"content":{"rendered":"<p><strong>Tov\u00e1bbi vizsg\u00e1latot szorgalmazott kedden Genfben az Eg\u00e9szs\u00e9g\u00fcgyi Vil\u00e1gszervezet (WHO) f\u0151igazgat\u00f3ja arr\u00f3l az elm\u00e9letr\u0151l, amely szerint a koronav\u00edrus-vil\u00e1gj\u00e1rv\u00e1nyt okoz\u00f3 v\u00edrus egy k\u00ednai laborat\u00f3riumb\u00f3l szabadult ki, \u00e9s b\u00edr\u00e1lta K\u00edn\u00e1t, ami\u00e9rt korl\u00e1tozta a nemzetk\u00f6zi szak\u00e9rt\u0151k hozz\u00e1f\u00e9r\u00e9s\u00e9t az els\u0151dleges adatokhoz.<\/strong><!--more--><\/p>\n<div class=\"ads-in-post1\"><div id=\"gazdasagportal.hu_fullbanner_wideboard\"><\/div>\r\n<\/div>\n<p>    Az Egyes\u00fclt \u00c1llamok \u00e9s tizenh\u00e1rom sz\u00f6vets\u00e9gese k\u00f6z\u00f6s nyilatkozatban fejezte ki aggodalmait a WHO-jelent\u00e9s kapcs\u00e1n, teljes hozz\u00e1f\u00e9r\u00e9st k\u00f6vetelve K\u00edn\u00e1t\u00f3l az adatokhoz.<br \/>\n    A v\u00edrus eredet\u00e9t janu\u00e1r 14. \u00e9s febru\u00e1r 9. k\u00f6z\u00f6tt K\u00edn\u00e1ban &#8211; az els\u0151 Covid-19-fert\u0151z\u00f6tteket a k\u00f6z\u00e9p-k\u00ednai Vuhanb\u00f3l jelentett\u00e9k 2019 v\u00e9g\u00e9n &#8211; vizsg\u00e1l\u00f3 szak\u00e9rt\u0151k \u00fagy v\u00e9lt\u00e9k, hogy az a legkev\u00e9sb\u00e9 val\u00f3sz\u00edn\u0171 elm\u00e9let, hogy a v\u00edrus egy laborat\u00f3riumb\u00f3l szabadult ki. Tedrosz Adhanom Gebrejeszusz azonban a hivatalosan kedden ismertetett jelent\u00e9s\u00fckkel kapcsolatban kijelentette, hogy &#8222;ez (a feltev\u00e9s) tov\u00e1bbi vizsg\u00e1latot ig\u00e9nyel, feltehet\u0151en \u00fajabb (k\u00fcl\u00f6nb\u00f6z\u0151 ter\u00fcletekre) szakosodott szak\u00e9rt\u0151k k\u00fcld\u00f6tts\u00e9geivel, amelyeket k\u00e9sz elk\u00fcldeni&#8221;.<br \/>\n    Tedrosz Adhanom Gebrejeszusz azt is hangs\u00falyozta, hogy a nemzetk\u00f6zi szak\u00e9rt\u0151k &#8222;besz\u00e1moltak az els\u0151dleges adatokhoz val\u00f3 hozz\u00e1f\u00e9r\u00e9ssel kapcsolatos neh\u00e9zs\u00e9geikr\u0151l&#8221;. A f\u0151igazgat\u00f3 \u00e1ltal\u00e1ban ritk\u00e1n b\u00edr\u00e1lta nyilv\u00e1nosan, ahogyan Peking a k\u00f6z\u00f6s vizsg\u00e1latot kezelte &#8211; jegyezte meg az AFP francia h\u00edr\u00fcgyn\u00f6ks\u00e9g.<br \/>\n    K\u00edna nem volt hajland\u00f3 \u00e1tadni az els\u0151 Covid-19-esetekr\u0151l az adatokat a WHO helysz\u00ednen vizsg\u00e1l\u00f3d\u00f3 szak\u00e9rt\u0151inek &#8211; amit a csoport egyik tagja is nehezm\u00e9nyezett kor\u00e1bban -, potenci\u00e1lisan megnehez\u00edtve \u00edgy a j\u00e1rv\u00e1ny kit\u00f6r\u00e9si m\u00f3dj\u00e1nak megismer\u00e9s\u00e9t.<br \/>\n<div class=\"ads-in-post2\"><script async src=\"https:\/\/pagead2.googlesyndication.com\/pagead\/js\/adsbygoogle.js\"><\/script>\r\n<ins class=\"adsbygoogle\"\r\n     style=\"display:block\"\r\n     data-ad-format=\"fluid\"\r\n     data-ad-layout-key=\"-6t+ed+2i-1n-4w\"\r\n     data-ad-client=\"ca-pub-1959107119989764\"\r\n     data-ad-slot=\"4008251320\"><\/ins>\r\n<script>\r\n     (adsbygoogle = window.adsbygoogle || []).push({});\r\n<\/script><\/div>\n    &#8222;Teljess\u00e9ggel lehets\u00e9ges, hogy m\u00e1r voltak Covid-19-fert\u0151z\u00f6ttek 2019 november\u00e9ben vagy okt\u00f3ber\u00e9ben Vuhan k\u00f6r\u00fcl&#8221; &#8211; k\u00f6z\u00f6lte Peter Ben Embarek, a WHO-k\u00fcld\u00f6tts\u00e9g vezet\u0151je keddi sajt\u00f3t\u00e1j\u00e9koztat\u00f3j\u00e1n, ami arra enged k\u00f6vetkeztetni, hogy a betegs\u00e9g m\u00e1r terjedt azel\u0151tt, hogy dokument\u00e1lni kezdt\u00e9k.<br \/>\n    A h\u00e9tf\u0151n kisziv\u00e1rgott jelent\u00e9s szerint a szerz\u0151k &#8222;val\u00f3sz\u00edn\u0171nek-nagyon val\u00f3sz\u00edn\u0171nek&#8221; tartj\u00e1k a v\u00edrusnak k\u00f6ztes \u00e1llat r\u00e9v\u00e9n az emberre val\u00f3 \u00e1tker\u00fcl\u00e9s\u00e9t, m\u00edg a laborat\u00f3riumi incidens eshet\u0151s\u00e9g\u00e9t &#8222;rendk\u00edv\u00fcl val\u00f3sz\u00edn\u0171tlennek&#8221; min\u0151s\u00edtett\u00e9k.<br \/>\n    A tanulm\u00e1ny els\u0151dlegesk\u00e9nt kezeli azt az \u00e1ltal\u00e1nosan elfogadott elm\u00e9letet, hogy a SARS-CoV-2 nev\u0171 v\u00edrus az eredeti gazda\u00e1llatb\u00f3l (feltehet\u0151en denev\u00e9rb\u0151l) egy egyel\u0151re m\u00e9g meg nem hat\u00e1rozott k\u00f6ztes \u00e1llat r\u00e9v\u00e9n ker\u00fclt az emberi szervezetbe. A sz\u00f3ba j\u00f6het\u0151 \u00e1llatok k\u00f6z\u00f6tt szerepel a h\u00e1zimacska, a ny\u00fal, a ny\u00e9rc, illetve a tobzoska \u00e9s p\u00e9zsma borznyest.<br \/>\n    A szak\u00e9rt\u0151k a gazda\u00e1llatr\u00f3l k\u00f6zvetlen\u00fcl az emberi szervezetbe ker\u00fcl\u00e9st &#8222;lehets\u00e9ges-val\u00f3sz\u00edn\u0171&#8221; kateg\u00f3ri\u00e1ba sorolt\u00e1k. Azt a Peking \u00e1ltal t\u00e1mogatott elm\u00e9letet sem z\u00e1rt\u00e1k ki, amely szerint a v\u00edrus fagyasztott h\u00fassal ker\u00fclt K\u00edn\u00e1ba, ezt is &#8222;lehets\u00e9gesnek&#8221; nevezt\u00e9k.<br \/>\n<div class=\"ads-in-post1\"><div id=\"gazdasagportal.hu_fullbanner_wideboard\"><\/div>\r\n<\/div>\n    A jelent\u00e9s e h\u00e1rom hipot\u00e9zis alapj\u00e1n javasolja a kutat\u00e1s folytat\u00e1s\u00e1t, de nem tartja val\u00f3sz\u00edn\u0171nek, hogy egy laborat\u00f3riumi baleset sor\u00e1n fert\u0151z\u0151d\u00f6tt volna meg ember az \u00faj koronav\u00edrussal. Donald Trump volt amerikai eln\u00f6k korm\u00e1nyzata ez ut\u00f3bbi elm\u00e9lethez ragaszkodott, K\u00edna pedig vadul tagadta ez a lehet\u0151s\u00e9get.<br \/>\n    Az Egyes\u00fclt \u00c1llamok \u00e9s tizenh\u00e1rom sz\u00f6vets\u00e9ges orsz\u00e1g kedden t\u00e1mogat\u00e1s\u00e1r\u00f3l biztos\u00edtotta az ENSZ szakos\u00edtott szervezet\u00e9t, de aggodalmainak adott hangot a K\u00edn\u00e1ban elv\u00e9gzett WHO-vizsg\u00e1lat kapcs\u00e1n.<br \/>\n    &#8222;Fontos kifejezn\u00fcnk k\u00f6z\u00f6s aggodalmainkat amiatt, hogy a SARS-CoV-2 v\u00edrus eredet\u00e9t vizsg\u00e1l\u00f3 nemzetk\u00f6zi kutat\u00f3csoport munk\u00e1j\u00e1t jelent\u0151sen k\u00e9sleltett\u00e9k, \u00e9s a kutat\u00f3k nem jutottak hozz\u00e1 kimer\u00edt\u0151 jelleggel az eredeti adatokhoz \u00e9s mint\u00e1khoz&#8221; &#8211; k\u00f6z\u00f6lte az amerikai korm\u00e1nyzat, valamint a t\u00f6bbi orsz\u00e1g, k\u00f6z\u00f6tt\u00fck az Egyes\u00fclt Kir\u00e1lys\u00e1g, Izrael, Kanada, Jap\u00e1n, Ausztr\u00e1lia, D\u00e1nia \u00e9s Norv\u00e9gia.<br \/>\n    &#8222;Kulcsfontoss\u00e1g\u00fa, hogy f\u00fcggetlen szak\u00e9rt\u0151k marad\u00e9ktalanul hozz\u00e1f\u00e9rhessenek az \u00f6sszes l\u00e9nyeges hum\u00e1n, \u00e1llati \u00e9s k\u00f6rnyezeti adathoz, valamint a j\u00e1rv\u00e1ny els\u0151 szakasz\u00e1ban \u00e9rintett kutat\u00e1sokhoz \u00e9s szem\u00e9lyzethez, amelyek hozz\u00e1j\u00e1rulhatnak annak meghat\u00e1roz\u00e1s\u00e1hoz, hogyan t\u00f6rt ki ez a vil\u00e1gj\u00e1rv\u00e1ny&#8221; &#8211; tett\u00e9k hozz\u00e1 az orsz\u00e1gok, amelyek k\u00f6z\u00f6tt ott van Csehorsz\u00e1g, \u00c9sztorsz\u00e1g, Lettorsz\u00e1g, Litv\u00e1nia, Szlov\u00e9nia \u00e9s D\u00e9l-Korea is.<br \/>\n<div class=\"ads-in-post1\"><div id=\"gazdasagportal.hu_fullbanner_wideboard\"><\/div>\r\n<\/div>\n    A nyilatkozat szerint az al\u00e1\u00edr\u00f3 orsz\u00e1gok nemcsak amiatt agg\u00f3dnak, hogy megismerj\u00e9k a vil\u00e1gj\u00e1rv\u00e1ny eredet\u00e9t, hanem meg k\u00edv\u00e1nj\u00e1k teremteni a kutat\u00e1s k\u00f6vetkez\u0151 szakasz\u00e1hoz vezet\u0151 gyors, \u00e1tl\u00e1that\u00f3 \u00e9s bizony\u00edt\u00e9kokon alapul\u00f3 elj\u00e1r\u00e1s m\u00f3dj\u00e1t, a j\u00f6v\u0151beli eg\u00e9szs\u00e9g\u00fcgyi v\u00e1ls\u00e1gok \u00e9rdek\u00e9ben is.<br \/>\n    A vil\u00e1gj\u00e1rv\u00e1nynak eddig legkevesebb 2,79 milli\u00f3 hal\u00e1los \u00e1ldozata volt, ami\u00f3ta az els\u0151 Covid-19-fert\u0151z\u00f6tteket 2019. december v\u00e9g\u00e9n jelentett\u00e9k Vuhanb\u00f3l.<br \/>\n    Az AFP hivatalos k\u00f6zl\u00e9seken alapul\u00f3 sz\u00e1m\u00edt\u00e1sai szerint a vil\u00e1gban eddig t\u00f6bb mint 565 milli\u00f3 adag, Covid-19 elleni vakcin\u00e1t adtak be 179 orsz\u00e1gban \u00e9s ter\u00fcleten.<br \/>\n(MTI)<\/p>\n","protected":false},"excerpt":{"rendered":"<p>Tov\u00e1bbi vizsg\u00e1latot szorgalmazott kedden Genfben az Eg\u00e9szs\u00e9g\u00fcgyi Vil\u00e1gszervezet (WHO) f\u0151igazgat\u00f3ja arr\u00f3l az elm\u00e9letr\u0151l, amely szerint a koronav\u00edrus-vil\u00e1gj\u00e1rv\u00e1nyt okoz\u00f3 v\u00edrus egy k\u00ednai laborat\u00f3riumb\u00f3l szabadult ki, \u00e9s b\u00edr\u00e1lta K\u00edn\u00e1t, ami\u00e9rt korl\u00e1tozta a nemzetk\u00f6zi szak\u00e9rt\u0151k hozz\u00e1f\u00e9r\u00e9s\u00e9t az els\u0151dleges adatokhoz.<\/p>\n","protected":false},"author":1001006,"featured_media":0,"comment_status":"closed","ping_status":"open","sticky":false,"template":"","format":"standard","meta":[],"categories":[13,14,427,246],"tags":[],"_links":{"self":[{"href":"https:\/\/gazdasagportal.hu\/index.php\/wp-json\/wp\/v2\/posts\/134200"}],"collection":[{"href":"https:\/\/gazdasagportal.hu\/index.php\/wp-json\/wp\/v2\/posts"}],"about":[{"href":"https:\/\/gazdasagportal.hu\/index.php\/wp-json\/wp\/v2\/types\/post"}],"author":[{"embeddable":true,"href":"https:\/\/gazdasagportal.hu\/index.php\/wp-json\/wp\/v2\/users\/1001006"}],"replies":[{"embeddable":true,"href":"https:\/\/gazdasagportal.hu\/index.php\/wp-json\/wp\/v2\/comments?post=134200"}],"version-history":[{"count":1,"href":"https:\/\/gazdasagportal.hu\/index.php\/wp-json\/wp\/v2\/posts\/134200\/revisions"}],"predecessor-version":[{"id":134201,"href":"https:\/\/gazdasagportal.hu\/index.php\/wp-json\/wp\/v2\/posts\/134200\/revisions\/134201"}],"wp:attachment":[{"href":"https:\/\/gazdasagportal.hu\/index.php\/wp-json\/wp\/v2\/media?parent=134200"}],"wp:term":[{"taxonomy":"category","embeddable":true,"href":"https:\/\/gazdasagportal.hu\/index.php\/wp-json\/wp\/v2\/categories?post=134200"},{"taxonomy":"post_tag","embeddable":true,"href":"https:\/\/gazdasagportal.hu\/index.php\/wp-json\/wp\/v2\/tags?post=134200"}],"curies":[{"name":"wp","href":"https:\/\/api.w.org\/{rel}","templated":true}]}}