{"id":134190,"date":"2021-03-31T06:31:43","date_gmt":"2021-03-31T04:31:43","guid":{"rendered":"http:\/\/gazdasagportal.hu\/?p=134190"},"modified":"2021-03-30T20:35:40","modified_gmt":"2021-03-30T18:35:40","slug":"az-oltast-kero-varandosok-regisztraljanak-majd-azutan-jelezzek-oltasi-szandekukat-a-haziorvosnal","status":"publish","type":"post","link":"https:\/\/gazdasagportal.hu\/index.php\/az-oltast-kero-varandosok-regisztraljanak-majd-azutan-jelezzek-oltasi-szandekukat-a-haziorvosnal\/","title":{"rendered":"Az olt\u00e1st k\u00e9r\u0151 v\u00e1rand\u00f3sok regisztr\u00e1ljanak, majd azut\u00e1n jelezz\u00e9k olt\u00e1si sz\u00e1nd\u00e9kukat a h\u00e1ziorvosn\u00e1l!"},"content":{"rendered":"<p><strong>A h\u00e1ziorvosok ki tudj\u00e1k sz\u0171rni a k\u00fcl\u00f6n\u00f6sen vesz\u00e9lyeztetett kismam\u00e1kat, akikn\u00e9l s\u00fcrget\u0151, hogy megkapj\u00e1k a koronav\u00edrus elleni v\u00e9d\u0151olt\u00e1st &#8211; k\u00f6z\u00f6lte a koronavirus.gov.hu kedden.<\/strong><!--more--><\/p>\n<div class=\"ads-in-post1\"><div id=\"gazdasagportal.hu_fullbanner_wideboard\"><\/div>\r\n<\/div>\n<p>    A korm\u00e1nyzati port\u00e1lon azt \u00edrt\u00e1k: az\u00e9rt is tartj\u00e1k mindenk\u00e9ppen indokoltnak a h\u00e1ziorvosok bevon\u00e1s\u00e1t az olt\u00e1s megszervez\u00e9s\u00e9be, mert a v\u00e1rand\u00f3sok \u00e9s magzatuk eg\u00e9szs\u00e9ge v\u00e9delm\u00e9\u00e9rt mindenk\u00e9ppen sz\u00fcks\u00e9ges az el\u0151zetes orvosi konzult\u00e1ci\u00f3 \u00e9s egy\u00e9ni m\u00e9rlegel\u00e9s az olthat\u00f3s\u00e1gr\u00f3l.<br \/>\n    A h\u00e1ziorvosok megkapt\u00e1k a v\u00e1rand\u00f3sok olt\u00e1s\u00e1val kapcsolatos szakmai aj\u00e1nl\u00e1sokat, \u00edgy ismerik a rizik\u00f3faktorokat is, amelyek megl\u00e9te eset\u00e9n kifejezetten javasolt a v\u00e1rand\u00f3s olt\u00e1sa. \u00cdgy a praxisukhoz tartoz\u00f3 v\u00e1rand\u00f3sok k\u00f6z\u00fcl ki tudj\u00e1k sz\u0171rni a k\u00fcl\u00f6n\u00f6sen vesz\u00e9lyeztetett kismam\u00e1kat, akiknek s\u00fcrget\u0151bb az olt\u00e1sa &#8211; emelt\u00e9k ki.<br \/>\n    Felh\u00edvt\u00e1k a figyelmet arra is, hogy az olt\u00e1st k\u00e9r\u0151 v\u00e1rand\u00f3sok el\u0151bb regisztr\u00e1ljanak a www.vakcinainfo.gov.hu honlapon, \u00e9s ezt k\u00f6vet\u0151en t\u00e1j\u00e9koztass\u00e1k h\u00e1ziorvosukat olt\u00e1si sz\u00e1nd\u00e9kukr\u00f3l. A h\u00e1ziorvos megszervezi az olt\u00e1sukat a k\u00f3rh\u00e1zi olt\u00f3ponton, ahol a Pfizer-vakcin\u00e1t kaphatj\u00e1k meg. Ha rendelkez\u00e9sre \u00e1ll Moderna-vakcina, akkor ak\u00e1r h\u00e1ziorvosi rendel\u0151ben is beadhatja az orvos a v\u00e9d\u0151olt\u00e1st &#8211; k\u00f6z\u00f6lt\u00e9k.<br \/>\n<div class=\"ads-in-post1\"><div id=\"gazdasagportal.hu_fullbanner_wideboard\"><\/div>\r\n<\/div>\n    Azt \u00edrt\u00e1k: az olt\u00e1s helysz\u00edne \u00e9s id\u0151pontja nagyban f\u00fcgg az \u00e9ppen az orsz\u00e1gban rendelkez\u00e9sre \u00e1ll\u00f3 \u00e9s a v\u00e1rand\u00f3sok olt\u00e1s\u00e1hoz alkalmazhat\u00f3 vakcin\u00e1kt\u00f3l is. A v\u00e1rand\u00f3sok olt\u00e1sa folyamatos lesz a k\u00f3rh\u00e1zi olt\u00f3pontokon.<br \/>\n    A jelenlegi szakmai aj\u00e1nl\u00e1sok alapj\u00e1n az els\u0151 olt\u00e1st a terhess\u00e9g 12. hete ut\u00e1n, a m\u00e1sodikat a sz\u00fcl\u00e9s ut\u00e1n javasolt beadni. Az olt\u00e1shoz azt k\u00e9rik, hogy a kismam\u00e1k vigy\u00e9k magukkal a v\u00e1rand\u00f3sgondoz\u00e1si kisk\u00f6nyv\u00fcket is &#8211; olvashat\u00f3 a koronavirus.gov.hu t\u00e1j\u00e9koztat\u00f3j\u00e1ban.(MTI)<\/p>\n","protected":false},"excerpt":{"rendered":"<p>A h\u00e1ziorvosok ki tudj\u00e1k sz\u0171rni a k\u00fcl\u00f6n\u00f6sen vesz\u00e9lyeztetett kismam\u00e1kat, akikn\u00e9l s\u00fcrget\u0151, hogy megkapj\u00e1k a koronav\u00edrus elleni v\u00e9d\u0151olt\u00e1st &#8211; k\u00f6z\u00f6lte a koronavirus.gov.hu kedden.<\/p>\n","protected":false},"author":1001006,"featured_media":0,"comment_status":"closed","ping_status":"open","sticky":false,"template":"","format":"standard","meta":[],"categories":[4,427],"tags":[],"_links":{"self":[{"href":"https:\/\/gazdasagportal.hu\/index.php\/wp-json\/wp\/v2\/posts\/134190"}],"collection":[{"href":"https:\/\/gazdasagportal.hu\/index.php\/wp-json\/wp\/v2\/posts"}],"about":[{"href":"https:\/\/gazdasagportal.hu\/index.php\/wp-json\/wp\/v2\/types\/post"}],"author":[{"embeddable":true,"href":"https:\/\/gazdasagportal.hu\/index.php\/wp-json\/wp\/v2\/users\/1001006"}],"replies":[{"embeddable":true,"href":"https:\/\/gazdasagportal.hu\/index.php\/wp-json\/wp\/v2\/comments?post=134190"}],"version-history":[{"count":1,"href":"https:\/\/gazdasagportal.hu\/index.php\/wp-json\/wp\/v2\/posts\/134190\/revisions"}],"predecessor-version":[{"id":134191,"href":"https:\/\/gazdasagportal.hu\/index.php\/wp-json\/wp\/v2\/posts\/134190\/revisions\/134191"}],"wp:attachment":[{"href":"https:\/\/gazdasagportal.hu\/index.php\/wp-json\/wp\/v2\/media?parent=134190"}],"wp:term":[{"taxonomy":"category","embeddable":true,"href":"https:\/\/gazdasagportal.hu\/index.php\/wp-json\/wp\/v2\/categories?post=134190"},{"taxonomy":"post_tag","embeddable":true,"href":"https:\/\/gazdasagportal.hu\/index.php\/wp-json\/wp\/v2\/tags?post=134190"}],"curies":[{"name":"wp","href":"https:\/\/api.w.org\/{rel}","templated":true}]}}