{"id":134111,"date":"2021-03-27T04:34:51","date_gmt":"2021-03-27T03:34:51","guid":{"rendered":"http:\/\/gazdasagportal.hu\/?p=134111"},"modified":"2021-03-26T23:29:24","modified_gmt":"2021-03-26T22:29:24","slug":"volt-amerikai-jarvanyugyi-vezeto-kinai-laboratoriumbol-szabadult-ki-a-virus","status":"publish","type":"post","link":"https:\/\/gazdasagportal.hu\/index.php\/volt-amerikai-jarvanyugyi-vezeto-kinai-laboratoriumbol-szabadult-ki-a-virus\/","title":{"rendered":"Volt amerikai j\u00e1rv\u00e1ny\u00fcgyi vezet\u0151: k\u00ednai laborat\u00f3riumb\u00f3l szabadult ki a v\u00edrus"},"content":{"rendered":"<p><strong>A koronav\u00edrus-vil\u00e1gj\u00e1rv\u00e1nyt okoz\u00f3 v\u00edrus egy, a k\u00ednai Vuhanban l\u00e9v\u0151 laborat\u00f3riumb\u00f3l szabadult ki &#8211; mondta p\u00e9nteken a CNN h\u00edrtelev\u00edzi\u00f3nak adott interj\u00faj\u00e1ban Robert Redfield, az amerikai j\u00e1rv\u00e1ny\u00fcgyi \u00e9s betegs\u00e9gmegel\u0151z\u00e9si k\u00f6zpont (CDC) volt igazgat\u00f3ja.<\/strong><!--more--><\/p>\n<div class=\"ads-in-post1\"><div id=\"gazdasagportal.hu_fullbanner_wideboard\"><\/div>\r\n<\/div>\n<p>    &#8222;Tov\u00e1bbra is azt gondolom, hogy a k\u00f3r elterjed\u00e9s\u00e9nek az az oka, hogy a v\u00edrus elszabadult egy vuhani laborat\u00f3riumb\u00f3l&#8221; &#8211; fogalmazott Redfield. &#8222;M\u00e1sok nem hisznek ebben. Rendben van. A tudom\u00e1ny v\u00e9g\u00fcl r\u00e1 fog j\u00f6nni&#8221; &#8211; mondta az eg\u00e9szs\u00e9g\u00fcgyi szakember, aki az eddig vil\u00e1gszerte 2,7 milli\u00f3 hal\u00e1los \u00e1ldozatot k\u00f6vetel\u0151 koronav\u00edrus-j\u00e1rv\u00e1ny kit\u00f6r\u00e9sekor vezette a CDC-t.<br \/>\n    Egyes elm\u00e9letek szerint a Covid-19 betegs\u00e9get okoz\u00f3 v\u00edrus eredetileg egy, a denev\u00e9reket fert\u0151z\u0151 vari\u00e1nsb\u00f3l mut\u00e1l\u00f3dott, \u00e9s \u00edgy alakult ki az emberekre vesz\u00e9lyes v\u00edrust\u00f6rzs. Vannak azonban, akik &#8211; osztozva Redfield v\u00e9lem\u00e9ny\u00e9n &#8211; \u00fagy v\u00e9lik, hogy a v\u00edrus valamilyen m\u00f3don a Vuhani Virol\u00f3giai Int\u00e9zetb\u0151l szabadult ki. Az Axios nev\u0171 amerikai h\u00edrport\u00e1l szerint ez az egyetlen laborat\u00f3rium K\u00edn\u00e1ban, amely enged\u00e9lyt kapott a legvesz\u00e9lyesebb ismert k\u00f3rokoz\u00f3k vizsg\u00e1lat\u00e1ra.<br \/>\n    Redfield arr\u00f3l is besz\u00e9lt, hogy \u00e1ltal\u00e1ban amikor egy v\u00edrus \u00e1tterjed az \u00e1llatokr\u00f3l emberekre, &#8222;eltart egy ideig, mire kialakul az ember \u00e9s ember k\u00f6z\u00f6tti \u00e1tvitel&#8221;. &#8222;Nem hiszem, hogy ez valahogy egy denev\u00e9rr\u0151l terjedt \u00e1t az emberre, \u00e9s abban a pillanatban, ahogy a v\u00edrus az emberbe ker\u00fclt, az egyik legfert\u0151z\u0151bb v\u00e1ltozat lett, amelyet az emberis\u00e9g ismer. Szerintem ennek biol\u00f3giai szempontb\u00f3l nincs \u00e9rtelme&#8221; &#8211; fogalmazott a volt igazgat\u00f3.<br \/>\n<div class=\"ads-in-post2\"><script async src=\"https:\/\/pagead2.googlesyndication.com\/pagead\/js\/adsbygoogle.js\"><\/script>\r\n<ins class=\"adsbygoogle\"\r\n     style=\"display:block\"\r\n     data-ad-format=\"fluid\"\r\n     data-ad-layout-key=\"-6t+ed+2i-1n-4w\"\r\n     data-ad-client=\"ca-pub-1959107119989764\"\r\n     data-ad-slot=\"4008251320\"><\/ins>\r\n<script>\r\n     (adsbygoogle = window.adsbygoogle || []).push({});\r\n<\/script><\/div>\n    A Feh\u00e9r H\u00e1z sz\u00f3viv\u0151je p\u00e9nteken azt mondta: a Joe Biden amerikai eln\u00f6k vezette adminisztr\u00e1ci\u00f3 az Eg\u00e9szs\u00e9g\u00fcgyi Vil\u00e1gszervezet (WHO) \u00e1ll\u00e1sfoglal\u00e1s\u00e1ra v\u00e1r, \u00e9s ut\u00e1na fogj\u00e1k kialak\u00edtani v\u00e9lem\u00e9ny\u00fcket a v\u00edrus eredet\u00e9vel kapcsolatban. Jen Psaki arr\u00f3l is besz\u00e9lt, hogy a kabinet &#8222;nemzetk\u00f6zi vizsg\u00e1latot is szorgalmazott, valamint megvizsg\u00e1lja a t\u00f6rt\u00e9nteket, a v\u00edrus eredet\u00e9t \u00e9s az \u00e1tl\u00e1that\u00f3s\u00e1g hi\u00e1ny\u00e1t&#8221;.<br \/>\n    Az Eg\u00e9szs\u00e9g\u00fcgyi Vil\u00e1gszervezet elk\u00e9sz\u00edtette jelent\u00e9s\u00e9t a koronav\u00edrus eredet\u00e9r\u0151l &#8211; ezt szint\u00e9n p\u00e9nteken jelentette be a WHO-nak a Covid-19 eredet\u00e9vel foglalkoz\u00f3 vizsg\u00e1lati csoportj\u00e1t vezet\u0151 Peter Ben Embarek. Elmondta, hogy a 400 oldalas dokumentum egy utols\u00f3 szak\u00e9rt\u0151i ellen\u0151rz\u00e9sen esik \u00e1t, \u00e9s val\u00f3sz\u00edn\u0171leg a k\u00f6vetkez\u0151 napokban nyilv\u00e1noss\u00e1gra hozz\u00e1k.<br \/>\n<div class=\"ads-in-post1\"><div id=\"gazdasagportal.hu_fullbanner_wideboard\"><\/div>\r\n<\/div>\n    &#8222;Nyilv\u00e1nval\u00f3an sz\u00e1mos elm\u00e9let l\u00e9tezik&#8221; &#8211; err\u0151l besz\u00e9lt p\u00e9nteken Joe Biden fert\u0151z\u0151 betegs\u00e9gekkel foglalkoz\u00f3 f\u0151tan\u00e1csad\u00f3ja. Anthony Fauci azt mondta: Redfieldnek is van egy v\u00e9lem\u00e9nye, \u00e9s vannak m\u00e1s k\u00f6zeg\u00e9szs\u00e9g\u00fcgyi tisztvisel\u0151k, akik viszont \u00fagy gondolj\u00e1k, hogy a v\u00edrus t\u00f6bb h\u00e9ten \u00e1t terjedhetett K\u00edn\u00e1ban, a k\u00f6z\u00f6ss\u00e9gekben, miel\u0151tt egy laborat\u00f3riumban azonos\u00edtott\u00e1k.(MTI)<\/p>\n","protected":false},"excerpt":{"rendered":"<p>A koronav\u00edrus-vil\u00e1gj\u00e1rv\u00e1nyt okoz\u00f3 v\u00edrus egy, a k\u00ednai Vuhanban l\u00e9v\u0151 laborat\u00f3riumb\u00f3l szabadult ki &#8211; mondta p\u00e9nteken a CNN h\u00edrtelev\u00edzi\u00f3nak adott interj\u00faj\u00e1ban Robert Redfield, az amerikai j\u00e1rv\u00e1ny\u00fcgyi \u00e9s betegs\u00e9gmegel\u0151z\u00e9si k\u00f6zpont (CDC) volt igazgat\u00f3ja.<\/p>\n","protected":false},"author":1001006,"featured_media":0,"comment_status":"closed","ping_status":"open","sticky":false,"template":"","format":"standard","meta":[],"categories":[13,14,427],"tags":[],"_links":{"self":[{"href":"https:\/\/gazdasagportal.hu\/index.php\/wp-json\/wp\/v2\/posts\/134111"}],"collection":[{"href":"https:\/\/gazdasagportal.hu\/index.php\/wp-json\/wp\/v2\/posts"}],"about":[{"href":"https:\/\/gazdasagportal.hu\/index.php\/wp-json\/wp\/v2\/types\/post"}],"author":[{"embeddable":true,"href":"https:\/\/gazdasagportal.hu\/index.php\/wp-json\/wp\/v2\/users\/1001006"}],"replies":[{"embeddable":true,"href":"https:\/\/gazdasagportal.hu\/index.php\/wp-json\/wp\/v2\/comments?post=134111"}],"version-history":[{"count":2,"href":"https:\/\/gazdasagportal.hu\/index.php\/wp-json\/wp\/v2\/posts\/134111\/revisions"}],"predecessor-version":[{"id":134113,"href":"https:\/\/gazdasagportal.hu\/index.php\/wp-json\/wp\/v2\/posts\/134111\/revisions\/134113"}],"wp:attachment":[{"href":"https:\/\/gazdasagportal.hu\/index.php\/wp-json\/wp\/v2\/media?parent=134111"}],"wp:term":[{"taxonomy":"category","embeddable":true,"href":"https:\/\/gazdasagportal.hu\/index.php\/wp-json\/wp\/v2\/categories?post=134111"},{"taxonomy":"post_tag","embeddable":true,"href":"https:\/\/gazdasagportal.hu\/index.php\/wp-json\/wp\/v2\/tags?post=134111"}],"curies":[{"name":"wp","href":"https:\/\/api.w.org\/{rel}","templated":true}]}}