{"id":134032,"date":"2021-03-24T07:16:21","date_gmt":"2021-03-24T06:16:21","guid":{"rendered":"http:\/\/gazdasagportal.hu\/?p=134032"},"modified":"2021-03-23T21:59:44","modified_gmt":"2021-03-23T20:59:44","slug":"koronavirus-kreml-putyin-megkapta-a-vedooltast","status":"publish","type":"post","link":"https:\/\/gazdasagportal.hu\/index.php\/koronavirus-kreml-putyin-megkapta-a-vedooltast\/","title":{"rendered":"Koronav\u00edrus &#8211; Kreml: Putyin megkapta a v\u00e9d\u0151olt\u00e1st"},"content":{"rendered":"<p><strong>Megkapta a Covid-19 elleni v\u00e9d\u0151olt\u00e1st Vlagyimir Putyin orosz eln\u00f6k &#8211; k\u00f6z\u00f6lte kedd este Dmitrij Peszkov, a Kreml sz\u00f3viv\u0151je.<\/strong><!--more--><\/p>\n<div class=\"ads-in-post1\"><div id=\"gazdasagportal.hu_fullbanner_wideboard\"><\/div>\r\n<\/div>\n<p>    A sz\u00f3viv\u0151 szerint az eln\u00f6k k\u00f6z\u00e9rzete j\u00f3. Putyin h\u00e9tf\u0151n k\u00f6z\u00f6lte, hogy kedden k\u00edv\u00e1nja beoltatni mag\u00e1t.<br \/>\n    A Kreml el\u0151re bejelentette, nem fogja k\u00f6z\u00f6lni, hogy a forgalomban l\u00e9v\u0151 h\u00e1rom orosz vakcina &#8211; a Szputnyik V, az EpiVacCorona \u00e9s a CoviVac &#8211; k\u00f6z\u00fcl melyiket kapja meg az eln\u00f6k. Az el\u0151zetes t\u00e1j\u00e9koztat\u00e1s szerint Putyin k\u00edv\u00e1ns\u00e1g\u00e1ra a vakcin\u00e1ci\u00f3 nem volt nyilv\u00e1nos, \u00e9s nem k\u00e9sz\u00fclt r\u00f3la felv\u00e9tel.<br \/>\n    Tatyjana Golikova minisztereln\u00f6k-helyettes a Rosszija 24 h\u00edrcsatorn\u00e1nak azt mondta, hogy Oroszorsz\u00e1g a vakcin\u00e1ci\u00f3 jelenlegi temp\u00f3ja mellett v\u00e1rhat\u00f3an augusztusra \u00e9ri el a kollekt\u00edv immunit\u00e1st, akkorra a tervek szerint 68,9 milli\u00f3 ember fogja megkapni a v\u00e9d\u0151olt\u00e1st. A tiszts\u00e9gvisel\u0151 \u00fagy v\u00e9lekedett, hogy a lakoss\u00e1g olt\u00e1s\u00e1nak \u00fcteme fel fog gyorsulni.<br \/>\n    Golikova azt is k\u00f6z\u00f6lte, hogy az orsz\u00e1gban az els\u0151 f\u00e9l\u00e9vben 89 milli\u00f3 adag k\u00e9tkomponens\u0171 vakcina k\u00e9sz\u00fcl el, ebb\u0151l t\u00f6bb mint 12 milli\u00f3 k\u00e9szletnyi Szputnyik V.<br \/>\n    Mihail Murasko eg\u00e9szs\u00e9g\u00fcgyi miniszter ugyanennek a telev\u00edzi\u00f3nak azt mondta, hogy Oroszorsz\u00e1gban az \u00faj koronav\u00edrus-fert\u0151z\u00e9s &#8222;kiss\u00e9 visszaszorult&#8221;, de a k\u00f3rh\u00e1zban \u00e1polt betegek sz\u00e1ma m\u00e9g mindig magas. A t\u00e1rcavezet\u0151 szerint jelenleg 380 ezren kapnak kezel\u00e9st a Covid-19 ellen, k\u00f6z\u00fcl\u00fck 130 ezren vannak k\u00f3rh\u00e1zban.<br \/>\n    Murasko hangs\u00falyozta, hogy a megbeteged\u00e9s elker\u00fcl\u00e9s\u00e9nek legbiztosabb m\u00f3dja a vakcin\u00e1ci\u00f3, \u00e9s oltakoz\u00e1sra buzd\u00edtotta a lakoss\u00e1got.<br \/>\n<div class=\"ads-in-post1\"><div id=\"gazdasagportal.hu_fullbanner_wideboard\"><\/div>\r\n<\/div>\n    Oroszorsz\u00e1gban a kedden k\u00f6zz\u00e9tett hivatalos adatok szerint az igazolt \u00faj fert\u0151z\u00f6ttek sz\u00e1ma az elm\u00falt napon 8457-tel &#8211; ez a legalacsonyabb sz\u00e1m szeptember 29. \u00f3ta &#8211; 4 474 610-re emelkedett. Az akt\u00edv fert\u0151z\u00f6ttek sz\u00e1ma 290 747-re cs\u00f6kkent, a hal\u00e1los \u00e1ldozatok\u00e9 427-tel 95 818-ra, a fel\u00e9p\u00fcltek\u00e9 pedig 10 860-nal 4 088 045-re emelkedett. Oroszorsz\u00e1gban a j\u00e1rv\u00e1ny kezdete \u00f3ta t\u00f6bb mint 117,9 milli\u00f3, az elm\u00falt napon pedig mintegy 183 ezer laborat\u00f3riumi tesztet v\u00e9geztek el. \u00daj koronav\u00edrusos fert\u0151z\u00e9s gyan\u00faj\u00e1val 482 496 embert tartanak orvosi megfigyel\u00e9s alatt.(MTI)<\/p>\n","protected":false},"excerpt":{"rendered":"<p>Megkapta a Covid-19 elleni v\u00e9d\u0151olt\u00e1st Vlagyimir Putyin orosz eln\u00f6k &#8211; k\u00f6z\u00f6lte kedd este Dmitrij Peszkov, a Kreml sz\u00f3viv\u0151je.<\/p>\n","protected":false},"author":1001006,"featured_media":0,"comment_status":"closed","ping_status":"open","sticky":false,"template":"","format":"standard","meta":[],"categories":[12],"tags":[],"_links":{"self":[{"href":"https:\/\/gazdasagportal.hu\/index.php\/wp-json\/wp\/v2\/posts\/134032"}],"collection":[{"href":"https:\/\/gazdasagportal.hu\/index.php\/wp-json\/wp\/v2\/posts"}],"about":[{"href":"https:\/\/gazdasagportal.hu\/index.php\/wp-json\/wp\/v2\/types\/post"}],"author":[{"embeddable":true,"href":"https:\/\/gazdasagportal.hu\/index.php\/wp-json\/wp\/v2\/users\/1001006"}],"replies":[{"embeddable":true,"href":"https:\/\/gazdasagportal.hu\/index.php\/wp-json\/wp\/v2\/comments?post=134032"}],"version-history":[{"count":1,"href":"https:\/\/gazdasagportal.hu\/index.php\/wp-json\/wp\/v2\/posts\/134032\/revisions"}],"predecessor-version":[{"id":134033,"href":"https:\/\/gazdasagportal.hu\/index.php\/wp-json\/wp\/v2\/posts\/134032\/revisions\/134033"}],"wp:attachment":[{"href":"https:\/\/gazdasagportal.hu\/index.php\/wp-json\/wp\/v2\/media?parent=134032"}],"wp:term":[{"taxonomy":"category","embeddable":true,"href":"https:\/\/gazdasagportal.hu\/index.php\/wp-json\/wp\/v2\/categories?post=134032"},{"taxonomy":"post_tag","embeddable":true,"href":"https:\/\/gazdasagportal.hu\/index.php\/wp-json\/wp\/v2\/tags?post=134032"}],"curies":[{"name":"wp","href":"https:\/\/api.w.org\/{rel}","templated":true}]}}