{"id":13395,"date":"2013-08-08T12:40:57","date_gmt":"2013-08-08T10:40:57","guid":{"rendered":"http:\/\/stockportal.hu\/?p=13395"},"modified":"2013-08-08T12:40:57","modified_gmt":"2013-08-08T10:40:57","slug":"az-erste-group-is-visszafizette-az-allami-tokejuttatast","status":"publish","type":"post","link":"https:\/\/gazdasagportal.hu\/index.php\/az-erste-group-is-visszafizette-az-allami-tokejuttatast\/","title":{"rendered":"Az Erste Group is visszafizette az \u00e1llami t\u0151kejuttat\u00e1st"},"content":{"rendered":"<p><strong>Az el\u0151zetes k\u00f6zl\u00e9snek megfelel\u0151en cs\u00fct\u00f6rt\u00f6k\u00f6n visszafizette az osztr\u00e1k \u00e1llamt\u00f3l \u00e9s mag\u00e1nbefektet\u0151kt\u0151l a p\u00e9nz\u00fcgyi v\u00e1ls\u00e1g cs\u00facs\u00e1n kapott t\u0151kejuttat\u00e1st az Erste Group Bank. Err\u0151l a bank sz\u00e1molt be B\u00e9csben kiadott k\u00f6zlem\u00e9ny\u00e9ben.<!--more--><\/strong><\/p>\n<p>A bankcsoportot 2009-ben \u00f6sszesen 1,76 milli\u00e1rd eur\u00f3val er\u0151s\u00edtett\u00e9k meg nem fizet\u0151 r\u00e9szjegyek form\u00e1j\u00e1ban. 1,22 milli\u00e1rd eur\u00f3 \u00e9rt\u00e9kben az osztr\u00e1k \u00e1llam, 450 milli\u00f3 eur\u00f3 \u00e9rt\u00e9kben mag\u00e1nbefektet\u0151k jegyeztek r\u00e9szv\u00e9teli t\u0151k\u00e9t.<br \/>\nA r\u00e9szv\u00e9teli t\u0151ke ut\u00e1n a bankcsoport az \u00e1llamnak \u00e9vi 98 milli\u00f3, a mag\u00e1nbefektet\u0151knek \u00e9vi 43 milli\u00f3 eur\u00f3 osztal\u00e9kot fizetett 2009 \u00e9s 2012 k\u00f6z\u00f6tt. A 2013-as \u00e9vi &#8211; 448 milli\u00f3, illetve 198 milli\u00f3 eur\u00f3 &#8211; osztal\u00e9kokat el\u0151rel\u00e1that\u00f3lag 2014 j\u00fanius\u00e1ban fizetik ki.<br \/>\nA 2009-es t\u0151kefelv\u00e9tel c\u00e9lja az volt, hogy a bankcsoport a gazdas\u00e1gi v\u00e1ls\u00e1gban is er\u0151s partnere maradjon \u00fcgyfeleinek &#8211; \u00edrt\u00e1k a cs\u00fct\u00f6rt\u00f6ki k\u00f6zlem\u00e9nyben.<br \/>\nAz osztr\u00e1k \u00e1llam t\u00f6bb nagybankot is r\u00e9szv\u00e9teli t\u0151k\u00e9vel er\u0151s\u00edtett meg 2009-ben, k\u00f6zt\u00fck a Bawagot 550 milli\u00f3, a Raiffeisent 1,75 milli\u00e1rd eur\u00f3val. Els\u0151k\u00e9nt az Erste fizette vissza a t\u0151kejuttat\u00e1st. A bank j\u00faliusban egy t\u0151kekibocs\u00e1t\u00e1s r\u00e9v\u00e9n nett\u00f3 632 milli\u00f3 eur\u00f3 friss t\u0151k\u00e9hez jutott, \u00e9s a befolyt \u00f6sszeget teljes eg\u00e9sz\u00e9ben a visszafizet\u00e9sre ford\u00edtotta.(MTI)<\/p>\n","protected":false},"excerpt":{"rendered":"<p>Az el\u0151zetes k\u00f6zl\u00e9snek megfelel\u0151en cs\u00fct\u00f6rt\u00f6k\u00f6n visszafizette az osztr\u00e1k \u00e1llamt\u00f3l \u00e9s mag\u00e1nbefektet\u0151kt\u0151l a p\u00e9nz\u00fcgyi v\u00e1ls\u00e1g cs\u00facs\u00e1n kapott t\u0151kejuttat\u00e1st az Erste Group Bank. Err\u0151l a bank sz\u00e1molt be B\u00e9csben kiadott k\u00f6zlem\u00e9ny\u00e9ben.<\/p>\n","protected":false},"author":1,"featured_media":0,"comment_status":"open","ping_status":"closed","sticky":false,"template":"","format":"standard","meta":[],"categories":[12],"tags":[],"_links":{"self":[{"href":"https:\/\/gazdasagportal.hu\/index.php\/wp-json\/wp\/v2\/posts\/13395"}],"collection":[{"href":"https:\/\/gazdasagportal.hu\/index.php\/wp-json\/wp\/v2\/posts"}],"about":[{"href":"https:\/\/gazdasagportal.hu\/index.php\/wp-json\/wp\/v2\/types\/post"}],"author":[{"embeddable":true,"href":"https:\/\/gazdasagportal.hu\/index.php\/wp-json\/wp\/v2\/users\/1"}],"replies":[{"embeddable":true,"href":"https:\/\/gazdasagportal.hu\/index.php\/wp-json\/wp\/v2\/comments?post=13395"}],"version-history":[{"count":2,"href":"https:\/\/gazdasagportal.hu\/index.php\/wp-json\/wp\/v2\/posts\/13395\/revisions"}],"predecessor-version":[{"id":13397,"href":"https:\/\/gazdasagportal.hu\/index.php\/wp-json\/wp\/v2\/posts\/13395\/revisions\/13397"}],"wp:attachment":[{"href":"https:\/\/gazdasagportal.hu\/index.php\/wp-json\/wp\/v2\/media?parent=13395"}],"wp:term":[{"taxonomy":"category","embeddable":true,"href":"https:\/\/gazdasagportal.hu\/index.php\/wp-json\/wp\/v2\/categories?post=13395"},{"taxonomy":"post_tag","embeddable":true,"href":"https:\/\/gazdasagportal.hu\/index.php\/wp-json\/wp\/v2\/tags?post=13395"}],"curies":[{"name":"wp","href":"https:\/\/api.w.org\/{rel}","templated":true}]}}