{"id":133883,"date":"2021-03-16T14:55:48","date_gmt":"2021-03-16T13:55:48","guid":{"rendered":"http:\/\/gazdasagportal.hu\/?p=133883"},"modified":"2021-03-16T14:55:48","modified_gmt":"2021-03-16T13:55:48","slug":"orszagos-tisztifoorvos-a-kovetkezo-hetekben-emelkedhet-a-fertozottek-szama","status":"publish","type":"post","link":"https:\/\/gazdasagportal.hu\/index.php\/orszagos-tisztifoorvos-a-kovetkezo-hetekben-emelkedhet-a-fertozottek-szama\/","title":{"rendered":"Orsz\u00e1gos tisztif\u0151orvos: a k\u00f6vetkez\u0151 hetekben emelkedhet a fert\u0151z\u00f6ttek sz\u00e1ma"},"content":{"rendered":"<p><strong>A szennyv\u00edzvizsg\u00e1latok eredm\u00e9nyei azt mutatj\u00e1k, hogy a k\u00f6vetkez\u0151 hetekben a fert\u0151z\u00f6ttek sz\u00e1m\u00e1nak emelked\u00e9s\u00e9re kell sz\u00e1m\u00edtani &#8211; mondta az orsz\u00e1gos tisztif\u0151orvos a pand\u00e9mia elleni v\u00e9dekez\u00e9s\u00e9rt felel\u0151s operat\u00edv t\u00f6rzs keddi, online sajt\u00f3t\u00e1j\u00e9koztat\u00f3j\u00e1n.<\/strong><!--more--><\/p>\n<div class=\"ads-in-post1\"><div id=\"gazdasagportal.hu_fullbanner_wideboard\"><\/div>\r\n<\/div>\n<p>    M\u00fcller Cec\u00edlia hangs\u00falyozta: &#8222;neh\u00e9z hetek el\u0151tt \u00e1llunk, minden bevezetett \u00f3vint\u00e9zked\u00e9sre sz\u00fcks\u00e9g van&#8221;.<br \/>\n    Hozz\u00e1tette, hogy a v\u00edrus brit mut\u00e1ci\u00f3ja sokkal fert\u0151z\u0151k\u00e9pesebb, \u00e9s \u00fagy t\u0171nik, hogy fiatalabbakat beteg\u00edt meg, akik r\u00f6vid id\u0151 alatt s\u00falyos \u00e1llapotba ker\u00fclnek.<br \/>\n    \u00d3ri\u00e1si teher h\u00e1rul az eg\u00e9szs\u00e9g\u00fcgyi ell\u00e1t\u00f3 rendszerre; h\u00e9tf\u0151n mintegy 500-an, a hossz\u00fa h\u00e9tv\u00e9ge alatt 1126-an ker\u00fcltek k\u00f3rh\u00e1zba &#8211; mondta.<br \/>\n    K\u00f6z\u00f6lte: kedden 120 510 adag Pfizer-vakcina \u00e9rkezett Magyarorsz\u00e1gra, az olt\u00f3anyagot a regisztr\u00e1lt id\u0151sek olt\u00e1s\u00e1ra \u00e9s a m\u00e1sodik k\u00f6r\u00f6s olt\u00e1sokra haszn\u00e1lj\u00e1k fel. Szerd\u00e1n 100 ezer Sinopharm-vakcina \u00e9rkezik, \u00e9s a Nemzeti N\u00e9peg\u00e9szs\u00e9g\u00fcgyi K\u00f6zpont befejezte a kor\u00e1bban sz\u00e1ll\u00edtott, 280 ezer adag Szputnyik V, illetve 450 ezer adag k\u00ednai vakcina vizsg\u00e1lat\u00e1t, \u00edgy azokat is fel lehet haszn\u00e1lni.<br \/>\n    M\u00fcller Cec\u00edlia elmondta: h\u00e9tf\u0151n 143 halottja volt a j\u00e1rv\u00e1nynak.<br \/>\n<div class=\"ads-in-post2\"><script async src=\"https:\/\/pagead2.googlesyndication.com\/pagead\/js\/adsbygoogle.js\"><\/script>\r\n<ins class=\"adsbygoogle\"\r\n     style=\"display:block\"\r\n     data-ad-format=\"fluid\"\r\n     data-ad-layout-key=\"-6t+ed+2i-1n-4w\"\r\n     data-ad-client=\"ca-pub-1959107119989764\"\r\n     data-ad-slot=\"4008251320\"><\/ins>\r\n<script>\r\n     (adsbygoogle = window.adsbygoogle || []).push({});\r\n<\/script><\/div>\n    Arra figyelmeztetett: a v\u00edrus brit mut\u00e1nsa sokkal fert\u0151z\u0151k\u00e9pesebb, hamarabb s\u00falyos \u00e1llapotba ker\u00fclhetnek a betegek t\u0151le, \u00e9s a fiatalabbakat beteg\u00edti meg &#8211; els\u0151sorban az\u00e9rt, mert az id\u0151sebbek egy r\u00e9sz\u00e9t m\u00e1r siker\u00fclt beoltani -, \u00edgy mind t\u00f6bb fiatal ker\u00fcl intenz\u00edv oszt\u00e1lyra.<br \/>\n    A v\u00edrus mut\u00e1nsai nagyobb er\u0151vel t\u00e1madnak mint a kor\u00e1bbi v\u00e1ltozat, teljesen megv\u00e1ltoztatt\u00e1k a j\u00e1rv\u00e1ny g\u00f6rb\u00e9t &#8211; jegyezte meg.<br \/>\n    A szennyv\u00edz vizsg\u00e1lata azt mutatja, hogy a k\u00f6vetkez\u0151 hetekben a j\u00e1rv\u00e1nyadatok emelked\u00e9s\u00e9re kell sz\u00e1m\u00edtani. Nagyon neh\u00e9z hetek k\u00f6vetkeznek, fontos, hogy mindenki felel\u0151ss\u00e9gteljesen betartsa az \u00f3vint\u00e9zked\u00e9seket &#8211; hangs\u00falyozta M\u00fcller Cec\u00edlia.<br \/>\n<div class=\"ads-in-post1\"><div id=\"gazdasagportal.hu_fullbanner_wideboard\"><\/div>\r\n<\/div>\n    Jelenleg 9844 embert \u00e1polnak koronav\u00edrus-fert\u0151z\u00e9ssel k\u00f3rh\u00e1zban, m\u00e1r nemcsak \u00faj k\u00f3rtermeket, hanem \u00faj r\u00e9szlegeket is kell nyitni. 1067 beteg l\u00e9legeztet\u0151-g\u00e9pen van, h\u00e9tf\u0151n 4926 \u00faj fert\u0151z\u00f6ttet tal\u00e1ltak, ugyanakkor eddig m\u00e1r 1 milli\u00f3 347 ezer ember megkapta az olt\u00e1st. Minden az orsz\u00e1gba be\u00e9rkez\u0151 olt\u00f3anyagot felhaszn\u00e1lnak &#8211; hangs\u00falyozta.<br \/>\n    A h\u00e9ten v\u00e1rnak AstraZeneca olt\u00f3anyagot, de a c\u00e9g m\u00e1r jelezte, hogy csak cs\u00f6kkentett mennyis\u00e9gben tud sz\u00e1ll\u00edtani &#8211; tette hozz\u00e1.<br \/>\n    A tisztif\u0151orvos jelezte: nem lehet el\u0151re tudni, hogy a fert\u0151z\u00e9s kin\u00e9l milyen \u00e1llapotot id\u00e9z el\u0151. Mivel a jelenlegi inform\u00e1ci\u00f3k szerint els\u0151sorban a cukorbetegs\u00e9gben szenved\u0151k ker\u00fclhetnek s\u00falyos \u00e1llapotba, \u0151k, amint lehet, oltass\u00e1k be magukat &#8211; k\u00e9rte.<br \/>\n<div class=\"ads-in-post1\"><div id=\"gazdasagportal.hu_fullbanner_wideboard\"><\/div>\r\n<\/div>\n    Jelenleg k\u00f3rh\u00e1zakban \u00e9s h\u00e1ziorvosokn\u00e1l m\u0171k\u00f6dnek olt\u00f3pontok, de ha lesz nagyobb mennyis\u00e9g\u0171 olt\u00f3anyag, akkor b\u0151v\u00fcl az olt\u00f3pontok sz\u00e1ma &#8211; tette hozz\u00e1.<br \/>\n    A tisztif\u0151orvos elmondta: n\u0151 az oltakoz\u00e1si hajland\u00f3s\u00e1g, a KSH adatai szerint tavaly novemberben az emberek 15 sz\u00e1zal\u00e9ka adatta volna be az olt\u00e1st, 2 hete 42,4 sz\u00e1zal\u00e9k, a legfrissebb adat szerint pedig m\u00e1r 46,4 sz\u00e1zal\u00e9k az ar\u00e1nyuk. Az olt\u00e1sra eddig 3 milli\u00f3an regisztr\u00e1ltak, a 60 \u00e9ven fel\u00fcliekn\u00e9l ez a sz\u00e1m 1,6 milli\u00f3.<br \/>\n    M\u00fcller Cec\u00edlia az AstraZenaca olt\u00e1s\u00e1val kapcsolatban k\u00f6z\u00f6lte: az ENSZ eg\u00e9szs\u00e9g\u00fcgyi szervezete \u00e9s az eur\u00f3pai gy\u00f3gyszer\u00fcgyn\u00f6ks\u00e9g egyar\u00e1nt arra h\u00edvta fel a figyelmet: 17 milli\u00f3 beoltott k\u00f6z\u00f6tt mind\u00f6ssze 15 tromb\u00f3zis \u00e9s 22 t\u00fcd\u0151emb\u00f3lia fordult el\u0151. R\u00e1ad\u00e1sul nem is bizony\u00edtott, hogy a vakcina okozta a v\u00e9rr\u00f6gk\u00e9pz\u0151d\u00e9st, amely ugyanakkor \u00e9pp a koronav\u00edrus-fert\u0151z\u00e9snek lehet az egyik mell\u00e9khat\u00e1sa. Maga a fert\u0151z\u00e9s teh\u00e1t sokkal nagyobb kock\u00e1zatot jelent mint az olt\u00e1s mell\u00e9khat\u00e1sai -emelte ki.<br \/>\n<div class=\"ads-in-post1\"><div id=\"gazdasagportal.hu_fullbanner_wideboard\"><\/div>\r\n<\/div>\n    Az orsz\u00e1gos tisztif\u0151orvos arra is felh\u00edvta a figyelmet, hogy aki t\u00fcneteket \u00e9szlel mag\u00e1n, min\u00e9l hamarabb forduljon orvoshoz, mert akkor ker\u00fclheti el a k\u00f3rh\u00e1zi, net\u00e1n az intenz\u00edv kezel\u00e9st, ha id\u0151ben elkezdi a megfelel\u0151 gy\u00f3gyszeres ter\u00e1pi\u00e1t<br \/>\n    K\u00e9rd\u00e9sre v\u00e1laszolva M\u00fcller Cec\u00edlia elmondta, hogy aki \u00e1tesett a fert\u0151z\u00e9sen, annak a gy\u00f3gyul\u00e1sa ut\u00e1n 3 h\u00f3nappal javasolt az olt\u00e1s.(MTI)<\/p>\n","protected":false},"excerpt":{"rendered":"<p>A szennyv\u00edzvizsg\u00e1latok eredm\u00e9nyei azt mutatj\u00e1k, hogy a k\u00f6vetkez\u0151 hetekben a fert\u0151z\u00f6ttek sz\u00e1m\u00e1nak emelked\u00e9s\u00e9re kell sz\u00e1m\u00edtani &#8211; mondta az orsz\u00e1gos tisztif\u0151orvos a pand\u00e9mia elleni v\u00e9dekez\u00e9s\u00e9rt felel\u0151s operat\u00edv t\u00f6rzs keddi, online sajt\u00f3t\u00e1j\u00e9koztat\u00f3j\u00e1n.<\/p>\n","protected":false},"author":1001006,"featured_media":0,"comment_status":"closed","ping_status":"open","sticky":false,"template":"","format":"standard","meta":[],"categories":[4,427],"tags":[],"_links":{"self":[{"href":"https:\/\/gazdasagportal.hu\/index.php\/wp-json\/wp\/v2\/posts\/133883"}],"collection":[{"href":"https:\/\/gazdasagportal.hu\/index.php\/wp-json\/wp\/v2\/posts"}],"about":[{"href":"https:\/\/gazdasagportal.hu\/index.php\/wp-json\/wp\/v2\/types\/post"}],"author":[{"embeddable":true,"href":"https:\/\/gazdasagportal.hu\/index.php\/wp-json\/wp\/v2\/users\/1001006"}],"replies":[{"embeddable":true,"href":"https:\/\/gazdasagportal.hu\/index.php\/wp-json\/wp\/v2\/comments?post=133883"}],"version-history":[{"count":1,"href":"https:\/\/gazdasagportal.hu\/index.php\/wp-json\/wp\/v2\/posts\/133883\/revisions"}],"predecessor-version":[{"id":133884,"href":"https:\/\/gazdasagportal.hu\/index.php\/wp-json\/wp\/v2\/posts\/133883\/revisions\/133884"}],"wp:attachment":[{"href":"https:\/\/gazdasagportal.hu\/index.php\/wp-json\/wp\/v2\/media?parent=133883"}],"wp:term":[{"taxonomy":"category","embeddable":true,"href":"https:\/\/gazdasagportal.hu\/index.php\/wp-json\/wp\/v2\/categories?post=133883"},{"taxonomy":"post_tag","embeddable":true,"href":"https:\/\/gazdasagportal.hu\/index.php\/wp-json\/wp\/v2\/tags?post=133883"}],"curies":[{"name":"wp","href":"https:\/\/api.w.org\/{rel}","templated":true}]}}