{"id":133816,"date":"2021-03-12T16:17:59","date_gmt":"2021-03-12T15:17:59","guid":{"rendered":"http:\/\/gazdasagportal.hu\/?p=133816"},"modified":"2021-03-12T16:17:59","modified_gmt":"2021-03-12T15:17:59","slug":"elmaradt-a-szigorodo-korlatozasok-miatti-roham-az-elelmiszerlancoknal","status":"publish","type":"post","link":"https:\/\/gazdasagportal.hu\/index.php\/elmaradt-a-szigorodo-korlatozasok-miatti-roham-az-elelmiszerlancoknal\/","title":{"rendered":"Elmaradt a szigorod\u00f3 korl\u00e1toz\u00e1sok miatti roham az \u00e9lelmiszerl\u00e1ncokn\u00e1l"},"content":{"rendered":"<p><strong>Az \u00e1tlagoshoz k\u00e9pest n\u0151tt a forgalom, de a tavaly tavaszihoz hasonl\u00f3 nagy felv\u00e1s\u00e1rl\u00e1si roham nem volt az \u00fczletekben az elm\u00falt napokban; a m\u00e1rcius 15-i hossz\u00fa h\u00e9tv\u00e9ge miatt ugyanakkor a boltokban v\u00e1s\u00e1rl\u00e1si hull\u00e1mra sz\u00e1m\u00edtanak p\u00e9nteken \u00e9s szombaton &#8211; sz\u00e1moltak be az MTI-nek nyilatkoz\u00f3 \u00e9lelmiszerl\u00e1ncok.<\/strong><!--more--><\/p>\n<div class=\"ads-in-post1\"><div id=\"gazdasagportal.hu_fullbanner_wideboard\"><\/div>\r\n<\/div>\n<p>    Az \u00faj j\u00e1rv\u00e1ny\u00fcgyi int\u00e9zked\u00e9sek m\u00falt heti bejelent\u00e9se ut\u00e1n a forgalom n\u00f6veked\u00e9se meg sem k\u00f6zel\u00edtette a j\u00e1rv\u00e1ny els\u0151 hull\u00e1ma alatt tapasztalt m\u00e9rt\u00e9ket &#8211; fogalmazott az MTI k\u00e9rd\u00e9s\u00e9re a CBA kommunik\u00e1ci\u00f3s igazgat\u00f3ja. Fodor Attila elmondta: m\u00falt cs\u00fct\u00f6rt\u00f6k\u00f6n \u00e1tlagosan 10-15 sz\u00e1zal\u00e9kkal n\u0151tt a CBA boltjainak forgalma, p\u00e9nteken 20, szombaton pedig 30 sz\u00e1zal\u00e9kos volt a n\u00f6veked\u00e9s, de vas\u00e1rnap elkezdett cs\u00f6kkenni a v\u00e1s\u00e1rl\u00e1sok intenzit\u00e1sa, \u00e9s h\u00e9tf\u0151t\u0151l m\u00e1r csak kiss\u00e9 haladta meg a szok\u00e1sost. \u00dcnnepek el\u0151tt azonban mindig er\u0151s\u00f6dik a forgalom, erre most is sz\u00e1m\u00edtanak, de kiugr\u00f3 emelked\u00e9st nem v\u00e1rnak &#8211; jelezte.<br \/>\n    A kommunik\u00e1ci\u00f3s igazgat\u00f3 k\u00f6z\u00f6lte: v\u00e1ltoz\u00e1s volt az els\u0151 hull\u00e1mban tapasztaltakhoz k\u00e9pest, hogy akkor az alap\u00e9lelmiszerek ir\u00e1nt n\u0151tt meg kiugr\u00f3an a kereslet, most viszont a friss term\u00e9kek, k\u00fcl\u00f6n\u00f6sen a h\u00fas- \u00e9s hentes\u00e1ru \u00e9rt\u00e9kes\u00edt\u00e9se emelkedett t\u00f6bbsz\u00f6r\u00f6s\u00e9re, b\u00e1r az alap\u00e9lelmiszerekb\u0151l is t\u00f6bb fogyott az \u00e1tlagosn\u00e1l. Hangs\u00falyozta ugyanakkor, hogy nincs ok felv\u00e1s\u00e1rl\u00e1sokra, az ell\u00e1t\u00e1s folyamatos, a magasabb rakt\u00e1rk\u00e9szletek mellett a besz\u00e1ll\u00edt\u00f3k is teljes\u00edteni tudj\u00e1k a megrendel\u00e9seket.<br \/>\n<div class=\"ads-in-post2\"><script async src=\"https:\/\/pagead2.googlesyndication.com\/pagead\/js\/adsbygoogle.js\"><\/script>\r\n<ins class=\"adsbygoogle\"\r\n     style=\"display:block\"\r\n     data-ad-format=\"fluid\"\r\n     data-ad-layout-key=\"-6t+ed+2i-1n-4w\"\r\n     data-ad-client=\"ca-pub-1959107119989764\"\r\n     data-ad-slot=\"4008251320\"><\/ins>\r\n<script>\r\n     (adsbygoogle = window.adsbygoogle || []).push({});\r\n<\/script><\/div>\n    A Lidl a m\u00e1rcius 8-t\u00f3l \u00e9rv\u00e9nyes szigor\u00edt\u00e1sok m\u00falt cs\u00fct\u00f6rt\u00f6ki bejelent\u00e9s\u00e9t k\u00f6vet\u0151 k\u00e9t napban \u00e9rz\u00e9kelt forgalomn\u00f6veked\u00e9st. A kereslet most is a tart\u00f3s alap\u00e9lelmiszerek, a friss h\u00fasok, valamint a pap\u00edr\u00e1ru, p\u00e9ld\u00e1ul a WC-pap\u00edr ir\u00e1nt n\u0151tt meg. A tapasztalatok szerint a v\u00e1s\u00e1rl\u00f3k tudatosabban int\u00e9zik bev\u00e1s\u00e1rl\u00e1saikat, \u00edgy kisebb m\u00e9rt\u00e9k\u0171re tehet\u0151 a felhalmoz\u00e1sok ar\u00e1nya &#8211; k\u00f6z\u00f6lt\u00e9k.<br \/>\n    A m\u00e1rcius 15-i hossz\u00fa h\u00e9tv\u00e9ge miatt a Lidl \u00e9l\u00e9nk forgalomra sz\u00e1m\u00edt, ami v\u00e1rhat\u00f3an p\u00e9ntek d\u00e9lut\u00e1n \u00e9s szombaton lesz er\u0151sebb a megszokottn\u00e1l. Az \u00e1ruh\u00e1zl\u00e1nc szint\u00e9n azt javasolja, hogy a vev\u0151k ne halmozzanak fel feleslegesen sok \u00e9lelmiszert, mint jelezte, \u00e1ruh\u00e1zai \u00e1ruell\u00e1totts\u00e1ga biztos\u00edtott, az \u00e9lelmiszerek p\u00f3tl\u00e1sa \u00e9s a polcok felt\u00f6lt\u00e9se folyamatos.<br \/>\n    A Spar sem sz\u00e1molt be a j\u00e1rv\u00e1ny els\u0151 hull\u00e1ma alatt tapasztalthoz hasonl\u00f3 p\u00e1nikv\u00e1s\u00e1rl\u00e1sr\u00f3l. A v\u00e1llalat az MTI-vel azt k\u00f6z\u00f6lte, hogy egyes tart\u00f3s \u00e9lelmiszerek, p\u00e9ld\u00e1ul az \u00e9leszt\u0151 forgalma az \u00faj j\u00e1rv\u00e1ny\u00fcgyi int\u00e9zked\u00e9sek bejelent\u00e9se ut\u00e1n enyhe m\u00e9rt\u00e9kben n\u00f6veked\u00e9snek indult, ez a felfut\u00e1s vas\u00e1rnap reggelre azonban teljesen el is t\u0171nt. Mint jelezt\u00e9k, v\u00e1s\u00e1rl\u00e1si d\u00f6mpingre a tov\u00e1bbiakban sem sz\u00e1m\u00edtanak.<br \/>\n    A Spar t\u00e1j\u00e9koztat\u00e1sa szerint minden hossz\u00fa h\u00e9tv\u00e9ge el\u0151tt forgalomn\u00f6veked\u00e9st tapasztalnak, ez id\u00e9n sem lesz m\u00e1sk\u00e9pp, de val\u00f3sz\u00edn\u0171leg nem lesz olyan m\u00e9rt\u00e9k\u0171, mint a j\u00e1rv\u00e1ny el\u0151tti id\u0151kben. Az \u00e1ruh\u00e1zl\u00e1nc sem tapasztal fennakad\u00e1st az \u00e1ruell\u00e1t\u00e1sban.<br \/>\n<div class=\"ads-in-post1\"><div id=\"gazdasagportal.hu_fullbanner_wideboard\"><\/div>\r\n<\/div>\n    A Tesco az MTI-t arr\u00f3l t\u00e1j\u00e9koztatta, hogy a korl\u00e1toz\u00e1sok bejelent\u00e9se \u00f3ta nem \u00e9szleltek jelent\u0151s m\u00e9rt\u00e9k\u0171 forgalomn\u00f6veked\u00e9st, ugyanakkor a tart\u00f3s \u00e9lelmiszerek, az otthoni s\u00fct\u00e9s-f\u0151z\u00e9s hozz\u00e1val\u00f3i ir\u00e1nt valamivel nagyobb kereslet mutatkozott. A tapasztalatok azt mutatj\u00e1k, hogy a v\u00e1s\u00e1rl\u00f3k b\u00edznak a biztons\u00e1gos \u00e9lelmiszerell\u00e1t\u00e1sban \u00e9s nem \u00e9rzik sz\u00fcks\u00e9g\u00e9t nagyobb mennyis\u00e9gek beszerz\u00e9s\u00e9nek &#8211; hangs\u00falyozta a v\u00e1llalat.<br \/>\n    A Tesco jelezte, hogy &#8211; f\u00fcggetlen\u00fcl a v\u00edrushelyzett\u0151l &#8211; a hossz\u00fa h\u00e9tv\u00e9g\u00e9khez hasonl\u00f3an a mostani is gener\u00e1l majd n\u00e9mi forgalomemelked\u00e9st, de kiugr\u00f3 keresletre nem sz\u00e1m\u00edtanak.(MTI)<\/p>\n","protected":false},"excerpt":{"rendered":"<p>Az \u00e1tlagoshoz k\u00e9pest n\u0151tt a forgalom, de a tavaly tavaszihoz hasonl\u00f3 nagy felv\u00e1s\u00e1rl\u00e1si roham nem volt az \u00fczletekben az elm\u00falt napokban; a m\u00e1rcius 15-i hossz\u00fa h\u00e9tv\u00e9ge miatt ugyanakkor a boltokban v\u00e1s\u00e1rl\u00e1si hull\u00e1mra sz\u00e1m\u00edtanak p\u00e9nteken \u00e9s szombaton &#8211; sz\u00e1moltak be az MTI-nek nyilatkoz\u00f3 \u00e9lelmiszerl\u00e1ncok.<\/p>\n","protected":false},"author":1001007,"featured_media":0,"comment_status":"closed","ping_status":"open","sticky":false,"template":"","format":"standard","meta":[],"categories":[4,19,427],"tags":[],"_links":{"self":[{"href":"https:\/\/gazdasagportal.hu\/index.php\/wp-json\/wp\/v2\/posts\/133816"}],"collection":[{"href":"https:\/\/gazdasagportal.hu\/index.php\/wp-json\/wp\/v2\/posts"}],"about":[{"href":"https:\/\/gazdasagportal.hu\/index.php\/wp-json\/wp\/v2\/types\/post"}],"author":[{"embeddable":true,"href":"https:\/\/gazdasagportal.hu\/index.php\/wp-json\/wp\/v2\/users\/1001007"}],"replies":[{"embeddable":true,"href":"https:\/\/gazdasagportal.hu\/index.php\/wp-json\/wp\/v2\/comments?post=133816"}],"version-history":[{"count":1,"href":"https:\/\/gazdasagportal.hu\/index.php\/wp-json\/wp\/v2\/posts\/133816\/revisions"}],"predecessor-version":[{"id":133817,"href":"https:\/\/gazdasagportal.hu\/index.php\/wp-json\/wp\/v2\/posts\/133816\/revisions\/133817"}],"wp:attachment":[{"href":"https:\/\/gazdasagportal.hu\/index.php\/wp-json\/wp\/v2\/media?parent=133816"}],"wp:term":[{"taxonomy":"category","embeddable":true,"href":"https:\/\/gazdasagportal.hu\/index.php\/wp-json\/wp\/v2\/categories?post=133816"},{"taxonomy":"post_tag","embeddable":true,"href":"https:\/\/gazdasagportal.hu\/index.php\/wp-json\/wp\/v2\/tags?post=133816"}],"curies":[{"name":"wp","href":"https:\/\/api.w.org\/{rel}","templated":true}]}}